{"id":9858,"date":"2023-01-24T14:33:29","date_gmt":"2023-01-24T14:33:29","guid":{"rendered":"https:\/\/exciting-knuth.178-32-140-152.plesk.page\/sem-categoria\/missionario-in-amazonia\/"},"modified":"2025-10-01T10:46:19","modified_gmt":"2025-10-01T10:46:19","slug":"missionario-na-amazonia","status":"publish","type":"post","link":"https:\/\/www.donbosco.press\/pt-pt\/missoes\/missionario-na-amazonia\/","title":{"rendered":"Mission\u00e1rio na Amaz\u00f4nia"},"content":{"rendered":"\r\n<h2 class=\"wp-block-heading\"><span><i class=\"fas fa-arrow-right\"><\/i><\/span><strong><strong>Ser mission\u00e1rio na Amaz\u00f4nia \u00e9 deixar-se evangelizar pela floresta<\/strong><\/strong> <\/h2>\r\n\r\n\r\n\r\n<p><em><em>A beleza do povo ind\u00edgena do Rio Negro conquista os cora\u00e7\u00f5es e faz com que o pr\u00f3prio cora\u00e7\u00e3o mude, se dilate, se surpreenda e se identifique com essa terra, a ponto de ser imposs\u00edvel esquecer-se da &#8220;querida Amaz\u00f4nia&#8221;! Esta \u00e9 a experi\u00eancia de Leonardo, um jovem salesiano no cora\u00e7\u00e3o da Amaz\u00f4nia.<\/em><\/em><\/p>\r\n\r\n\r\n\r\n<p><strong><strong>Como surgiu no seu cora\u00e7\u00e3o a ideia ser mission\u00e1rio?<\/strong><\/strong><br>Durante muitos anos este desejo amadureceu dentro de mim ao ouvir os relatos de mission\u00e1rios salesianos, seus testemunhos de portadores do amor de Deus ao mundo. Sempre admirei esses irm\u00e3os, que, experimentando o amor divino em suas vidas, n\u00e3o podiam ficar calados; antes, sentiam-se impelidos a anunci\u00e1-lo aos outros, a fim de que tamb\u00e9m eles provassem quanto s\u00e3o amados por Deus. Foi assim que pedi para fazer uma experi\u00eancia nas miss\u00f5es salesianas da Amaz\u00f4nia entre os povos ind\u00edgenas. Em 2021 passei, ent\u00e3o, a viver e trabalhar como &#8220;tirocinante&#8221; na comunidade mission\u00e1ria de S\u00e3o Gabriel da Cachoeira, no Estado do Amazonas: foi uma verdadeira \u201cescola mission\u00e1ria\u201d, repleta de novas descobertas e experi\u00eancias, de desafios nunca pensados, enfrentando realidades at\u00e9 ent\u00e3o totalmente desconhecidas.<\/p>\r\n\r\n\r\n\r\n<div class=\"wp-block-media-text alignwide is-stacked-on-mobile\" style=\"grid-template-columns:47% auto\"><figure class=\"wp-block-media-text__media\"><img decoding=\"async\" src=\"\/wp-content\/uploads\/2022\/10\/missionario_in_amazonia_1.19-1024x686.jpg\" alt=\"\" class=\"wp-image-3336 size-full\"\/><\/figure><div class=\"wp-block-media-text__content\">\r\n<p><strong><strong>Quais foram suas primeiras impress\u00f5es ao chegar a uma terra desconhecida?<\/strong><\/strong><br>Desde o primeiro momento em que olhei pela janelinha do avi\u00e3o e vi aquela imensid\u00e3o de floresta e v\u00e1rios rios \u201ccaiu a ficha\u201d em minha mente: realmente estou na Amaz\u00f4nia! Assim como sempre vi na TV, a regi\u00e3o amaz\u00f4nica \u00e9 de uma beleza exuberante, com paisagens naturais bel\u00edssimas, verdadeiras obras-primas de Deus Criador. Outra primeira impress\u00e3o muito bonita \u00e9 ver tantos irm\u00e3os e irm\u00e3s ind\u00edgenas, com caracter\u00edsticas f\u00edsicas t\u00e3o marcantes, como a cor da pele, os olhos brilhantes e os cabelos pretos. Ver a diversidade e riqueza cultural da Amaz\u00f4nia \u00e9 fazer mem\u00f3ria viva da nossa hist\u00f3ria, lembrar a nossa origem como Brasil e compreender melhor quem somos enquanto povo.<\/p>\r\n<\/div><\/div>\r\n\r\n\r\n\r\n<p>&nbsp;<\/p>\r\n\r\n\r\n\r\n<p><strong><strong><strong>E por que a escolha da Amaz\u00f4nia? O que ela tem de particular para voc\u00ea?<\/strong><br><\/strong><\/strong>A Igreja, incluindo nossa Congrega\u00e7\u00e3o Salesiana, \u00e9 essencialmente mission\u00e1ria. Por\u00e9m, na regi\u00e3o Norte isso ganha ainda mais intensidade, porque os territ\u00f3rios s\u00e3o imensos; os acessos, geralmente pelo rio, s\u00e3o dif\u00edceis e caros; a diversidade cultural e lingu\u00edstica \u00e9 vasta e h\u00e1 uma enorme car\u00eancia de padres, religiosos e religiosas e outras lideran\u00e7as que possam levar adiante a evangeliza\u00e7\u00e3o e a presen\u00e7a da Igreja nessas terras. Por isso, existe muito trabalho e trabalho \u201cpesado\u201d, exigente&#8230; N\u00e3o \u00e9 apenas servi\u00e7o de visitas, prega\u00e7\u00f5es, celebra\u00e7\u00e3o dos Sacramentos, como pode se pensar da vida mission\u00e1ria, mas, \u00e9 partilhar da vida e dos trabalhos do povo, carregar peso, sentir na pr\u00f3pria pele a car\u00eancia, a exclus\u00e3o e o abandono do povo por parte dos pol\u00edticos; ficar horas na estrada ou no rio; sentir as picadas dos insetos; comer a comida do povo simples, \u201ctemperada\u201d com os temperos do amor, da partilha e da acolhida; escutar as hist\u00f3rias dos mais velhos, muitas vezes com palavras e express\u00f5es que n\u00e3o conhecemos bem; sujar os p\u00e9s e as roupas de lama, desatolar carro; ficar sem internet e, \u00e0s vezes, at\u00e9 sem energia el\u00e9trica&#8230; Tudo isso est\u00e1 envolvido com a vida salesiana mission\u00e1ria na Amaz\u00f4nia!<br><\/p>\r\n\r\n\r\n\r\n<p><strong><strong>Conte algo mais da obra salesiana onde voc\u00ea morou&#8230; O que fazem os Salesianos em favor dos jovens da regi\u00e3o?<\/strong><\/strong><br>Uma das finalidades de nossa comunidade salesiana em S\u00e3o Gabriel \u00e9 o Orat\u00f3rio e a Obra social: \u00e9 o p\u00e1tio salesiano, nosso trabalho direto com a juventude \u201cgabrielense\u201d que, diariamente, frequenta nosso Orat\u00f3rio e encontra em nossa casa um espa\u00e7o para brincar, se divertir e conviver de maneira saud\u00e1vel com seus amigos e colegas. Os jovens daqui amam o esporte, especialmente a paix\u00e3o nacional que \u00e9 o futebol. Como a cidade n\u00e3o oferece muitas op\u00e7\u00f5es de lazer e esporte, a garotada se faz presente em nossa obra durante todo o tempo que estamos em funcionamento e reclamam muito quando chega o hor\u00e1rio de encerrar as atividades do dia. Uma m\u00e9dia de 150 a 200 jovens passam por nossa obra diariamente. Al\u00e9m disso, o Centro Mission\u00e1rio Salesiano oferece cursos para os adolescentes e jovens, como inform\u00e1tica e padaria.<\/p>\r\n\r\n\r\n\r\n<div class=\"wp-block-media-text alignwide has-media-on-the-right is-stacked-on-mobile\" style=\"grid-template-columns:auto 42%\"><div class=\"wp-block-media-text__content\">\r\n<p><strong><strong>E se algum jovem, conhecendo a voc\u00eas, e gostando do carisma expressa o desejo de ser salesiano, ele tem como se formar?<\/strong><\/strong><br>Sim, j\u00e1 a alguns anos funciona tamb\u00e9m em nossa comunidade o \u201cCentro de Forma\u00e7\u00e3o ind\u00edgena\u201d (CFI), que visa acompanhar e acolher os jovens ind\u00edgenas de todas nossas comunidades mission\u00e1rias, que desejam fazer um acompanhamento vocacional e serem ajudados na elabora\u00e7\u00e3o de um Projeto de Vida. Esse acompanhamento constitui o Aspirantado Ind\u00edgena da Inspetoria Salesiana Mission\u00e1ria da Amaz\u00f4nia (ISMA). Al\u00e9m de oferecer esse itiner\u00e1rio formativo, o CFI oferece aulas de l\u00edngua portuguesa, Salesianidade, cursos de inform\u00e1tica e padaria, acompanhamento espiritual e psicol\u00f3gico e gradual inser\u00e7\u00e3o na vida salesiana. Realmente \u00e9 uma experi\u00eancia muito valorizada por eles, j\u00e1 que s\u00e3o os primeiros passos no caminho formativo e \u00e9 feito no seu ambiente, com seu povo, com o carinho e proximidade dos salesianos e dos leigos animadores.<\/p>\r\n<\/div><figure class=\"wp-block-media-text__media\"><img loading=\"lazy\" decoding=\"async\" width=\"1024\" height=\"768\" src=\"https:\/\/www.donbosco.press\/wp-content\/uploads\/2022\/10\/missionario_in_amazonia-13-1024x768.jpg\" alt=\"\" class=\"wp-image-4047 size-full\" srcset=\"https:\/\/www.donbosco.press\/wp-content\/uploads\/2022\/10\/missionario_in_amazonia-13-1024x768.jpg 1024w, https:\/\/www.donbosco.press\/wp-content\/uploads\/2022\/10\/missionario_in_amazonia-13-300x225.jpg 300w, https:\/\/www.donbosco.press\/wp-content\/uploads\/2022\/10\/missionario_in_amazonia-13-768x576.jpg 768w, https:\/\/www.donbosco.press\/wp-content\/uploads\/2022\/10\/missionario_in_amazonia-13-150x113.jpg 150w, https:\/\/www.donbosco.press\/wp-content\/uploads\/2022\/10\/missionario_in_amazonia-13-696x522.jpg 696w, https:\/\/www.donbosco.press\/wp-content\/uploads\/2022\/10\/missionario_in_amazonia-13-1068x801.jpg 1068w, https:\/\/www.donbosco.press\/wp-content\/uploads\/2022\/10\/missionario_in_amazonia-13-560x420.jpg 560w, https:\/\/www.donbosco.press\/wp-content\/uploads\/2022\/10\/missionario_in_amazonia-13-80x60.jpg 80w, https:\/\/www.donbosco.press\/wp-content\/uploads\/2022\/10\/missionario_in_amazonia-13-265x198.jpg 265w, https:\/\/www.donbosco.press\/wp-content\/uploads\/2022\/10\/missionario_in_amazonia-13.jpg 1080w\" sizes=\"auto, (max-width: 1024px) 100vw, 1024px\" \/><\/figure><\/div>\r\n\r\n\r\n\r\n<p><strong><strong>Voc\u00ea falou que existem outras comunidades mission\u00e1rias<\/strong><\/strong> <strong><strong>al\u00e9m de S\u00e3o Gabriel? Como \u00e9 isso? Como funciona o trabalho mission\u00e1rio no Rio Negro?<\/strong><\/strong><br>A nossa comunidade de S\u00e3o Gabriel, por ter mais conex\u00f5es e servi\u00e7os, \u00e9 a base e aquela que cuida a vincula\u00e7\u00e3o e a log\u00edstica com as nossas miss\u00f5es que ficam mais no interior, especialmente Maturac\u00e1 (com o povo Yanomami) e Iauaret\u00ea (no \u201ctri\u00e2ngulo tukano\u201d). Nessas realidades mission\u00e1rias, n\u00e3o existe com\u00e9rcio formal e, quando h\u00e1, os pre\u00e7os s\u00e3o extremamente elevados. Sendo assim, toda a compra de alimentos, produtos de higiene, materiais para reparos e combust\u00edvel para as embarca\u00e7\u00f5es usadas nas \u201citiner\u00e2ncias\u201d (visitas pastorais \u00e0s comunidades ribeirinhas) e para a produ\u00e7\u00e3o de energia el\u00e9trica via gerador, s\u00e3o realizadas em S\u00e3o Gabriel e, depois, enviadas por n\u00f3s, via transporte fluvial, at\u00e9 essas localidades. Trata-se de um trabalho bra\u00e7al bastante intenso, porque temos que comprar e, depois, carregar muito peso at\u00e9 as embarca\u00e7\u00f5es que v\u00e3o levar esses produtos para os nossos irm\u00e3os viverem e trabalharem nas outras miss\u00f5es. Carregamos sacos de alimento, caixas de isopor com carnes e v\u00e1rios \u201ccarotes\u201d (vasilhames de pl\u00e1stico para transporte de l\u00edquidos) de 50L de combust\u00edvel cada. Al\u00e9m disso, nossa casa tem v\u00e1rios quartos, sempre dispon\u00edveis e preparados para hospedar os irm\u00e3os mission\u00e1rios que est\u00e3o de passagem por S\u00e3o Gabriel, seja indo ou voltando das demais miss\u00f5es. \u00c9 um verdadeiro trabalho de assist\u00eancia e em rede.<\/p>\r\n\r\n\r\n\r\n<p><strong><strong>E dessas &#8220;itiner\u00e2ncias&#8221; pelos rios, lembra de alguma experi\u00eancia mais forte?<\/strong><\/strong><br>Sim, claro, em rela\u00e7\u00e3o \u00e0s \u201citiner\u00e2ncias\u201d, uma experi\u00eancia que me marcou profundamente, foi a itiner\u00e2ncia em <strong>Maturac\u00e1<\/strong>. Vivemos dias de profunda experi\u00eancia do encontro com Deus mediante o encontro com o outro, com o diferente de n\u00f3s, com o nosso pr\u00f3ximo, porque fizemos a visita pastoral, conhecida como itiner\u00e2ncia, \u00e0s comunidades do povo Yanomami.<\/p>\r\n\r\n\r\n\r\n<div class=\"wp-block-media-text alignwide is-stacked-on-mobile\" style=\"grid-template-columns:45% auto\"><figure class=\"wp-block-media-text__media\"><img loading=\"lazy\" decoding=\"async\" width=\"1024\" height=\"768\" src=\"https:\/\/www.donbosco.press\/wp-content\/uploads\/2022\/10\/missionario_in_amazonia-02-1024x768.jpg\" alt=\"\" class=\"wp-image-4096 size-full\" srcset=\"https:\/\/www.donbosco.press\/wp-content\/uploads\/2022\/10\/missionario_in_amazonia-02-1024x768.jpg 1024w, https:\/\/www.donbosco.press\/wp-content\/uploads\/2022\/10\/missionario_in_amazonia-02-300x225.jpg 300w, https:\/\/www.donbosco.press\/wp-content\/uploads\/2022\/10\/missionario_in_amazonia-02-768x576.jpg 768w, https:\/\/www.donbosco.press\/wp-content\/uploads\/2022\/10\/missionario_in_amazonia-02-150x113.jpg 150w, https:\/\/www.donbosco.press\/wp-content\/uploads\/2022\/10\/missionario_in_amazonia-02-696x522.jpg 696w, https:\/\/www.donbosco.press\/wp-content\/uploads\/2022\/10\/missionario_in_amazonia-02-1068x801.jpg 1068w, https:\/\/www.donbosco.press\/wp-content\/uploads\/2022\/10\/missionario_in_amazonia-02-560x420.jpg 560w, https:\/\/www.donbosco.press\/wp-content\/uploads\/2022\/10\/missionario_in_amazonia-02-80x60.jpg 80w, https:\/\/www.donbosco.press\/wp-content\/uploads\/2022\/10\/missionario_in_amazonia-02-265x198.jpg 265w, https:\/\/www.donbosco.press\/wp-content\/uploads\/2022\/10\/missionario_in_amazonia-02.jpg 1080w\" sizes=\"auto, (max-width: 1024px) 100vw, 1024px\" \/><\/figure><div class=\"wp-block-media-text__content\">\r\n<p>Visitamos, al\u00e9m da sede da Miss\u00e3o salesiana, em Maturac\u00e1, mais seis comunidades (Nazar\u00e9, Cachoeirinha, Aiari, Mai\u00e1, Marvim e Inamb\u00fa). Foram dias intensos e bastante desafiadores. Primeiro porque cada comunidade est\u00e1 bem distante uma da outra e o acesso s\u00f3 \u00e9 poss\u00edvel atrav\u00e9s dos rios da nossa querida Amaz\u00f4nia, percorridos num bote com motor (chamado de \u201cvoadeira\u201d), debaixo de sol forte ou chuva intensa. Segundo, s\u00e3o comunidades Yanomami tradicionais, ent\u00e3o, o choque cultura \u00e9 inevit\u00e1vel, pois s\u00e3o h\u00e1bitos, costumes e modos de vida completamente diferentes de n\u00f3s, n\u00e3o-ind\u00edgenas. Terceiro, tem os desafios pr\u00e1ticos, como a falta de energia el\u00e9trica 24h, nenhum sinal telef\u00f4nico, pouca oferta e variedade de comida, banhar-se e lavar roupas no rio, conviver com os insetos e outros animais da floresta&#8230; Um verdadeiro &#8220;mergulho&#8221; antropol\u00f3gico e espiritual. Celebramos a Eucaristia em todas as comunidades e v\u00e1rios batizados em algumas delas, fizemos visitas \u00e0s fam\u00edlias e orat\u00f3rio com as crian\u00e7as. \u00c9 uma experi\u00eancia fant\u00e1stica de encontro, dias especiais, dias de gratid\u00e3o, dias de retorno ao mais essencial da nossa f\u00e9 e da nossa Espiritualidade Juvenil Salesiana: o amor por Jesus, fruto do nosso encontro pessoal com Ele, e o amor pelo pr\u00f3ximo, que se manifesta no desejo de estar com ele e se fazer amigo dele.<\/p>\r\n<\/div><\/div>\r\n\r\n\r\n\r\n<p><strong><strong>Essa &#8220;itiner\u00e2ncia&#8221; marcante, sem d\u00favida deixou muita aprendizagem para sua vida, n\u00e3o \u00e9?<\/strong><br><\/strong>A itiner\u00e2ncia \u00e9 uma verdadeira \u201cescola\u201d e nos d\u00e1 li\u00e7\u00f5es de vida: despojamento, porque quanto mais \u201ccoisas\u201d vamos acumulando mais \u201cpesada\u201d se torna a caminhada; viver o presente, porque no meio da Amaz\u00f4nia, sem acesso a meios de informa\u00e7\u00e3o, o \u00fanico contato \u00e9 com a realidade atual, aquela que est\u00e1 ao redor, a floresta, o rio, o c\u00e9u, o bote; gratuidade, porque enfrentamos dificuldades e cansa\u00e7os sem esperar gestos de gratid\u00e3o humana. Enfim, a itiner\u00e2ncia geogr\u00e1fica nos leva para uma \u201citiner\u00e2ncia interior\u201d, para uma convers\u00e3o, um retorno ao essencial da vida e da f\u00e9. Navegar pelos rios da Amaz\u00f4nia \u00e9 navegar para rios interiores.\u00a0 Estar nas miss\u00f5es \u00e9 ser constantemente provocado a libertar-se de ideias pr\u00e9-concebidas e r\u00edgidas para ser mais livre para amar e acolher o outro e lhe anunciar a alegria do Evangelho.<br><br>Uma li\u00e7\u00e3o muito especial que aprendo todos os dias nas miss\u00f5es \u00e9 que, para ser um bom mission\u00e1rio devo ser algu\u00e9m profundamente marcado e alcan\u00e7ado pelo amor misericordioso de Deus e, somente a partir dessa experi\u00eancia, posso me dispor a \u201clevar\u201d e \u201cmostrar\u201d, em todas as partes, como Deus nos ama e pode transformar a nossa vida inteira. Aprendo tamb\u00e9m que, sendo mission\u00e1rio, levo e mostro esse amor, primeiro, com minha pr\u00f3pria vida entregue \u00e0 miss\u00e3o. Sem dizer palavra alguma, com o simples fato de deixar minhas origens e abra\u00e7ar novas culturas, posso revelar que o amor de Deus vale muito mais do que tudo aquilo que consideramos valioso em nossa vida. Portanto, a vida do mission\u00e1rio \u00e9 seu primeiro e maior testemunho e an\u00fancio!<br><br><strong><strong>Voc\u00ea viveu esta experi\u00eancia missionaria, mas pode-se dizer que tamb\u00e9m voc\u00ea foi evangelizado? O que gerou satisfa\u00e7\u00e3o no seu cora\u00e7\u00e3o?<\/strong><br><\/strong>Enfim, estando em S\u00e3o Gabriel, munic\u00edpio mais ind\u00edgena do Brasil, \u201clar\u201d de 23 etnias, pluricultural e multilingu\u00edstico, percebo diariamente que, ao nos chamar para ser mission\u00e1rios e mission\u00e1rias, Deus nos chama para sermos capazes de nos encantar diante da beleza e do mist\u00e9rio que \u00e9 cada pessoa e cada cultura do nosso mundo. Por isso, seguindo o exemplo do Mestre Jesus, mission\u00e1rio do Pai, n\u00f3s somos chamados a \u201cesvaziar-nos\u201d de tudo para \u201cpreenchermo-nos\u201d das belezas e maravilhas presentes em todos os cantos da Terra e associar a elas a preciosidade do Evangelho. Esta foi das viv\u00eancias mais profundas para mim.<br><br>No fim disso tudo, acredito que a satisfa\u00e7\u00e3o vem do sorriso e dos gritos dos nossos meninos e meninas brincando, correndo, pulando, jogando bola, contando suas piadas; vem dos olhares curiosos e brilhantes dos homens e mulheres da floresta; a alegria vem do contemplar a beleza da natureza, a generosidade do povo e a perseveran\u00e7a dos crist\u00e3os e crist\u00e3s que ficam, \u00e0s vezes, meses sem a presen\u00e7a de um sacerdote, mas, olham e tocam com amor e devo\u00e7\u00e3o os pezinhos da pequena imagem de Nossa Senhora ou a cruz l\u00e1 do altar. Nas miss\u00f5es salesianas do Rio Negro se aprende a viver sem os excessos, a valorizar a simplicidade e se alegrar com as coisas pequenas da vida. Tudo aqui se torna festa, dan\u00e7a, m\u00fasica, celebra\u00e7\u00e3o, f\u00e9&#8230; Aqui vive-se naquela mesma pobreza e simplicidade dos in\u00edcios de Valdocco, onde viveram e se santificaram Dom Bosco, Mam\u00e3e Margarida, o menino S\u00e1vio, P. Rua e tantos outros. Estar na Amaz\u00f4nia com certeza nos enriquece muito como gente, crist\u00e3o e Salesianos de Dom Bosco!<br><\/p>\r\n\r\n\r\n\r\n<p><em>Entrevista do P. Gabriel ROMERO, com o jovem salesiano Leonardo Tadeu DA SILVA OLIVEIRA, da Inspetoria S\u00e3o Jo\u00e3o Bosco com sede em Belo Horizonte, Minas Gerais, Brasil<\/em>.<\/p>\r\n\r\n\r\n\r\n<style>\r\nbody {\r\n  font-family: Arial;\r\n  margin: 0;\r\n  position: center;\r\n}\r\n\r\n* {\r\n  box-sizing: border-box;\r\n}\r\n\r\nimg {\r\n  vertical-align: middle;\r\n  display: block;\r\n  margin-left: auto;\r\n  margin-right: auto;\r\n}\r\n\r\n\/* Position the image container (needed to position the left and right arrows) *\/\r\n.container {\r\n  position: relative;\r\n}\r\n\r\n\/* Hide the images by default *\/\r\n.mySlides {\r\n  display: none;\r\n}\r\n\r\n\/* Add a pointer when hovering over the thumbnail images *\/\r\n.cursor {\r\n  cursor: pointer;\r\n}\r\n\r\n\/* Next & previous buttons *\/\r\n.prev,\r\n.next {\r\n  cursor: pointer;\r\n  position: absolute;\r\n  top: 40%;\r\n  width: auto;\r\n  padding: 16px;\r\n  margin-top: -50px;\r\n  color: DimGrey;\r\n  font-weight: bold;\r\n  font-size: 40px;\r\n  border-radius: 0 3px 3px 0;\r\n  user-select: none;\r\n  -webkit-user-select: none;\r\n}\r\n\r\n\/* Position the \"next button\" to the right *\/\r\n.next {\r\n  right: 0;\r\n  border-radius: 3px 0 0 3px;\r\n}\r\n\r\n\/* On hover, add a black background color with a little bit see-through *\/\r\n.prev:hover,\r\n.next:hover {\r\n  background-color: rgba(0, 0, 0, 0.8);\r\n}\r\n\r\n\/* Number text (1\/3 etc) *\/\r\n.numbertext {\r\n  color: #f2f2f2;\r\n  font-size: 12px;\r\n  padding: 8px 12px;\r\n  position: absolute;\r\n  top: 0;\r\n}\r\n\r\n\/* Container for image text *\/\r\n.caption-container {\r\n  text-align: center;\r\n  background-color: #222;\r\n  padding: 2px 16px;\r\n  color: white;\r\n}\r\n\r\n.row:after {\r\n  content: \"\";\r\n  display: table;\r\n  clear: both;\r\n}\r\n\r\n\/* Six columns side by side *\/\r\n.column {\r\n  float: left;\r\n  width: 16.66%;\r\n}\r\n\r\n\/* Add a transparency effect for thumnbail images *\/\r\n.demo {\r\n  opacity: 0.6;\r\n}\r\n\r\n.active,\r\n.demo:hover {\r\n  opacity: 1;\r\n}#caption {color:#fff}\r\n<\/style>\r\n\r\n\r\n<h2 style=\"text-align:center; color:white; background-color:DimGrey;\">Galeria de fotos da Amaz\u00f4nia<\/h2>\r\n\r\n<div class=\"container\">\r\n\r\n  <div class=\"mySlides\">\r\n    <div class=\"numbertext\">1 \/ 18<\/div>\r\n    <img decoding=\"async\" src=\"\/wp-content\/uploads\/2022\/10\/missionario_in_amazonia-01.jpg\" style=\"width:66%\">\r\n  <\/div>\r\n\r\n  <div class=\"mySlides\">\r\n    <div class=\"numbertext\">2 \/ 18<\/div>\r\n    <img decoding=\"async\" src=\"\/wp-content\/uploads\/2022\/10\/missionario_in_amazonia-02.jpg\" style=\"width:66%\">\r\n  <\/div>\r\n\r\n  <div class=\"mySlides\">\r\n    <div class=\"numbertext\">3 \/ 18<\/div>\r\n    <img decoding=\"async\" src=\"\/wp-content\/uploads\/2022\/10\/missionario_in_amazonia-03.jpg\" style=\"width:66%\">\r\n  <\/div>\r\n    \r\n  <div class=\"mySlides\">\r\n    <div class=\"numbertext\">4 \/ 18<\/div>\r\n    <img decoding=\"async\" src=\"\/wp-content\/uploads\/2022\/10\/missionario_in_amazonia-04.jpg\" style=\"width:66%\">\r\n  <\/div>\r\n\r\n  <div class=\"mySlides\">\r\n    <div class=\"numbertext\">5 \/ 18<\/div>\r\n    <img decoding=\"async\" src=\"\/wp-content\/uploads\/2022\/10\/missionario_in_amazonia-05.jpg\" style=\"width:66%\">\r\n  <\/div>\r\n    \r\n  <div class=\"mySlides\">\r\n    <div class=\"numbertext\">6 \/ 18<\/div>\r\n    <img decoding=\"async\" src=\"\/wp-content\/uploads\/2022\/10\/missionario_in_amazonia-06.jpg\" style=\"width:66%\">\r\n  <\/div>\r\n\r\n  <div class=\"mySlides\">\r\n  <div class=\"numbertext\">7 \/ 18<\/div>\r\n    <img decoding=\"async\" src=\"\/wp-content\/uploads\/2022\/10\/missionario_in_amazonia-07.jpg\" style=\"width:66%\">\r\n  <\/div>\r\n\r\n  <div class=\"mySlides\">\r\n    <div class=\"numbertext\">8 \/ 18<\/div>\r\n    <img decoding=\"async\" src=\"\/wp-content\/uploads\/2022\/10\/missionario_in_amazonia-08.jpg\" style=\"width:66%\">\r\n  <\/div>\r\n\r\n  <div class=\"mySlides\">\r\n    <div class=\"numbertext\">9 \/ 18<\/div>\r\n    <img decoding=\"async\" src=\"\/wp-content\/uploads\/2022\/10\/missionario_in_amazonia-09.jpg\" style=\"width:66%\">\r\n  <\/div>\r\n    \r\n  <div class=\"mySlides\">\r\n    <div class=\"numbertext\">10 \/ 18<\/div>\r\n    <img decoding=\"async\" src=\"\/wp-content\/uploads\/2022\/10\/missionario_in_amazonia-10.jpg\" style=\"width:66%\">\r\n  <\/div>\r\n\r\n  <div class=\"mySlides\">\r\n    <div class=\"numbertext\">11 \/ 18<\/div>\r\n    <img decoding=\"async\" src=\"\/wp-content\/uploads\/2022\/10\/missionario_in_amazonia-11.jpg\" style=\"width:66%\">\r\n  <\/div>\r\n    \r\n  <div class=\"mySlides\">\r\n    <div class=\"numbertext\">12 \/ 18<\/div>\r\n    <img decoding=\"async\" src=\"\/wp-content\/uploads\/2022\/10\/missionario_in_amazonia-12.jpg\" style=\"width:66%\">\r\n  <\/div>  \r\n\r\n  <div class=\"mySlides\">\r\n    <div class=\"numbertext\">13 \/ 18<\/div>\r\n    <img decoding=\"async\" src=\"\/wp-content\/uploads\/2022\/10\/missionario_in_amazonia-13.jpg\" style=\"width:66%\">\r\n  <\/div>\r\n\r\n  <div class=\"mySlides\">\r\n    <div class=\"numbertext\">14 \/ 18<\/div>\r\n    <img decoding=\"async\" src=\"\/wp-content\/uploads\/2022\/10\/missionario_in_amazonia-14.jpg\" style=\"width:66%\">\r\n  <\/div>\r\n\r\n  <div class=\"mySlides\">\r\n    <div class=\"numbertext\">15 \/ 18<\/div>\r\n    <img decoding=\"async\" src=\"\/wp-content\/uploads\/2022\/10\/missionario_in_amazonia-15.jpg\" style=\"width:66%\">\r\n  <\/div>\r\n    \r\n  <div class=\"mySlides\">\r\n    <div class=\"numbertext\">16 \/ 18<\/div>\r\n    <img decoding=\"async\" src=\"\/wp-content\/uploads\/2022\/10\/missionario_in_amazonia-16.jpg\" style=\"width:66%\">\r\n  <\/div>\r\n\r\n  <div class=\"mySlides\">\r\n    <div class=\"numbertext\">17 \/ 18<\/div>\r\n    <img decoding=\"async\" src=\"\/wp-content\/uploads\/2022\/10\/missionario_in_amazonia-17.jpg\" style=\"width:66%\">\r\n  <\/div>\r\n  <div class=\"mySlides\">\r\n    <div class=\"numbertext\">18 \/ 18<\/div>\r\n    <img decoding=\"async\" src=\"\/wp-content\/uploads\/2022\/10\/missionario_in_amazonia-18.2.jpg\" style=\"width:66%\">\r\n  <\/div>\r\n\r\n  <a class=\"prev\" onclick=\"plusSlides(-1)\">\u276e<\/a>\r\n  <a class=\"next\" onclick=\"plusSlides(1)\">\u276f<\/a>\r\n\r\n  <div class=\"caption-container\">\r\n    <p id=\"caption\"><\/p>\r\n  <\/div>\r\n  \r\n  <div class=\"row\">\r\n    <div class=\"column\">\r\n      <img decoding=\"async\" class=\"demo cursor\" src=\"\/wp-content\/uploads\/2022\/10\/missionario_in_amazonia-01.jpg\" style=\"width:100%\" onclick=\"currentSlide(1)\" alt=\"Mission\u00e1rio na Amaz\u00f4nia\">\r\n    <\/div>\r\n    <div class=\"column\">\r\n      <img decoding=\"async\" class=\"demo cursor\" src=\"\/wp-content\/uploads\/2022\/10\/missionario_in_amazonia-02.jpg\" style=\"width:100%\" onclick=\"currentSlide(2)\" alt=\"Mission\u00e1rio na Amaz\u00f4nia\">\r\n    <\/div>\r\n    <div class=\"column\">\r\n      <img decoding=\"async\" class=\"demo cursor\" src=\"\/wp-content\/uploads\/2022\/10\/missionario_in_amazonia-03.jpg\" style=\"width:100%\" onclick=\"currentSlide(3)\" alt=\"Mission\u00e1rio na Amaz\u00f4nia\">\r\n    <\/div>\r\n    <div class=\"column\">\r\n      <img decoding=\"async\" class=\"demo cursor\" src=\"\/wp-content\/uploads\/2022\/10\/missionario_in_amazonia-04.jpg\" style=\"width:100%\" onclick=\"currentSlide(4)\" alt=\"Mission\u00e1rio na Amaz\u00f4nia\">\r\n    <\/div>\r\n    <div class=\"column\">\r\n      <img decoding=\"async\" class=\"demo cursor\" src=\"\/wp-content\/uploads\/2022\/10\/missionario_in_amazonia-05.jpg\" style=\"width:100%\" onclick=\"currentSlide(5)\" alt=\"Mission\u00e1rio na Amaz\u00f4nia\">\r\n    <\/div>    \r\n    <div class=\"column\">\r\n      <img decoding=\"async\" class=\"demo cursor\" src=\"\/wp-content\/uploads\/2022\/10\/missionario_in_amazonia-06.jpg\" style=\"width:100%\" onclick=\"currentSlide(6)\" alt=\"Mission\u00e1rio na Amaz\u00f4nia\">\r\n    <\/div>\r\n    <div class=\"column\">\r\n      <img decoding=\"async\" class=\"demo cursor\" src=\"\/wp-content\/uploads\/2022\/10\/missionario_in_amazonia-07.jpg\" style=\"width:100%\" onclick=\"currentSlide(7)\" alt=\"Mission\u00e1rio na Amaz\u00f4nia\">\r\n    <\/div>\r\n    <div class=\"column\">\r\n      <img decoding=\"async\" class=\"demo cursor\" src=\"\/wp-content\/uploads\/2022\/10\/missionario_in_amazonia-08.jpg\" style=\"width:100%\" onclick=\"currentSlide(8)\" alt=\"Mission\u00e1rio na Amaz\u00f4nia\">\r\n    <\/div>\r\n    <div class=\"column\">\r\n      <img decoding=\"async\" class=\"demo cursor\" src=\"\/wp-content\/uploads\/2022\/10\/missionario_in_amazonia-09.jpg\" style=\"width:100%\" onclick=\"currentSlide(9)\" alt=\"Mission\u00e1rio na Amaz\u00f4nia\">\r\n    <\/div>\r\n    <div class=\"column\">\r\n      <img decoding=\"async\" class=\"demo cursor\" src=\"\/wp-content\/uploads\/2022\/10\/missionario_in_amazonia-10.jpg\" style=\"width:100%\" onclick=\"currentSlide(10)\" alt=\"Mission\u00e1rio na Amaz\u00f4nia\">\r\n    <\/div>\r\n    <div class=\"column\">\r\n      <img decoding=\"async\" class=\"demo cursor\" src=\"\/wp-content\/uploads\/2022\/10\/missionario_in_amazonia-11.jpg\" style=\"width:100%\" onclick=\"currentSlide(11)\" alt=\"Mission\u00e1rio na Amaz\u00f4nia\">\r\n    <\/div>    \r\n    <div class=\"column\">\r\n      <img decoding=\"async\" class=\"demo cursor\" src=\"\/wp-content\/uploads\/2022\/10\/missionario_in_amazonia-12.jpg\" style=\"width:100%\" onclick=\"currentSlide(12)\" alt=\"Mission\u00e1rio na Amaz\u00f4nia\">\r\n    <\/div>\r\n    <div class=\"column\">\r\n      <img decoding=\"async\" class=\"demo cursor\" src=\"\/wp-content\/uploads\/2022\/10\/missionario_in_amazonia-13.jpg\" style=\"width:100%\" onclick=\"currentSlide(13)\" alt=\"Mission\u00e1rio na Amaz\u00f4nia\">\r\n    <\/div>\r\n    <div class=\"column\">\r\n      <img decoding=\"async\" class=\"demo cursor\" src=\"\/wp-content\/uploads\/2022\/10\/missionario_in_amazonia-14.jpg\" style=\"width:100%\" onclick=\"currentSlide(14)\" alt=\"Mission\u00e1rio na Amaz\u00f4nia\">\r\n    <\/div>\r\n    <div class=\"column\">\r\n      <img decoding=\"async\" class=\"demo cursor\" src=\"\/wp-content\/uploads\/2022\/10\/missionario_in_amazonia-15.jpg\" style=\"width:100%\" onclick=\"currentSlide(15)\" alt=\"Mission\u00e1rio na Amaz\u00f4nia\">\r\n    <\/div>\r\n    <div class=\"column\">\r\n      <img decoding=\"async\" class=\"demo cursor\" src=\"\/wp-content\/uploads\/2022\/10\/missionario_in_amazonia-16.jpg\" style=\"width:100%\" onclick=\"currentSlide(16)\" alt=\"Mission\u00e1rio na Amaz\u00f4nia\">\r\n    <\/div>\r\n    <div class=\"column\">\r\n      <img decoding=\"async\" class=\"demo cursor\" src=\"\/wp-content\/uploads\/2022\/10\/missionario_in_amazonia-17.jpg\" style=\"width:100%\" onclick=\"currentSlide(17)\" alt=\"Mission\u00e1rio na Amaz\u00f4nia\">\r\n    <\/div>    \r\n    <div class=\"column\">\r\n      <img decoding=\"async\" class=\"demo cursor\" src=\"\/wp-content\/uploads\/2022\/10\/missionario_in_amazonia-18.2.jpg\" style=\"width:100%\" onclick=\"currentSlide(18)\" alt=\"Mission\u00e1rio na Amaz\u00f4nia\">\r\n    <\/div>\r\n  <\/div>\r\n<\/div>\r\n\r\n<script>\r\nlet slideIndex = 1;\r\nshowSlides(slideIndex);\r\n\r\nfunction plusSlides(n) {\r\n  showSlides(slideIndex += n);\r\n}\r\n\r\nfunction currentSlide(n) {\r\n  showSlides(slideIndex = n);\r\n}\r\n\r\nfunction showSlides(n) {\r\n  let i;\r\n  let slides = document.getElementsByClassName(\"mySlides\");\r\n  let dots = document.getElementsByClassName(\"demo\");\r\n  let captionText = document.getElementById(\"caption\");\r\n  if (n > slides.length) {slideIndex = 1}\r\n  if (n < 1) {slideIndex = slides.length}\r\n  for (i = 0; i < slides.length; i++) {\r\n    slides[i].style.display = \"none\";\r\n  }\r\n  for (i = 0; i < dots.length; i++) {\r\n    dots[i].className = dots[i].className.replace(\" active\", \"\");\r\n  }\r\n  slides[slideIndex-1].style.display = \"block\";\r\n  dots[slideIndex-1].className += \" active\";\r\n  captionText.innerHTML = dots[slideIndex-1].alt;\r\n}\r\n<\/script>\r\n","protected":false},"excerpt":{"rendered":"<p>Ser mission\u00e1rio na Amaz\u00f4nia \u00e9 deixar-se evangelizar pela floresta A beleza do povo ind\u00edgena do&#8230;<\/p>\n","protected":false},"author":1,"featured_media":3787,"comment_status":"closed","ping_status":"open","sticky":false,"template":"","format":"standard","meta":{"iawp_total_views":19,"footnotes":""},"categories":[171],"tags":[2561,1851,1893,2226],"class_list":["post-9858","post","type-post","status-publish","format-standard","has-post-thumbnail","hentry","category-missoes","tag-carisma-salesiano","tag-entrevistas","tag-missoes","tag-salesianos"],"_links":{"self":[{"href":"https:\/\/www.donbosco.press\/pt-pt\/wp-json\/wp\/v2\/posts\/9858","targetHints":{"allow":["GET"]}}],"collection":[{"href":"https:\/\/www.donbosco.press\/pt-pt\/wp-json\/wp\/v2\/posts"}],"about":[{"href":"https:\/\/www.donbosco.press\/pt-pt\/wp-json\/wp\/v2\/types\/post"}],"author":[{"embeddable":true,"href":"https:\/\/www.donbosco.press\/pt-pt\/wp-json\/wp\/v2\/users\/1"}],"replies":[{"embeddable":true,"href":"https:\/\/www.donbosco.press\/pt-pt\/wp-json\/wp\/v2\/comments?post=9858"}],"version-history":[{"count":2,"href":"https:\/\/www.donbosco.press\/pt-pt\/wp-json\/wp\/v2\/posts\/9858\/revisions"}],"predecessor-version":[{"id":45730,"href":"https:\/\/www.donbosco.press\/pt-pt\/wp-json\/wp\/v2\/posts\/9858\/revisions\/45730"}],"wp:featuredmedia":[{"embeddable":true,"href":"https:\/\/www.donbosco.press\/pt-pt\/wp-json\/wp\/v2\/media\/3787"}],"wp:attachment":[{"href":"https:\/\/www.donbosco.press\/pt-pt\/wp-json\/wp\/v2\/media?parent=9858"}],"wp:term":[{"taxonomy":"category","embeddable":true,"href":"https:\/\/www.donbosco.press\/pt-pt\/wp-json\/wp\/v2\/categories?post=9858"},{"taxonomy":"post_tag","embeddable":true,"href":"https:\/\/www.donbosco.press\/pt-pt\/wp-json\/wp\/v2\/tags?post=9858"}],"curies":[{"name":"wp","href":"https:\/\/api.w.org\/{rel}","templated":true}]}}