{"id":54580,"date":"2026-09-01T06:04:38","date_gmt":"2026-09-01T06:04:38","guid":{"rendered":"https:\/\/www.donbosco.press\/?p=54580"},"modified":"2026-09-01T06:05:12","modified_gmt":"2026-09-01T06:05:12","slug":"tempo-da-criacao-1o-de-setembro-4-de-outubro","status":"publish","type":"post","link":"https:\/\/www.donbosco.press\/pt-pt\/pastoral-juvenil\/tempo-da-criacao-1o-de-setembro-4-de-outubro\/","title":{"rendered":"Tempo da Cria\u00e7\u00e3o: 1\u00ba de setembro \u2013 4 de outubro"},"content":{"rendered":"<p><em><i>De 1\u00ba de setembro a 4 de outubro, do Dia de Ora\u00e7\u00e3o pelo Cuidado da Cria\u00e7\u00e3o \u00e0 festa de S\u00e3o Francisco de Assis, as comunidades crist\u00e3s de todo o mundo celebram o Tempo da Cria\u00e7\u00e3o. O tema de 2026, \u00ab\u00c1gua viva\u00bb, nasce da vis\u00e3o de Ezequiel: um rio que brota do santu\u00e1rio de Deus e cura a terra. Uma imagem de esperan\u00e7a que contrasta com a realidade de hoje, onde uma em cada quatro pessoas n\u00e3o tem acesso a \u00e1gua pot\u00e1vel segura e ecossistemas aqu\u00e1ticos inteiros est\u00e3o entrando em colapso. Para a Fam\u00edlia Salesiana \u00e9 uma ocasi\u00e3o preciosa: educar os jovens \u2013 os mais afetados pela ansiedade ecol\u00f3gica, os menos respons\u00e1veis pela crise \u2013 a se tornarem guardi\u00f5es da cria\u00e7\u00e3o, atrav\u00e9s da ora\u00e7\u00e3o, da convers\u00e3o do estilo de vida e de a\u00e7\u00f5es concretas.<\/i><\/em><\/p>\n<p>&nbsp;<\/p>\n<p>&nbsp;<\/p>\n<p>As quest\u00f5es ambientais est\u00e3o claramente no centro das aten\u00e7\u00f5es hoje. Em todo o mundo, testemunhamos os efeitos devastadores das mudan\u00e7as clim\u00e1ticas, da polui\u00e7\u00e3o do ar, da contamina\u00e7\u00e3o da \u00e1gua, da polui\u00e7\u00e3o por pl\u00e1sticos, da acidifica\u00e7\u00e3o dos oceanos e da perda de biodiversidade. Embora esses problemas afetem todas as na\u00e7\u00f5es e todos os povos, s\u00e3o as comunidades mais pobres que sofrem cada vez mais devido \u00e0 crise ambiental. Da mesma forma, enquanto os problemas ambientais preocupam pessoas de todas as idades, muitas vezes s\u00e3o os jovens que sofrem de uma grave ansiedade ecol\u00f3gica. Infelizmente, os jovens e os pobres s\u00e3o desproporcionalmente afetados pela crise ambiental em constante escalada \u2013 uma crise da qual n\u00e3o s\u00e3o respons\u00e1veis.<\/p>\n<p>&nbsp;<\/p>\n<p>Nesta situa\u00e7\u00e3o preocupante, o \u00abTempo da Cria\u00e7\u00e3o\u00bb \u00e9 um poderoso lembrete anual de que Deus nos chamou para sermos administradores e guardi\u00f5es do mundo natural, n\u00e3o consumidores ego\u00edstas e imprudentes da natureza. Esta celebra\u00e7\u00e3o ecum\u00eanica anual, que ocorre de 1\u00ba de setembro a 4 de outubro, re\u00fane todas as comunidades crist\u00e3s para rezar e agir em favor da prote\u00e7\u00e3o ambiental e da sustentabilidade. O Tempo da Cria\u00e7\u00e3o come\u00e7a com o \u00abDia de Ora\u00e7\u00e3o pela Cria\u00e7\u00e3o\u00bb e termina com a festa de S\u00e3o Francisco de Assis, padroeiro da ecologia. Trata-se de um tempo especial, durante o qual somos convidados a renovar nossa rela\u00e7\u00e3o com o Criador e com toda a cria\u00e7\u00e3o atrav\u00e9s da celebra\u00e7\u00e3o, da convers\u00e3o e do compromisso comum.<\/p>\n<p>&nbsp;<\/p>\n<p><strong><b>Tempo da Cria\u00e7\u00e3o 2026<\/b><\/strong><\/p>\n<p>A cada ano, o Comit\u00ea Diretor prop\u00f5e um tema para a celebra\u00e7\u00e3o do Tempo da Cria\u00e7\u00e3o. Toda a celebra\u00e7\u00e3o se desenvolve de acordo com os tr\u00eas pilares que j\u00e1 vimos: ora\u00e7\u00e3o, reflex\u00e3o e a\u00e7\u00e3o. O tema baseia-se em uma passagem b\u00edblica que orienta os momentos de ora\u00e7\u00e3o, a reflex\u00e3o sobre a pr\u00f3pria vida e os poss\u00edveis caminhos de a\u00e7\u00e3o.<\/p>\n<p>&nbsp;<\/p>\n<p>O tema do Tempo da Cria\u00e7\u00e3o 2026 \u00e9 \u00ab\u00c1gua viva\u00bb e inspira-se em Ezequiel 47,9-12, uma vis\u00e3o b\u00edblica de esperan\u00e7a e cura. Em um contexto de ex\u00edlio e perda, a imagem da \u00e1gua viva que brota do santu\u00e1rio de Deus revela uma cura divina que renova a terra, a \u00e1gua, a biodiversidade e a responsabilidade humana para com toda a cria\u00e7\u00e3o.<\/p>\n<p>&nbsp;<\/p>\n<p>Infelizmente, a realidade de hoje contrasta fortemente com a vis\u00e3o de Ezequiel da \u00e1gua fluindo em abund\u00e2ncia. De acordo com as estat\u00edsticas apresentadas pelas Na\u00e7\u00f5es Unidas sobre a atual crise h\u00eddrica, 1,7 bilh\u00e3o de pessoas n\u00e3o t\u00eam saneamento b\u00e1sico em suas casas e 2,1 bilh\u00f5es de pessoas ainda n\u00e3o t\u00eam acesso a \u00e1gua pot\u00e1vel segura \u2013 ou seja, 1 em cada 4 pessoas no mundo! Com a intensifica\u00e7\u00e3o das mudan\u00e7as clim\u00e1ticas e o aumento da extra\u00e7\u00e3o de \u00e1guas subterr\u00e2neas, v\u00e1rios pa\u00edses est\u00e3o agora atingindo o chamado \u00abponto de fal\u00eancia h\u00eddrica\u00bb, ou seja, uma condi\u00e7\u00e3o caracterizada por perdas irrevers\u00edveis do capital h\u00eddrico natural.<\/p>\n<p>&nbsp;<\/p>\n<p>A crise h\u00eddrica em muitas partes do mundo est\u00e1 for\u00e7ando as pessoas a migrar, causando a perda de suas casas e de sua cultura. O impacto nos ecossistemas e na biodiversidade tamb\u00e9m \u00e9 devastador. De acordo com o \u00abWorld Wide Fund for Nature\u00bb (WWF), estamos testemunhando um decl\u00ednio catastr\u00f3fico da fauna aqu\u00e1tica, com as popula\u00e7\u00f5es de \u00e1gua doce diminuindo em incr\u00edveis 85 por cento e as marinhas em 56 por cento nos \u00faltimos 50 anos.<\/p>\n<p>&nbsp;<\/p>\n<p>No entanto, voltando \u00e0 vis\u00e3o de Ezequiel, \u00e9 importante lembrar que se trata, em \u00faltima an\u00e1lise, de uma vis\u00e3o de esperan\u00e7a. Apesar das situa\u00e7\u00f5es preocupantes que testemunhamos, como colaboradores do Criador, somos chamados a desempenhar o nosso papel em tornar a \u00e1gua acess\u00edvel a todas as comunidades. Em muitas partes do mundo, vemos como grupos e organiza\u00e7\u00f5es crist\u00e3s promoveram a prote\u00e7\u00e3o, a gest\u00e3o respons\u00e1vel e a distribui\u00e7\u00e3o equitativa da \u00e1gua para todos. Po\u00e7os s\u00e3o cavados e \u00e1gua \u00e9 fornecida a par\u00f3quias, aldeias e centros de sa\u00fade, partindo da consci\u00eancia de que a \u00e1gua \u00e9 um dom de Deus e que o acesso \u00e0 \u00e1gua pot\u00e1vel \u00e9 um direito humano fundamental. A vis\u00e3o de Ezequiel est\u00e1 se tornando realidade: vemos rios voltando a fluir, fontes de \u00e1gua protegidas da polui\u00e7\u00e3o e terras \u00e1ridas voltando a ficar verdes. \u00c9 isso que celebramos durante o Tempo da Cria\u00e7\u00e3o! E enquanto nos alegramos com o bem que j\u00e1 est\u00e1 sendo feito, nos comprometemos a garantir que o dom de Deus, a \u00e1gua viva, continue a fluir!<\/p>\n<p>&nbsp;<\/p>\n<p><strong><b>Apelo \u00e0 a\u00e7\u00e3o<\/b><\/strong><\/p>\n<p>Como observamos anteriormente, o Tempo da Cria\u00e7\u00e3o \u00e9 celebrado atrav\u00e9s da ora\u00e7\u00e3o, da reflex\u00e3o sobre o nosso estilo de vida e da a\u00e7\u00e3o prof\u00e9tica. Tamb\u00e9m este ano, com o tema da \u00c1gua viva, somos chamados a empreender algumas a\u00e7\u00f5es significativas, das quais h\u00e1 grande necessidade em nosso tempo. Trata-se de a\u00e7\u00f5es que poderiam ser realizadas em nossos orat\u00f3rios, centros juvenis, par\u00f3quias, escolas e outras comunidades.<\/p>\n<p>&nbsp;<\/p>\n<p>Algumas das \u201ca\u00e7\u00f5es prof\u00e9ticas\u201d que o <em><i>Guia do Tempo da Cria\u00e7\u00e3o<\/i><\/em> deste ano nos prop\u00f5e s\u00e3o: comprometer-se para que todas as pessoas tenham acesso a alimentos nutritivos e seguros; abster-se da polui\u00e7\u00e3o prejudicial da \u00e1gua e denunci\u00e1-la, instando ao mesmo tempo os governos, as autoridades locais, a ind\u00fastria e a agricultura a agirem de forma respons\u00e1vel e a protegerem as fontes de \u00e1gua; agir para que as fam\u00edlias, as escolas, as unidades de sa\u00fade e os locais de culto tenham acesso a \u00e1gua limpa e a saneamento adequado; promover a educa\u00e7\u00e3o ambiental para favorecer um cuidado hol\u00edstico da cria\u00e7\u00e3o; comprometer-se a plantar \u00e1rvores, pois elas absorvem a polui\u00e7\u00e3o por carbono, previnem a eros\u00e3o, reduzem as inunda\u00e7\u00f5es, fornecem alimentos e rem\u00e9dios e refrescam os ambientes urbanos; encontrar maneiras de cuidar dos nossos oceanos, que enfrentam amea\u00e7as crescentes devido ao despejo de lixo, \u00e0 pesca excessiva, \u00e0 polui\u00e7\u00e3o e \u00e0 minera\u00e7\u00e3o em \u00e1guas profundas; e a restaura\u00e7\u00e3o e prote\u00e7\u00e3o dos ecossistemas e da biodiversidade em nossas igrejas, em nossas casas e em nossas comunidades.<\/p>\n<p>&nbsp;<\/p>\n<p>Vivendo hoje na era digital, o Guia prop\u00f5e ainda que n\u00f3s \u2013 e em particular os jovens \u2013 possamos nos envolver em uma campanha de conscientiza\u00e7\u00e3o digital, publicando nas redes sociais usando a hashtag #SeasonofCreation. Atrav\u00e9s desta campanha digital, poder\u00edamos destacar rios, lagos ou \u00e1reas \u00famidas polu\u00eddos ou amea\u00e7ados de extin\u00e7\u00e3o; compartilhar hist\u00f3rias de comunidades afetadas pela escassez de \u00e1gua; pedir publicamente uma interven\u00e7\u00e3o urgente em rela\u00e7\u00e3o \u00e0s quest\u00f5es h\u00eddricas locais; e celebrar os passos positivos dados pelos governos e pelas comunidades. As redes sociais s\u00e3o hoje uma plataforma poderosa para apoiar causas sociais e podem amplificar as vozes das comunidades de f\u00e9 al\u00e9m dos muros da igreja.<\/p>\n<p>&nbsp;<\/p>\n<p><strong><b>Celebrar o Tempo como Fam\u00edlia Salesiana<\/b><\/strong><\/p>\n<p>Como nos lembrou o Papa Le\u00e3o XIV por ocasi\u00e3o da inaugura\u00e7\u00e3o do Borgo Laudato Si\u2019 em Castel Gandolfo em setembro de 2025: \u00abO cuidado da cria\u00e7\u00e3o \u00e9 verdadeiramente uma voca\u00e7\u00e3o para todo ser humano. Somos criaturas entre as criaturas, a quem \u00e9 confiada a responsabilidade de cuidar de tudo o que o Criador fez\u00bb. \u00c9 importante ressaltar que a nossa determina\u00e7\u00e3o em cuidar da cria\u00e7\u00e3o n\u00e3o deve ficar apenas no n\u00edvel das palavras, mas deve se traduzir em a\u00e7\u00f5es; foi isso que o Papa Le\u00e3o XIV enfatizou em sua mensagem \u00e0 COP30 em Bel\u00e9m em novembro de 2025: \u00abDevemos transformar palavras e reflex\u00f5es em escolhas e a\u00e7\u00f5es baseadas na responsabilidade, justi\u00e7a e equidade\u00bb.<\/p>\n<p>&nbsp;<\/p>\n<p>O Tempo da Cria\u00e7\u00e3o \u00e9 uma excelente oportunidade para n\u00f3s, salesianos, educarmos os jovens sobre a sua responsabilidade de cuidar da cria\u00e7\u00e3o de Deus e envolv\u00ea-los ativamente em programas ambientais significativos. Embora existam muitas maneiras pelas quais poder\u00edamos envolver os jovens no cuidado do meio ambiente com base nas necessidades locais, aqui est\u00e3o duas oportunidades que poder\u00edamos aproveitar como Fam\u00edlia Salesiana global.<\/p>\n<p>&nbsp;<\/p>\n<p>Uma das atividades em prepara\u00e7\u00e3o para a Jornada Mundial da Juventude 2027 \u00e9 um projeto de plantio de \u00e1rvores chamado \u201cCampanha Breath of Life\u201d [Sopro de Vida]. O site oficial da JMJ explica que \u201ctrata-se de algo mais do que uma simples iniciativa ambiental. \u00c9 um ato de f\u00e9 destinado a preservar a ordem da cria\u00e7\u00e3o e um passo concreto em dire\u00e7\u00e3o \u00e0 neutralidade carb\u00f4nica, enraizado em nossa f\u00e9 em Deus\u201d. O Setor da Pastoral Juvenil Salesiana convidou os membros do Movimento Juvenil Salesiano de todo o mundo a participar da Campanha \u00abBreath of Life\u00bb, que ocorrer\u00e1 de 27 de setembro de 2026 a 4 de outubro de 2026, ou seja, na \u00faltima semana do Tempo da Cria\u00e7\u00e3o. Trata-se de uma iniciativa verdadeiramente significativa atrav\u00e9s da qual o Movimento Juvenil Salesiano pode celebrar o Tempo da Cria\u00e7\u00e3o e preparar-se ao mesmo tempo para a Jornada Mundial da Juventude.<\/p>\n<p>&nbsp;<\/p>\n<p>Em segundo lugar, por ocasi\u00e3o do Dia da Terra (22 de abril) deste ano, o Setor da Pastoral Juvenil lan\u00e7ou o \u00abGuia Paroquial Laudato Si\u2019\u00bb, uma ferramenta pr\u00e1tica para ajudar as par\u00f3quias salesianas a se tornarem \u00abPar\u00f3quias Laudato Si\u2019\u00bb. Este guia oferece sugest\u00f5es concretas para alcan\u00e7ar cada um dos Sete Objetivos propostos pela Plataforma de A\u00e7\u00e3o Laudato Si\u2019. Ao apresentar este guia paroquial, o P. Rafael Bejarano, Conselheiro Geral para a Pastoral Juvenil, afirmou: \u00abAtrav\u00e9s destas diretrizes para as nossas par\u00f3quias, oferecemos um caminho salesiano para envolver os jovens e todos os membros da comunidade paroquial para que desempenhem um papel ativo e concreto no cuidado da nossa casa comum\u00bb.<\/p>\n<p>&nbsp;<\/p>\n<p><strong><b>Conclus\u00e3o<\/b><\/strong><\/p>\n<p>No Projeto sexenal para a Congrega\u00e7\u00e3o Salesiana (2025-2031), o Reitor-Mor, P. Fabio Attard, afirma: \u00abO compromisso da Igreja com a ecologia integral foi assumido pela Congrega\u00e7\u00e3o e deve ser refor\u00e7ado com uma vis\u00e3o de inspira\u00e7\u00e3o carism\u00e1tica. Que \u043e empenho dos jovens pelo bem comum e pela nossa casa comum se enra\u00edze cada vez mais a n\u00edvel local, com os jovens a desempenharem um papel de lideran\u00e7a, a partilharem as escolhas e a participarem de forma ativa e concreta\u00bb (ACG 446).<\/p>\n<p>&nbsp;<\/p>\n<p>O Tempo da Cria\u00e7\u00e3o \u00e9 para n\u00f3s uma oportunidade de colocar em pr\u00e1tica a nossa determina\u00e7\u00e3o de fazer parte do \u00abcompromisso da Igreja com a ecologia integral\u00bb. Atrav\u00e9s das v\u00e1rias atividades que realizamos durante este tempo, os jovens t\u00eam a possibilidade de desempenhar um papel de lideran\u00e7a no cuidado concreto da nossa casa comum e na promo\u00e7\u00e3o do bem comum. Os momentos de ora\u00e7\u00e3o, uma reflex\u00e3o sincera sobre o pr\u00f3prio estilo de vida e a\u00e7\u00f5es concretas podem certamente nos permitir redescobrir o nosso lugar \u00fanico na cria\u00e7\u00e3o de Deus e nos levar a renovar o nosso compromisso de cumprir a nossa responsabilidade como guardi\u00f5es do mundo natural que Deus nos deu.<\/p>\n<p>&nbsp;<\/p>\n<p>Enquanto celebramos este per\u00edodo com os nossos jovens, deixemo-nos guiar pelas palavras que o Papa Le\u00e3o XIV dirigiu aos jovens em julho de 2025. \u00abVoc\u00eas s\u00e3o jovens, cheios de ideias e entusiasmo. Querem conquistar o mundo n\u00e3o para subjug\u00e1-lo, mas para servir a vida que vem de Deus. A humildade, o esp\u00edrito de servi\u00e7o e uma rela\u00e7\u00e3o profunda com Cristo permitem que voc\u00eas enra\u00edzem em si mesmos os valores crist\u00e3os. Somente a convers\u00e3o interior torna poss\u00edvel mudar h\u00e1bitos e mentalidades, traduzindo-se em um novo modo de viver em comunh\u00e3o com o meio ambiente\u00bb.<\/p>\n<p>&nbsp;<\/p>\n<p>&nbsp;<\/p>\n<ol>\n<li><em><i> S\u00e1vio Silveira, sdb<\/i><\/em><\/li>\n<\/ol>\n<p><em><i>Coordenador: Ecologia integral<\/i><\/em><\/p>\n<p><em><i>Setor de Pastoral Juvenil<\/i><\/em><\/p>\n<p>&nbsp;<\/p>\n","protected":false},"excerpt":{"rendered":"<p>De 1\u00ba de setembro a 4 de outubro, do Dia de Ora\u00e7\u00e3o pelo Cuidado da&#8230;<\/p>\n","protected":false},"author":1,"featured_media":54567,"comment_status":"closed","ping_status":"closed","sticky":false,"template":"","format":"standard","meta":{"iawp_total_views":6,"footnotes":""},"categories":[547],"tags":[2203,1839,2031],"class_list":["post-54580","post","type-post","status-publish","format-standard","has-post-thumbnail","hentry","category-pastoral-juvenil","tag-eventos","tag-iniciativas","tag-vida"],"_links":{"self":[{"href":"https:\/\/www.donbosco.press\/pt-pt\/wp-json\/wp\/v2\/posts\/54580","targetHints":{"allow":["GET"]}}],"collection":[{"href":"https:\/\/www.donbosco.press\/pt-pt\/wp-json\/wp\/v2\/posts"}],"about":[{"href":"https:\/\/www.donbosco.press\/pt-pt\/wp-json\/wp\/v2\/types\/post"}],"author":[{"embeddable":true,"href":"https:\/\/www.donbosco.press\/pt-pt\/wp-json\/wp\/v2\/users\/1"}],"replies":[{"embeddable":true,"href":"https:\/\/www.donbosco.press\/pt-pt\/wp-json\/wp\/v2\/comments?post=54580"}],"version-history":[{"count":1,"href":"https:\/\/www.donbosco.press\/pt-pt\/wp-json\/wp\/v2\/posts\/54580\/revisions"}],"predecessor-version":[{"id":54581,"href":"https:\/\/www.donbosco.press\/pt-pt\/wp-json\/wp\/v2\/posts\/54580\/revisions\/54581"}],"wp:featuredmedia":[{"embeddable":true,"href":"https:\/\/www.donbosco.press\/pt-pt\/wp-json\/wp\/v2\/media\/54567"}],"wp:attachment":[{"href":"https:\/\/www.donbosco.press\/pt-pt\/wp-json\/wp\/v2\/media?parent=54580"}],"wp:term":[{"taxonomy":"category","embeddable":true,"href":"https:\/\/www.donbosco.press\/pt-pt\/wp-json\/wp\/v2\/categories?post=54580"},{"taxonomy":"post_tag","embeddable":true,"href":"https:\/\/www.donbosco.press\/pt-pt\/wp-json\/wp\/v2\/tags?post=54580"}],"curies":[{"name":"wp","href":"https:\/\/api.w.org\/{rel}","templated":true}]}}