{"id":53119,"date":"2026-05-01T06:41:28","date_gmt":"2026-05-01T06:41:28","guid":{"rendered":"https:\/\/www.donbosco.press\/?p=53119"},"modified":"2026-05-01T06:42:06","modified_gmt":"2026-05-01T06:42:06","slug":"sao-jose-e-o-trabalho","status":"publish","type":"post","link":"https:\/\/www.donbosco.press\/pt-pt\/nossos-santos\/sao-jose-e-o-trabalho\/","title":{"rendered":"S\u00e3o Jos\u00e9 e o trabalho"},"content":{"rendered":"<p><em><i>No panorama da espiritualidade crist\u00e3, S\u00e3o Jos\u00e9 ocupa um lugar singular: homem silencioso, justo, trabalhador. O Evangelho n\u00e3o relata uma \u00fanica palavra sa\u00edda de sua boca, e no entanto sua figura fala com for\u00e7a atrav\u00e9s da concretude de sua vida. Entre os aspectos mais significativos emerge o trabalho, n\u00e3o como simples necessidade econ\u00f4mica, mas como lugar teol\u00f3gico, espa\u00e7o de santifica\u00e7\u00e3o e miss\u00e3o educativa. De uma perspectiva salesiana, ou seja, \u00e0 luz da experi\u00eancia espiritual e pastoral de Dom Bosco, S\u00e3o Jos\u00e9 se torna um modelo particularmente eloquente: pai, educador e trabalhador. Pio XII o declarou &#8220;Padroeiro dos trabalhadores&#8221; em 1955, mas muito antes, Dom Bosco j\u00e1 havia intu\u00eddo a pot\u00eancia educativa e espiritual dessa figura para a sua obra.<\/i><\/em><\/p>\n<p>&nbsp;<\/p>\n<p>&nbsp;<\/p>\n<p><strong><b>O trabalho na vida de S\u00e3o Jos\u00e9<\/b><\/strong><\/p>\n<p>S\u00e3o Jos\u00e9 \u00e9 apresentado nos Evangelhos como &#8220;tekton&#8221;, termo grego que indica um artes\u00e3o, provavelmente carpinteiro ou construtor. N\u00e3o se trata de um detalhe marginal: o Filho de Deus cresce em uma fam\u00edlia onde o trabalho manual \u00e9 cotidiano, \u00e1rduo, digno. Jos\u00e9 n\u00e3o apenas prov\u00ea o sustento da fam\u00edlia, mas introduz o pr\u00f3prio Jesus \u00e0 dimens\u00e3o humana do trabalho. O trabalho de Jos\u00e9 \u00e9 caracterizado por algumas qualidades fundamentais: \u00e9 silencioso, fiel, concreto. N\u00e3o \u00e9 espetacular, n\u00e3o atrai aten\u00e7\u00e3o, mas \u00e9 essencial. Nesse sentido, ele representa todos aqueles que vivem uma vida comum, feita de empenho cotidiano e responsabilidade. O trabalho torna-se assim participa\u00e7\u00e3o no projeto de Deus: atrav\u00e9s de suas m\u00e3os, Jos\u00e9 contribui para o crescimento humano do Salvador.<\/p>\n<p>&nbsp;<\/p>\n<p>Um dos aspectos mais profundos da figura de S\u00e3o Jos\u00e9 \u00e9 o seu papel educativo. Ele n\u00e3o \u00e9 apenas um trabalhador, mas um mestre. Sua oficina \u00e9 tamb\u00e9m uma escola. Essa dimens\u00e3o educativa do trabalho \u00e9 central na espiritualidade salesiana. Dom Bosco, de fato, sempre considerou o trabalho como um instrumento privilegiado de forma\u00e7\u00e3o dos jovens. Em seus orat\u00f3rios e em suas escolas profissionais, o trabalho nunca era um fim em si mesmo, mas inserido em um projeto mais amplo de crescimento humano e crist\u00e3o. S\u00e3o Jos\u00e9 torna-se, portanto, um modelo de educador que forma atrav\u00e9s do exemplo. N\u00e3o ensina com discursos, mas com a vida. Sua autoridade nasce da coer\u00eancia, da dedica\u00e7\u00e3o, da capacidade de estar presente.<\/p>\n<p>&nbsp;<\/p>\n<p><strong><b>Dom Bosco e a espiritualidade do trabalho<\/b><\/strong><\/p>\n<p>Dom Bosco desenvolveu uma vis\u00e3o do trabalho profundamente enraizada no Evangelho e encarnada na realidade social do seu tempo. No s\u00e9culo XIX, muitos jovens eram explorados ou abandonados. Ele compreendeu que oferecer-lhes um trabalho digno significava devolver-lhes esperan\u00e7a e futuro. Nesse contexto, a figura de S\u00e3o Jos\u00e9 assume um papel paradigm\u00e1tico. Ele \u00e9 o padroeiro dos trabalhadores, mas tamb\u00e9m dos jovens em forma\u00e7\u00e3o. Dom Bosco o propunha como modelo aos seus jovens: um homem justo, trabalhador, confi\u00e1vel. O c\u00e9lebre lema salesiano &#8220;trabalho e temperan\u00e7a&#8221; reflete essa vis\u00e3o. O trabalho n\u00e3o \u00e9 apenas produtividade, mas disciplina interior, capacidade de sacrif\u00edcio, abertura aos outros. \u00c9 um meio para crescer, para servir, para amar.<\/p>\n<p>&nbsp;<\/p>\n<p>De uma perspectiva crist\u00e3, o trabalho n\u00e3o \u00e9 apenas um dever, mas uma voca\u00e7\u00e3o. S\u00e3o Jos\u00e9 encarna essa dimens\u00e3o de modo exemplar. Ele n\u00e3o escolhe uma vida extraordin\u00e1ria, mas acolhe com f\u00e9 a miss\u00e3o que lhe \u00e9 confiada: guardar Jesus e Maria atrav\u00e9s do trabalho cotidiano. Tamb\u00e9m na espiritualidade salesiana, o trabalho \u00e9 vivido como resposta a um chamado. Cada jovem \u00e9 convidado a descobrir o seu lugar no mundo, a desenvolver os seus talentos, a contribuir para o bem comum. O trabalho torna-se assim express\u00e3o da pr\u00f3pria identidade e instrumento de realiza\u00e7\u00e3o pessoal. Nesse sentido, educar para o trabalho significa ajudar os jovens a descobrir o sentido de suas vidas. N\u00e3o se trata apenas de ensinar compet\u00eancias t\u00e9cnicas, mas de formar pessoas capazes de responsabilidade, criatividade e solidariedade.<\/p>\n<p>&nbsp;<\/p>\n<p><strong><b>O trabalho e a dignidade da pessoa<\/b><\/strong><\/p>\n<p>Outro elemento fundamental \u00e9 a dignidade do trabalho. S\u00e3o Jos\u00e9, mesmo exercendo um of\u00edcio humilde, vive o seu trabalho com grande dignidade. Esse aspecto \u00e9 particularmente relevante hoje, em um contexto no qual o trabalho \u00e9 frequentemente prec\u00e1rio, desumanizante ou reduzido a um simples meio de ganho. A tradi\u00e7\u00e3o salesiana insiste muito neste ponto: todo trabalho tem valor, porque \u00e9 express\u00e3o da pessoa. Dom Bosco sempre buscou garantir aos seus jovens condi\u00e7\u00f5es de trabalho justas, opondo-se \u00e0 explora\u00e7\u00e3o e promovendo contratos justos. S\u00e3o Jos\u00e9 torna-se assim um sinal de esperan\u00e7a para todos os trabalhadores: a dignidade n\u00e3o depende do tipo de trabalho, mas do amor com que ele \u00e9 realizado.<\/p>\n<p>&nbsp;<\/p>\n<p>Um dos ensinamentos mais profundos que emerge da figura de S\u00e3o Jos\u00e9 \u00e9 que a santidade se constr\u00f3i na vida cotidiana. N\u00e3o s\u00e3o necess\u00e1rios gestos extraordin\u00e1rios: \u00e9 na fidelidade \u00e0s pequenas coisas que se realiza a vontade de Deus. Este \u00e9 um ponto central tamb\u00e9m na espiritualidade salesiana. O trabalho cotidiano, vivido com amor e responsabilidade, torna-se lugar de encontro com Deus.<\/p>\n<p>&nbsp;<\/p>\n<p><strong><b>Uma proposta para hoje<\/b><\/strong><\/p>\n<p>Em um mundo marcado por transforma\u00e7\u00f5es r\u00e1pidas e incertezas no campo do trabalho, a figura de S\u00e3o Jos\u00e9 parece mais atual do que nunca. Ele convida a redescobrir o valor do trabalho como servi\u00e7o, como educa\u00e7\u00e3o, como voca\u00e7\u00e3o. S\u00e3o Jos\u00e9, neste caminho, \u00e9 um companheiro discreto, mas seguro. Sua vida ensina que mesmo nas situa\u00e7\u00f5es mais simples \u00e9 poss\u00edvel construir algo grande. A um jovem que se prepara para entrar no mundo do trabalho, ou que acaba de perder um emprego, ou que sonha em abrir o seu pr\u00f3prio neg\u00f3cio, a figura de S\u00e3o Jos\u00e9 diz:<\/p>\n<p><strong><em><b><i>Nunca despreze o trabalho manual.<\/i><\/b><\/em><\/strong> Mesmo que voc\u00ea fa\u00e7a faculdade, mesmo que aspire a altos cargos, mantenha os p\u00e9s no ch\u00e3o. Quem sabe trabalhar com as m\u00e3os nunca ser\u00e1 escravo.<\/p>\n<p><strong><em><b><i>Trabalhe com compet\u00eancia.<\/i><\/b><\/em><\/strong> Dom Bosco dizia: &#8220;Sejam bons crist\u00e3os e honestos cidad\u00e3os&#8221;. A honestidade passa tamb\u00e9m por saber fazer bem o pr\u00f3prio of\u00edcio. Um trabalho mal feito \u00e9 uma falta de caridade para com quem o recebe.<\/p>\n<p><strong><em><b><i>Trabalhe para os outros, n\u00e3o apenas para voc\u00ea.<\/i><\/b><\/em><\/strong> Jos\u00e9 trabalhava para Maria e Jesus. O trabalho salesiano \u00e9 sempre trabalho em equipe, trabalho para a comunidade, trabalho que constr\u00f3i o bem comum.<\/p>\n<p><strong><em><b><i>Reze enquanto trabalha.<\/i><\/b><\/em><\/strong> N\u00e3o \u00e9 preciso interromper o trabalho para rezar: pode-se transformar o pr\u00f3prio trabalho em ora\u00e7\u00e3o, oferecendo cada gesto a Deus, como fazia o santo Patriarca.<\/p>\n<p>&nbsp;<\/p>\n<p>Para os salesianos, para os educadores, para os pais, para os jovens: <strong><b>recome\u00e7ar a partir de Jos\u00e9<\/b><\/strong>. Recome\u00e7ar a partir de um trabalho que seja digno, honesto, competente e, sobretudo, amado. Porque onde h\u00e1 um homem ou uma mulher que trabalha com amor, ali ainda est\u00e1 Nazar\u00e9. E ali, no sil\u00eancio de uma oficina, Deus continua a crescer no meio de n\u00f3s.<\/p>\n","protected":false},"excerpt":{"rendered":"<p>No panorama da espiritualidade crist\u00e3, S\u00e3o Jos\u00e9 ocupa um lugar singular: homem silencioso, justo, trabalhador&#8230;.<\/p>\n","protected":false},"author":1,"featured_media":53105,"comment_status":"closed","ping_status":"closed","sticky":false,"template":"","format":"standard","meta":{"iawp_total_views":2,"footnotes":""},"categories":[167],"tags":[2561,2557,2577,2579,2228,2031,2025],"class_list":["post-53119","post","type-post","status-publish","format-standard","has-post-thumbnail","hentry","category-nossos-santos","tag-carisma-salesiano","tag-deus","tag-dom-bosco","tag-educacao","tag-santos","tag-vida","tag-virtude"],"_links":{"self":[{"href":"https:\/\/www.donbosco.press\/pt-pt\/wp-json\/wp\/v2\/posts\/53119","targetHints":{"allow":["GET"]}}],"collection":[{"href":"https:\/\/www.donbosco.press\/pt-pt\/wp-json\/wp\/v2\/posts"}],"about":[{"href":"https:\/\/www.donbosco.press\/pt-pt\/wp-json\/wp\/v2\/types\/post"}],"author":[{"embeddable":true,"href":"https:\/\/www.donbosco.press\/pt-pt\/wp-json\/wp\/v2\/users\/1"}],"replies":[{"embeddable":true,"href":"https:\/\/www.donbosco.press\/pt-pt\/wp-json\/wp\/v2\/comments?post=53119"}],"version-history":[{"count":1,"href":"https:\/\/www.donbosco.press\/pt-pt\/wp-json\/wp\/v2\/posts\/53119\/revisions"}],"predecessor-version":[{"id":53120,"href":"https:\/\/www.donbosco.press\/pt-pt\/wp-json\/wp\/v2\/posts\/53119\/revisions\/53120"}],"wp:featuredmedia":[{"embeddable":true,"href":"https:\/\/www.donbosco.press\/pt-pt\/wp-json\/wp\/v2\/media\/53105"}],"wp:attachment":[{"href":"https:\/\/www.donbosco.press\/pt-pt\/wp-json\/wp\/v2\/media?parent=53119"}],"wp:term":[{"taxonomy":"category","embeddable":true,"href":"https:\/\/www.donbosco.press\/pt-pt\/wp-json\/wp\/v2\/categories?post=53119"},{"taxonomy":"post_tag","embeddable":true,"href":"https:\/\/www.donbosco.press\/pt-pt\/wp-json\/wp\/v2\/tags?post=53119"}],"curies":[{"name":"wp","href":"https:\/\/api.w.org\/{rel}","templated":true}]}}