{"id":49719,"date":"2026-03-13T08:37:12","date_gmt":"2026-03-13T08:37:12","guid":{"rendered":"https:\/\/www.donbosco.press\/?p=49719"},"modified":"2026-03-31T12:39:01","modified_gmt":"2026-03-31T12:39:01","slug":"uma-igreja-magnifica-e-alta-1844","status":"publish","type":"post","link":"https:\/\/www.donbosco.press\/pt-pt\/sonhos-de-dom-bosco\/uma-igreja-magnifica-e-alta-1844\/","title":{"rendered":"Uma igreja magn\u00edfica e alta (1844)"},"content":{"rendered":"<p><em>Em 1844, num per\u00edodo cheio de incertezas sobre o futuro do Orat\u00f3rio, Dom Bosco anota em suas Mem\u00f3rias um sonho que ilumina e orienta sua miss\u00e3o. Na v\u00e9spera do an\u00fancio aos meninos da mudan\u00e7a para Valdocco, ele v\u00ea em vis\u00e3o um rebanho confuso de animais ferozes e mansos que, guiado por uma misteriosa Pastora, transforma-se progressivamente em cordeiros d\u00f3ceis. O caminho culmina em um vasto p\u00e1tio dominado por uma igreja majestosa, sobre a qual se destaca a inscri\u00e7\u00e3o em latim &#8220;Hic domus mea, inde gloria mea&#8221; (Aqui est\u00e1 minha casa, daqui vem minha gl\u00f3ria). O epis\u00f3dio, que ecoa seu primeiro sonho de inf\u00e2ncia em Becchi, prefigura o nascimento da obra salesiana, revela a confian\u00e7a providencial que sustenta Dom Bosco nos momentos de d\u00favida e o impulsiona a dar passos decisivos.<\/em><\/p>\n<p>Um acontecimento maravilhoso naqueles dias infundia \u00e2nimo em Dom Bosco, indicando-lhe os acontecimentos futuros. Vamos narr\u00e1-lo com suas pr\u00f3prias palavras, copiadas do manuscrito de suas mem\u00f3rias:<\/p>\n<p>No segundo domingo de outubro daquele ano (1844), devia anunciar aos meninos que o Orat\u00f3rio ia mudar-se para Valdocco. Mas a incerteza do lugar, dos meios, das pessoas deixava-me muito preocupado. Na tarde anterior fui dormir com o cora\u00e7\u00e3o inquieto. Tive naquela noite outro sonho, que parece um ap\u00eandice do que tive nos Becchi aos 9 anos. Julgo oportuno cont\u00e1-lo literalmente.<br \/>\nSonhei encontrar-me no meio de uma multid\u00e3o de lobos, cabras e cabritos, cordeiros, ovelhas, bodes, c\u00e3es e p\u00e1ssaros. Faziam todos juntos um barulho, uma desordem, ou melhor, uma balb\u00fardia de espantar os mais corajosos. Ia fugir, quando uma senhora, muito bem trajada \u00e0 moda de pastorinha, fez um gesto para que seguisse e acompanhasse o estranho rebanho; enquanto isso, ela se p\u00f3s \u00e0 frente. Estivemos vagando por v\u00e1rios lugares; fizemos tr\u00eas esta\u00e7\u00f5es ou paradas. A cada parada, muitos desses animais convertiam-se em cordeiros, cujo n\u00famero ia sempre aumentando. Depois de muito andar, encontrei-me num prado onde os animais saltitavam e comiam juntos, sem que nenhum deles tentasse prejudicar os outros.<br \/>\nEsgotado de cansa\u00e7o, queria sentar-me \u00e0 beira de um caminho ai perto, mas a pastorinha convidou-me continuar andando. Ap\u00f3s caminhar um pouco, encontrei-me num vasto p\u00e1tio rodeado de p\u00f3rticos, em cuja extremidade se erguia uma igreja. Percebi ent\u00e3o que quatro quintos dos animais se haviam transformado em cordeiros. O n\u00famero deles tornou-se de. pois muito maior. Naquele momento chegaram alguns pastorinhos para vigi\u00e1-los. Mas ficavam pouco tempo e iam-se embora. Aconteceu ent\u00e3o uma coisa maravilhosa. Muitos cordeiros se convertiam em pastorinhos, que cresciam e passavam a tomar conta dos outros. Com o grande aumento do n\u00famero dos pastorinhos, eles se separavam e se dirigiam a outros lugares, onde reuniam alguns animais estranhos e os levavam a outros redis.<br \/>\nEu queria ir embora, porque parecia estar na hora de rezar Missa, mas a pastora me convidou a olhar para o sul. Olhei e vi um campo semeado de milho, batatas, couves, beterrabas, alface e muitas outras verduras. &#8211; Olha outra vez &#8211; disse-me. Olhei de novo. Vi ent\u00e3o uma igreja estupenda e alta. Um conjunto de m\u00fasica instrumental e vocal convidava-me a cantar Missa. No interior da igreja havia uma faixa branca, na qual estava escrito em caracteres garrafais: <em>HIC DOMUS MEA, INDE GL\u00d3RIA MEA<\/em> (Aqui \u00e9 minha casa, daqui sair\u00e1 a minha gl\u00f3ria). Sempre em sonho, quis perguntar \u00e0 pastora onde \u00e9 que eu estava, que significava aquele caminhar e parar, a casa, a igreja e depois outra igreja mais. Tudo haver\u00e1s de compreender quando com teus olhos materiais vires realizado o que agora contemplas com os olhos da mente. &#8211; Parecendo-me, por\u00e9m, estar acordado disse: Eu vejo claro, contemplo com os olhos materiais. Sei aonde vou e o que fa\u00e7o. Naquele instante soou o sino das Ave-Marias na Igreja de S\u00e3o Francisco, e acordei.<br \/>\n<em>(MB II [Brasil] 211-212)<\/em><\/p>\n","protected":false},"excerpt":{"rendered":"<p>Em 1844, num per\u00edodo cheio de incertezas sobre o futuro do Orat\u00f3rio, Dom Bosco anota&#8230;<\/p>\n","protected":false},"author":18,"featured_media":49712,"comment_status":"closed","ping_status":"closed","sticky":false,"template":"","format":"standard","meta":{"iawp_total_views":8,"footnotes":""},"categories":[172],"tags":[2561,2577,1827,2570,1689,1887,2230],"class_list":["post-49719","post","type-post","status-publish","format-standard","has-post-thumbnail","hentry","category-sonhos-de-dom-bosco","tag-carisma-salesiano","tag-dom-bosco","tag-gracas-obtidas","tag-igreja","tag-maria","tag-milagres","tag-sonhos"],"_links":{"self":[{"href":"https:\/\/www.donbosco.press\/pt-pt\/wp-json\/wp\/v2\/posts\/49719","targetHints":{"allow":["GET"]}}],"collection":[{"href":"https:\/\/www.donbosco.press\/pt-pt\/wp-json\/wp\/v2\/posts"}],"about":[{"href":"https:\/\/www.donbosco.press\/pt-pt\/wp-json\/wp\/v2\/types\/post"}],"author":[{"embeddable":true,"href":"https:\/\/www.donbosco.press\/pt-pt\/wp-json\/wp\/v2\/users\/18"}],"replies":[{"embeddable":true,"href":"https:\/\/www.donbosco.press\/pt-pt\/wp-json\/wp\/v2\/comments?post=49719"}],"version-history":[{"count":1,"href":"https:\/\/www.donbosco.press\/pt-pt\/wp-json\/wp\/v2\/posts\/49719\/revisions"}],"predecessor-version":[{"id":49726,"href":"https:\/\/www.donbosco.press\/pt-pt\/wp-json\/wp\/v2\/posts\/49719\/revisions\/49726"}],"wp:featuredmedia":[{"embeddable":true,"href":"https:\/\/www.donbosco.press\/pt-pt\/wp-json\/wp\/v2\/media\/49712"}],"wp:attachment":[{"href":"https:\/\/www.donbosco.press\/pt-pt\/wp-json\/wp\/v2\/media?parent=49719"}],"wp:term":[{"taxonomy":"category","embeddable":true,"href":"https:\/\/www.donbosco.press\/pt-pt\/wp-json\/wp\/v2\/categories?post=49719"},{"taxonomy":"post_tag","embeddable":true,"href":"https:\/\/www.donbosco.press\/pt-pt\/wp-json\/wp\/v2\/tags?post=49719"}],"curies":[{"name":"wp","href":"https:\/\/api.w.org\/{rel}","templated":true}]}}