{"id":49698,"date":"2026-03-12T07:53:50","date_gmt":"2026-03-12T07:53:50","guid":{"rendered":"https:\/\/www.donbosco.press\/?p=49698"},"modified":"2026-03-31T12:37:48","modified_gmt":"2026-03-31T12:37:48","slug":"vallecrosia-150-anos-de-presenca-salesiana-entre-memoria-e-futuro","status":"publish","type":"post","link":"https:\/\/www.donbosco.press\/pt-pt\/casas-salesianas\/vallecrosia-150-anos-de-presenca-salesiana-entre-memoria-e-futuro\/","title":{"rendered":"Vallecrosia: 150 anos de presen\u00e7a salesiana entre mem\u00f3ria e futuro"},"content":{"rendered":"<p><em><i>Em 2026, a comunidade salesiana de Vallecrosia celebra um marco significativo: 150 anos de presen\u00e7a educativa e pastoral no cora\u00e7\u00e3o do Ponente Ligure. Um anivers\u00e1rio que n\u00e3o \u00e9 apenas uma ocasi\u00e3o para recordar, mas tamb\u00e9m para refletir sobre o valor de uma hist\u00f3ria capaz de atravessar gera\u00e7\u00f5es, mudan\u00e7as sociais e transforma\u00e7\u00f5es culturais sem perder a pr\u00f3pria identidade. Desde as origens, ligadas diretamente \u00e0 intui\u00e7\u00e3o educativa de Dom Bosco, at\u00e9 os desafios do presente, a obra salesiana representou um ponto de refer\u00eancia est\u00e1vel para muitos jovens e fam\u00edlias. Percorrer este caminho significa descobrir como uma comunidade educativa, enraizada no territ\u00f3rio e animada pelo esp\u00edrito salesiano, continuou ao longo do tempo a colocar os jovens no centro, olhando com confian\u00e7a para o futuro.<br \/>\n<\/i><\/em><\/p>\n<p>Em 2026, a obra salesiana de Vallecrosia celebra <strong><b>150 anos de presen\u00e7a educativa e pastoral<\/b><\/strong> no Ponente Ligure. De 1876 at\u00e9 hoje, essa realidade atravessou \u00e9pocas muito diferentes, adaptando-se \u00e0s mudan\u00e7as da sociedade e \u00e0s novas necessidades das gera\u00e7\u00f5es mais jovens.<br \/>\nEm um s\u00e9culo e meio, a obra mudou rostos e atividades, renovou estruturas e projetos educativos, mas nunca perdeu o cerne de sua miss\u00e3o: <strong><b>colocar os jovens no centro<\/b><\/strong>, acompanhando-os no crescimento humano e espiritual e defendendo sua dignidade. Gera\u00e7\u00f5es de rapazes, fam\u00edlias e educadores encontraram nesta casa salesiana um ponto de refer\u00eancia est\u00e1vel, capaz de evoluir sem perder a pr\u00f3pria identidade.<br \/>\nEssa continuidade representa um dos aspectos mais significativos da presen\u00e7a salesiana em Vallecrosia: uma hist\u00f3ria que nunca foi interrompida e que continua at\u00e9 hoje com o mesmo esp\u00edrito que animava <strong><b>Jo\u00e3o Bosco<\/b><\/strong>, o fundador dos Salesianos.<\/p>\n<p><strong><b>As origens: Dom Bosco e o Santu\u00e1rio de Maria Auxiliadora<br \/>\n<\/b><\/strong>A presen\u00e7a salesiana no territ\u00f3rio do extremo Ponente Ligure nasceu nos \u00faltimos anos da vida de Dom Bosco. Em 1876, tomou forma a obra de Vallecrosia, destinada a se tornar um centro educativo e espiritual de grande import\u00e2ncia para a \u00e1rea entre Ventimiglia e Sanremo.<br \/>\nDesde o in\u00edcio, a miss\u00e3o dos salesianos se entrela\u00e7ou com a das Filhas de Maria Auxiliadora, j\u00e1 presentes no territ\u00f3rio. A colabora\u00e7\u00e3o entre as duas congrega\u00e7\u00f5es deu origem a uma presen\u00e7a educativa complementar: a dos salesianos para os meninos e a das religiosas para as meninas.<br \/>\nEssa dupla presen\u00e7a, masculina e feminina, contribuiu para criar uma ampla rede educativa, capaz de acompanhar gera\u00e7\u00f5es inteiras em seu percurso de crescimento.<br \/>\nNo centro dessa realidade est\u00e1 o Santu\u00e1rio de Maria Auxiliadora. Desde as origens, o santu\u00e1rio se tornou o cora\u00e7\u00e3o espiritual da comunidade: um lugar onde a f\u00e9 se entrela\u00e7ava com o compromisso educativo e social. Ainda hoje, ele representa um espa\u00e7o de encontro entre a dimens\u00e3o religiosa e a vida cotidiana do territ\u00f3rio.<\/p>\n<p><strong><b>Uma obra que cresce com o territ\u00f3rio<br \/>\n<\/b><\/strong>Ao longo das d\u00e9cadas, a obra salesiana se desenvolveu, ampliando suas atividades educativas e pastorais.<br \/>\nEm torno da presen\u00e7a dos salesianos, surgiram diversas realidades que marcaram a vida da comunidade local: a par\u00f3quia, o orat\u00f3rio, as atividades escolares, as iniciativas esportivas e culturais. Em tempos mais recentes, consolidou-se tamb\u00e9m a experi\u00eancia da forma\u00e7\u00e3o profissional atrav\u00e9s do CNOS-FAP, que oferece aos jovens oportunidades concretas de prepara\u00e7\u00e3o para o mundo do trabalho.<br \/>\nEssas iniciativas permitiram que a obra respondesse \u00e0s transforma\u00e7\u00f5es da sociedade sem perder sua identidade educativa.<br \/>\nO p\u00e1tio do orat\u00f3rio, em particular, permaneceu ao longo do tempo um dos s\u00edmbolos mais vivos do esp\u00edrito salesiano: um lugar de encontro, de amizade e de crescimento, onde o jogo e o esporte se tornam ocasi\u00f5es de educa\u00e7\u00e3o para a responsabilidade e a solidariedade.<br \/>\nMuitos ex-alunos recordam aqueles anos como uma experi\u00eancia determinante para suas vidas. N\u00e3o raro, contam que foi justamente entre os muros do orat\u00f3rio que aprenderam valores como o respeito pelos outros, o senso de dever e o compromisso com a comunidade.<\/p>\n<p><strong><b>Um livro para contar cento e cinquenta anos de hist\u00f3ria<br \/>\n<\/b><\/strong>Por ocasi\u00e3o do 150\u00ba anivers\u00e1rio, foi publicado um volume intitulado <em><i>\u201cDom Bosco em Vallecrosia: ontem, hoje e amanh\u00e3\u201d<\/i><\/em>.<br \/>\nO livro, realizado pela dire\u00e7\u00e3o do Instituto Salesiano em conjunto com o comit\u00ea organizador das celebra\u00e7\u00f5es, representa uma verdadeira reconstru\u00e7\u00e3o hist\u00f3rica da presen\u00e7a salesiana no territ\u00f3rio. Atrav\u00e9s de documentos, cartas, fotografias de \u00e9poca e testemunhos pessoais, o volume percorre a vida da par\u00f3quia, da escola, do orat\u00f3rio, das atividades esportivas e das iniciativas socioculturais que caracterizaram estes cento e cinquenta anos.<br \/>\nO organizador, Roberto Capaccio, ex-aluno salesiano, explicou o esp\u00edrito da iniciativa: reunir as vozes e as experi\u00eancias de quem viveu essa hist\u00f3ria para mostrar o qu\u00e3o profundamente a obra salesiana marcou a vida do extremo Ponente Ligure.<br \/>\nSegundo Capaccio, o objetivo do livro \u00e9 testemunhar como os salesianos e as Filhas de Maria Auxiliadora difundiram no territ\u00f3rio o esp\u00edrito educativo de Dom Bosco, contribuindo para formar gera\u00e7\u00f5es de jovens capazes de assumir responsabilidades na sociedade e de trabalhar para o bem comum.<br \/>\nA elabora\u00e7\u00e3o do volume exigiu um ano de trabalho, envolvendo um grupo de reda\u00e7\u00e3o formado por salesianos, ex-alunos e estudiosos da hist\u00f3ria local. O resultado \u00e9 um mosaico de mem\u00f3rias e documentos que revela o rosto de uma comunidade educativa enraizada no territ\u00f3rio.<\/p>\n<p>O posf\u00e1cio do livro \u00e9 assinado por <strong><b>Fabio Attard<\/b><\/strong>, d\u00e9cimo primeiro sucessor de Dom Bosco \u00e0 frente dos <strong><b>Salesianos de Dom Bosco<\/b><\/strong>.<br \/>\nPresente nas celebra\u00e7\u00f5es, Dom Attard destacou em seu discurso o significado profundo da mem\u00f3ria hist\u00f3rica. Recordar o passado, observou ele, n\u00e3o significa refugiar-se na nostalgia. Pelo contr\u00e1rio, a mem\u00f3ria deve se tornar um impulso para o futuro e um chamado \u00e0 responsabilidade.<br \/>\nA hist\u00f3ria da obra de Vallecrosia demonstra como, ao longo do tempo, a comunidade salesiana soube interpretar os desafios dos diferentes per\u00edodos hist\u00f3ricos sem perder de vista o objetivo principal: colocar os jovens no centro de sua a\u00e7\u00e3o educativa.<br \/>\nEste, afirmou Dom Attard, \u00e9 o fio condutor que atravessa cento e cinquenta anos de presen\u00e7a salesiana no territ\u00f3rio.<\/p>\n<p><strong><b>Um dom para a Igreja e para a sociedade<br \/>\n<\/b><\/strong>O bispo da diocese de Ventimiglia-Sanremo, <strong><b>Dom Antonio Suetta<\/b><\/strong>, tamb\u00e9m quis ressaltar o valor deste anivers\u00e1rio.<br \/>\nSegundo o prelado, estes cento e cinquenta anos representam um patrim\u00f4nio de dons incalcul\u00e1veis para a Igreja e para a sociedade. Somente o tempo, explicou ele, pode revelar plenamente o bem que a semente plantada por Dom Bosco produziu no cora\u00e7\u00e3o das pessoas e na vida das comunidades.<br \/>\nSuas palavras encontram confirma\u00e7\u00e3o nas muitas hist\u00f3rias pessoais ligadas \u00e0 obra salesiana. Cada vez que um ex-aluno conta o que o orat\u00f3rio significou para ele, ou quando um jovem em dificuldade encontra no centro de forma\u00e7\u00e3o profissional uma nova oportunidade, emerge a profundidade deste patrim\u00f4nio educativo.<\/p>\n<p><strong><b>Uma hist\u00f3ria que continua<br \/>\n<\/b><\/strong>Cento e cinquenta anos de hist\u00f3ria n\u00e3o representam uma linha de chegada, mas sim uma nova etapa do caminho.<br \/>\nEm seu discurso de encerramento durante as celebra\u00e7\u00f5es, Dom Fabio Attard convidou a comunidade salesiana e a sociedade civil a olharem para o futuro com confian\u00e7a.<br \/>\nA tarefa das obras educativas, lembrou ele, \u00e9 ouvir as perguntas e as inquieta\u00e7\u00f5es dos jovens de hoje, acompanhando-os na constru\u00e7\u00e3o de um amanh\u00e3 mais justo e humano. Cada jovem deve poder encontrar um ambiente onde a esperan\u00e7a possa brotar, onde a pessoa seja sempre respeitada e onde os mais fr\u00e1geis n\u00e3o sejam considerados um problema, mas protagonistas com talentos a serem descobertos e desenvolvidos.<br \/>\nEste \u00e9 o esp\u00edrito que continua a animar a obra salesiana de Vallecrosia.<\/p>\n<p>Ap\u00f3s 150 anos de atividade, a casa salesiana de Vallecrosia permanece uma presen\u00e7a viva no territ\u00f3rio. Sua hist\u00f3ria n\u00e3o pertence apenas ao passado, mas continua a ser escrita todos os dias atrav\u00e9s do trabalho dos educadores, do empenho dos volunt\u00e1rios e do entusiasmo dos jovens.<br \/>\nA mem\u00f3ria do que foi se torna, assim, um recurso para enfrentar o futuro.<br \/>\nComo acontecia nos tempos de Dom Bosco, tamb\u00e9m hoje o p\u00e1tio do orat\u00f3rio, as salas de aula da forma\u00e7\u00e3o profissional e os espa\u00e7os da comunidade continuam a ser lugares onde os jovens podem crescer, descobrir suas capacidades e construir seu projeto de vida.<br \/>\nE esta \u00e9 precisamente a verdadeira heran\u00e7a de cento e cinquenta anos de presen\u00e7a salesiana em Vallecrosia: <strong><b>uma comunidade que \u2014 fundada nos valores crist\u00e3os \u2014 continua a educar com frutos<\/b><\/strong>.<\/p>\n","protected":false},"excerpt":{"rendered":"<p>Em 2026, a comunidade salesiana de Vallecrosia celebra um marco significativo: 150 anos de presen\u00e7a&#8230;<\/p>\n","protected":false},"author":1,"featured_media":49691,"comment_status":"closed","ping_status":"closed","sticky":false,"template":"","format":"standard","meta":{"iawp_total_views":5,"footnotes":""},"categories":[162],"tags":[1731,2577,2203,2592,1911,2031],"class_list":["post-49698","post","type-post","status-publish","format-standard","has-post-thumbnail","hentry","category-casas-salesianas","tag-casas-salesianas","tag-dom-bosco","tag-eventos","tag-familia-salesiana","tag-noticias-religiosas","tag-vida"],"_links":{"self":[{"href":"https:\/\/www.donbosco.press\/pt-pt\/wp-json\/wp\/v2\/posts\/49698","targetHints":{"allow":["GET"]}}],"collection":[{"href":"https:\/\/www.donbosco.press\/pt-pt\/wp-json\/wp\/v2\/posts"}],"about":[{"href":"https:\/\/www.donbosco.press\/pt-pt\/wp-json\/wp\/v2\/types\/post"}],"author":[{"embeddable":true,"href":"https:\/\/www.donbosco.press\/pt-pt\/wp-json\/wp\/v2\/users\/1"}],"replies":[{"embeddable":true,"href":"https:\/\/www.donbosco.press\/pt-pt\/wp-json\/wp\/v2\/comments?post=49698"}],"version-history":[{"count":1,"href":"https:\/\/www.donbosco.press\/pt-pt\/wp-json\/wp\/v2\/posts\/49698\/revisions"}],"predecessor-version":[{"id":49705,"href":"https:\/\/www.donbosco.press\/pt-pt\/wp-json\/wp\/v2\/posts\/49698\/revisions\/49705"}],"wp:featuredmedia":[{"embeddable":true,"href":"https:\/\/www.donbosco.press\/pt-pt\/wp-json\/wp\/v2\/media\/49691"}],"wp:attachment":[{"href":"https:\/\/www.donbosco.press\/pt-pt\/wp-json\/wp\/v2\/media?parent=49698"}],"wp:term":[{"taxonomy":"category","embeddable":true,"href":"https:\/\/www.donbosco.press\/pt-pt\/wp-json\/wp\/v2\/categories?post=49698"},{"taxonomy":"post_tag","embeddable":true,"href":"https:\/\/www.donbosco.press\/pt-pt\/wp-json\/wp\/v2\/tags?post=49698"}],"curies":[{"name":"wp","href":"https:\/\/api.w.org\/{rel}","templated":true}]}}