{"id":48347,"date":"2026-01-27T20:38:29","date_gmt":"2026-01-27T20:38:29","guid":{"rendered":"https:\/\/www.donbosco.press\/?p=48347"},"modified":"2026-01-27T20:40:07","modified_gmt":"2026-01-27T20:40:07","slug":"entrevista-com-o-p-joao-aarao-cerezo-huerta-superior-da-inspetoria-do-mexico-mexico","status":"publish","type":"post","link":"https:\/\/www.donbosco.press\/pt-pt\/o-convidado\/entrevista-com-o-p-joao-aarao-cerezo-huerta-superior-da-inspetoria-do-mexico-mexico\/","title":{"rendered":"Entrevista com o P. Jo\u00e3o Aar\u00e3o CEREZO HUERTA, superior da Inspetoria do M\u00e9xico-M\u00e9xico"},"content":{"rendered":"<p><em><i>O P. Jo\u00e3o Aar\u00e3o Cerezo Huerta, nascido na Cidade do M\u00e9xico em 1968, \u00e9 o novo inspetor salesiano de uma das metr\u00f3poles mais populosas e complexas do mundo. Ordenado sacerdote em 1996, dedicou sua vida \u00e0 educa\u00e7\u00e3o e ao acompanhamento dos jovens mais vulner\u00e1veis, desde meninos de rua at\u00e9 adolescentes dos orat\u00f3rios. Com um doutorado em Teologia Espiritual obtido em Roma e uma experi\u00eancia de vinte anos em diversas obras salesianas mexicanas, ele traz consigo um profundo conhecimento do carisma de Dom Bosco e uma vis\u00e3o clara: levar a presen\u00e7a salesiana aonde ela ainda n\u00e3o chegou e oferecer aos jovens oportunidades concretas de crescimento e desenvolvimento profissional.<br \/>\n<\/i><\/em><\/p>\n<p><strong><b>Pode se apresentar?<br \/>\n<\/b><\/strong>Nasci em 29 de junho de 1968 na Cidade do M\u00e9xico. Fiz meus estudos prim\u00e1rios na Escola Normal do Instituto Juan Ponce de Le\u00f3n, em Puebla. Posteriormente, estudei Filosofia no Instituto Centro Am\u00e9rica, na Cidade do M\u00e9xico, e Teologia no Instituto Cristo Ressuscitado, em Tlaquepaque, Jalisco.<br \/>\nFiz minha primeira profiss\u00e3o religiosa em 15 de agosto de 1989 e fui ordenado sacerdote em 3 de fevereiro de 1996.<br \/>\nFormei-me em Psicologia Educacional pelo Instituto Nueva Galicia, em Guadalajara, Jalisco, e fiz cursos de especializa\u00e7\u00e3o em Desenvolvimento Humano na Universidade Ibero-Americana, campus de Quer\u00e9taro. Obtive o Mestrado em Teologia Espiritual na Universidade Pontif\u00edcia Salesiana (Roma), com a tese \u201c<em><i>O acompanhamento espiritual em alguns escritos de Dom Bosco<\/i><\/em>\u201d, e posteriormente o Doutorado em Teologia Espiritual na mesma universidade, com a tese \u201c<em><i>As contribui\u00e7\u00f5es do P. Paulo \u00c1lbera para a espiritualidade salesiana<\/i><\/em>\u201d.<br \/>\nAo longo do meu minist\u00e9rio, trabalhei em diversas comunidades e obras salesianas, incluindo: o Artesanato de Nazar\u00e9 (meninos de rua) na Cidade do M\u00e9xico; o Col\u00e9gio Salesiano de Quer\u00e9taro; o Orat\u00f3rio Salesiano Alborada em M\u00e9rida, Yucat\u00e1n; a Par\u00f3quia de S\u00e3o Francisco de Assis em Coacalco, Estado do M\u00e9xico; os col\u00e9gios Juan Ponce de Le\u00f3n e Trinidad S\u00e1nchez Santos, o Orat\u00f3rio Miguel Rua e o Templo de S\u00e3o Miguel em Puebla. Al\u00e9m disso, servi como Delegado da Pastoral Juvenil e da Fam\u00edlia Salesiana.<\/p>\n<p><strong><b>Quando sentiu o chamado pela primeira vez e o que o levou aos salesianos?<br \/>\n<\/b><\/strong>Senti o chamado de Deus ao sacerd\u00f3cio quando fiz minha primeira comunh\u00e3o. Quando conheci os salesianos no Orat\u00f3rio de Coacalco, me identifiquei verdadeiramente com o carisma ao ver os cl\u00e9rigos jogando no p\u00e1tio conosco.<\/p>\n<p><strong><b>Quais s\u00e3o as melhores lembran\u00e7as da sua inf\u00e2ncia?<br \/>\n<\/b><\/strong>As melhores lembran\u00e7as da minha inf\u00e2ncia s\u00e3o os momentos de brincadeira que eu tinha com meus amigos que moravam perto de casa; tamb\u00e9m as viagens que faz\u00edamos com toda a fam\u00edlia para v\u00e1rios lugares, como a praia e a floresta.<\/p>\n<p><strong><b>Qual foi o momento mais dif\u00edcil e o mais gratificante do seu minist\u00e9rio?<br \/>\n<\/b><\/strong>Os mais dif\u00edceis da minha vida foram a morte do meu pai, quando eu era aprendiz, e da minha m\u00e3e, quando voltei de Roma ap\u00f3s concluir o mestrado.<br \/>\nO mais gratificante foi a minha ordena\u00e7\u00e3o sacerdotal.<\/p>\n<p><strong><b>Voc\u00ea foi nomeado inspetor em uma das dez maiores cidades do mundo. Quais s\u00e3o os maiores desafios na educa\u00e7\u00e3o dos jovens?<br \/>\n<\/b><\/strong>\u00c9 uma responsabilidade muito grande, porque as grandes cidades t\u00eam uma complexidade de tarefas e desafios. Mas elas tamb\u00e9m t\u00eam a vantagem de poder colaborar com outras institui\u00e7\u00f5es em um dos objetivos principais, que \u00e9 a educa\u00e7\u00e3o. A educa\u00e7\u00e3o \u00e9 um dos caminhos mais importantes para verdadeiras mudan\u00e7as sociais.<br \/>\nUm dos desafios educacionais para os jovens \u00e9: ter um trabalho digno que lhes ofere\u00e7a a oportunidade de se desenvolverem profissionalmente e obterem uma renda digna.<\/p>\n<p><strong><b>Poderia compartilhar alguma experi\u00eancia que o marcou de forma especial com os jovens ou em sua miss\u00e3o?<br \/>\n<\/b><\/strong>Uma das experi\u00eancias mais significativas que compartilhei com os jovens foi trabalhar juntos na pastoral com os meninos de rua como educadores; no Orat\u00f3rio como animadores; nas miss\u00f5es a servi\u00e7o das comunidades; na par\u00f3quia como agentes de evangeliza\u00e7\u00e3o; nos col\u00e9gios no Movimento Juvenil Salesiano. Trabalhar junto com os jovens foi a minha maior satisfa\u00e7\u00e3o.<\/p>\n<p><strong><b>Que papel a ora\u00e7\u00e3o e a vida em comunidade desempenham no seu dia a dia?<br \/>\n<\/b><\/strong>A vida de ora\u00e7\u00e3o \u00e9 o alimento para o religioso. Ter momentos constantes e de qualidade na ora\u00e7\u00e3o permite que o salesiano se prepare para a miss\u00e3o; s\u00f3 assim ele poder\u00e1 oferecer aos jovens um aut\u00eantico encontro com Deus.<\/p>\n<p><strong><b>Que lugar Maria Auxiliadora ocupa em sua vida?<br \/>\n<\/b><\/strong>Cresci em uma fam\u00edlia com a devo\u00e7\u00e3o \u00e0 Virgem de Guadalupe. No M\u00e9xico, ser guadalupano \u00e9 natural e essencial. Na Virgem, encontramos nosso ref\u00fagio, apoio, ajuda, for\u00e7a e esperan\u00e7a. Para os mexicanos, a Virgem de Guadalupe \u00e9 nossa segunda m\u00e3e.<\/p>\n<p><strong><b>Voc\u00ea tem algum projeto que lhe interessa de modo especial?<br \/>\n<\/b><\/strong>Sonho em chegar aos estados de Guerrero, Veracruz, Campeche, Tabasco. Onde n\u00f3s, salesianos, ainda n\u00e3o estamos presentes. Acredito que temos uma d\u00edvida muito grande com todas aquelas pessoas que esperam a presen\u00e7a salesiana.<\/p>\n<p><strong><b>Que mensagem voc\u00ea gostaria de transmitir aos jovens de hoje?<br \/>\n<\/b><\/strong>Os jovens nunca deixam de ser o futuro, ou seja, a esperan\u00e7a em um mundo cada vez mais complexo em princ\u00edpios, desafios, necessidades, oportunidades, realidades. Os jovens s\u00e3o a esperan\u00e7a de algo novo, significativo, melhor. Estou convencido de que nas m\u00e3os de muitos jovens temos a esperan\u00e7a da mudan\u00e7a e da transforma\u00e7\u00e3o.<\/p>\n","protected":false},"excerpt":{"rendered":"<p>O P. Jo\u00e3o Aar\u00e3o Cerezo Huerta, nascido na Cidade do M\u00e9xico em 1968, \u00e9 o&#8230;<\/p>\n","protected":false},"author":1,"featured_media":48340,"comment_status":"closed","ping_status":"closed","sticky":false,"template":"","format":"standard","meta":{"iawp_total_views":16,"footnotes":""},"categories":[168],"tags":[2577,2579,1851,1815,1917,2226],"class_list":["post-48347","post","type-post","status-publish","format-standard","has-post-thumbnail","hentry","category-o-convidado","tag-dom-bosco","tag-educacao","tag-entrevistas","tag-juventude","tag-oratorio","tag-salesianos"],"_links":{"self":[{"href":"https:\/\/www.donbosco.press\/pt-pt\/wp-json\/wp\/v2\/posts\/48347","targetHints":{"allow":["GET"]}}],"collection":[{"href":"https:\/\/www.donbosco.press\/pt-pt\/wp-json\/wp\/v2\/posts"}],"about":[{"href":"https:\/\/www.donbosco.press\/pt-pt\/wp-json\/wp\/v2\/types\/post"}],"author":[{"embeddable":true,"href":"https:\/\/www.donbosco.press\/pt-pt\/wp-json\/wp\/v2\/users\/1"}],"replies":[{"embeddable":true,"href":"https:\/\/www.donbosco.press\/pt-pt\/wp-json\/wp\/v2\/comments?post=48347"}],"version-history":[{"count":1,"href":"https:\/\/www.donbosco.press\/pt-pt\/wp-json\/wp\/v2\/posts\/48347\/revisions"}],"predecessor-version":[{"id":48354,"href":"https:\/\/www.donbosco.press\/pt-pt\/wp-json\/wp\/v2\/posts\/48347\/revisions\/48354"}],"wp:featuredmedia":[{"embeddable":true,"href":"https:\/\/www.donbosco.press\/pt-pt\/wp-json\/wp\/v2\/media\/48340"}],"wp:attachment":[{"href":"https:\/\/www.donbosco.press\/pt-pt\/wp-json\/wp\/v2\/media?parent=48347"}],"wp:term":[{"taxonomy":"category","embeddable":true,"href":"https:\/\/www.donbosco.press\/pt-pt\/wp-json\/wp\/v2\/categories?post=48347"},{"taxonomy":"post_tag","embeddable":true,"href":"https:\/\/www.donbosco.press\/pt-pt\/wp-json\/wp\/v2\/tags?post=48347"}],"curies":[{"name":"wp","href":"https:\/\/api.w.org\/{rel}","templated":true}]}}