{"id":47437,"date":"2025-12-09T08:21:32","date_gmt":"2025-12-09T08:21:32","guid":{"rendered":"https:\/\/www.donbosco.press\/?p=47437"},"modified":"2025-12-10T07:07:49","modified_gmt":"2025-12-10T07:07:49","slug":"viver-o-sonho-de-dom-bosco","status":"publish","type":"post","link":"https:\/\/www.donbosco.press\/pt-pt\/boa-imprensa\/viver-o-sonho-de-dom-bosco\/","title":{"rendered":"Viver o sonho de Dom Bosco"},"content":{"rendered":"<p style=\"text-align: center;\"><em>Na foto: Carlo GASTINI, o promotor e primeiro animador do movimento dos Ex-alunos de Dom Bosco, em meio aos jovens na oficina de encaderna\u00e7\u00e3o de Valdocco &#8211; Turim.<\/em><\/p>\n<p><em>No cora\u00e7\u00e3o da Fam\u00edlia Salesiana sopra hoje um vento novo. Em todos os continentes, milhares de Ex-alunos e Amigos de Dom Bosco est\u00e3o redescobrindo a atualidade do carisma salesiano e o valor de uma voca\u00e7\u00e3o recebida nos bancos da escola, em um orat\u00f3rio ou em uma casa-fam\u00edlia. N\u00e3o se trata de uma simples renova\u00e7\u00e3o organizacional, mas de um retorno \u00e0s fontes: ouvir o Evangelho com o olhar de Dom Bosco, caminhar juntos com estilo sinodal e servir os jovens com paix\u00e3o educativa. \u00c9 um chamado a transformar-se permanecendo fiel a um sonho que continua a gerar vida e esperan\u00e7a.<br \/>\n<\/em><\/p>\n<p>Em toda a rede mundial da Confedera\u00e7\u00e3o dos Ex-alunos e Amigos de Dom Bosco, est\u00e1 ocorrendo um tranquilo despertar. O maior movimento dentro da Fam\u00edlia Salesiana empreendeu um caminho de profunda renova\u00e7\u00e3o \u2013 n\u00e3o simplesmente uma reforma administrativa, mas uma transforma\u00e7\u00e3o espiritual que busca redescobrir o cora\u00e7\u00e3o de sua miss\u00e3o. Guiado pelo esp\u00edrito da lideran\u00e7a sinodal, esse caminho convida todos os membros a ouvir, discernir e caminhar juntos na f\u00e9 e no servi\u00e7o.<br \/>\nNo centro dessa transforma\u00e7\u00e3o, trata-se n\u00e3o de mudar por modernidade, mas por fidelidade ao sonho de Dom Bosco. \u00c9 um ato de profundo discernimento \u2013 olhar para tr\u00e1s com gratid\u00e3o, viver o presente com coragem e reimaginar o futuro com esperan\u00e7a. Cada ex-aluno e amigo de Dom Bosco carrega em si uma centelha do mesmo fogo que outrora ardia no cora\u00e7\u00e3o de Dom Bosco: uma paix\u00e3o pelos jovens, especialmente pelos pobres e pelos esquecidos. Esse fogo continua a brilhar em salas de aula, salas de reuni\u00e3o, hospitais, oficinas e casas em todo o mundo. Cada membro torna-se uma testemunha viva da miss\u00e3o de Dom Bosco \u2013 formar \u201cbons crist\u00e3os e honestos cidad\u00e3os\u201d atrav\u00e9s da f\u00e9, da compaix\u00e3o e do servi\u00e7o.<br \/>\nA Assembleia Geral Mundial Extraordin\u00e1ria de 2024 assinalou um marco nessa renova\u00e7\u00e3o. Com delegados vindos de mais de quarenta pa\u00edses, o tema \u201cCaminhar Juntos: Mudar para a Continuidade\u201d capturou a ess\u00eancia de um movimento que abra\u00e7a a transforma\u00e7\u00e3o, permanecendo fiel \u00e0s suas ra\u00edzes. A Assembleia reafirmou que a fidelidade \u00e0 vis\u00e3o de Dom Bosco significa mant\u00ea-la viva por meio de uma adapta\u00e7\u00e3o criativa. Desse esp\u00edrito surgiu um audacioso plano em sete passos \u2014 um roteiro centrado em ouvir todas as vozes, reconectar-se com o patrim\u00f4nio salesiano e responder \u00e0s necessidades mutantes dos jovens que enfrentam novas formas de pobreza, isolamento e injusti\u00e7a.<br \/>\nEsse caminho est\u00e1 fortalecendo a presen\u00e7a e o alcance da organiza\u00e7\u00e3o nas quatro regi\u00f5es do mundo. Cada encontro, reuni\u00e3o e iniciativa torna-se um momento de encorajamento, renova\u00e7\u00e3o e redescoberta de nossa vis\u00e3o e miss\u00e3o compartilhadas. Quatro pilares-chave emergiram como far\u00f3is orientadores para essa renova\u00e7\u00e3o: Fraternidade, Lideran\u00e7a Sinodal, Mudan\u00e7a e Miss\u00e3o.<br \/>\nA fraternidade est\u00e1 no centro do carisma salesiano \u2013 aquele esp\u00edrito de fam\u00edlia feito de alegria, simplicidade e cuidado m\u00fatuo. Ela fortalece a identidade e a unidade, formando uma base sobre a qual a colabora\u00e7\u00e3o e o crescimento podem florescer. A lideran\u00e7a sinodal, inspirada no convite do Papa Francisco a uma Igreja mais inclusiva, chama a Confedera\u00e7\u00e3o a um novo modo de liderar: participativo, humilde e enraizado na comunh\u00e3o. A mudan\u00e7a deixa de ser vista como uma amea\u00e7a, passando a ser um sinal de vitalidade \u2013 uma resposta ao movimento do Esp\u00edrito em nossos tempos. Como Dom Bosco e Carlos Gastini come\u00e7aram h\u00e1 155 anos, o sonho permanece vivo, e agora \u00e9 nossa responsabilidade torn\u00e1-lo real para os jovens de hoje.<br \/>\nUm sinal vital dessa renova\u00e7\u00e3o \u00e9 a participa\u00e7\u00e3o ativa dos jovens ex-alunos (JEX). Sua energia, criatividade e intui\u00e7\u00e3o trazem nova vida ao movimento. Os jovens n\u00e3o s\u00e3o apenas o futuro, mas o presente da Fam\u00edlia Salesiana. Seu envolvimento assegura que a miss\u00e3o permane\u00e7a din\u00e2mica, relevante e profundamente conectada aos desafios e oportunidades da vida moderna. O Plano Estrat\u00e9gico da Confedera\u00e7\u00e3o coloca a participa\u00e7\u00e3o dos JEX em todos os n\u00edveis de lideran\u00e7a, garantindo que o engajamento juvenil n\u00e3o seja apenas discutido, mas vivenciado. Quando se confia e responsabiliza os jovens, nasce um novo esp\u00edrito de colabora\u00e7\u00e3o e vitalidade.<br \/>\nOlhando para a frente, o desafio \u00e9 garantir a continuidade \u2013 continuar a oferecer espa\u00e7os onde os jovens possam encontrar aquilo que Dom Bosco outrora oferecia: uma casa que acolhe, uma escola que educa, um p\u00e1tio que diverte e uma igreja que orienta. Essas devem permanecer realidades vivas dentro do nosso movimento.<br \/>\nIgualmente essenciais s\u00e3o a unidade e a colabora\u00e7\u00e3o. A for\u00e7a da Confedera\u00e7\u00e3o reside em sua diversidade \u2013 uma fam\u00edlia global ligada por um \u00fanico carisma e uma \u00fanica miss\u00e3o. Apoiar-se apenas na nostalgia significaria perder de vista o chamado \u00e0 a\u00e7\u00e3o que Dom Bosco nos confiou: ser evangelizadores e educadores dos jovens como leigos ativos dentro da Igreja.<br \/>\nHoje, o mundo precisa de testemunhas de f\u00e9 e esperan\u00e7a. A miss\u00e3o que nos foi confiada \u2013 apoiar-nos mutuamente, servir os jovens e sustentar o esp\u00edrito salesiano \u2013 \u00e9 mais relevante do que nunca. Este \u00e9 o nosso momento: ser portadores de f\u00e9, educar e acompanhar os jovens e ajud\u00e1-los a se tornarem cidad\u00e3os honestos e crentes firmes. Ao abra\u00e7armos a lideran\u00e7a sinodal, aprendemos novamente o que significa caminhar juntos \u2013 ouvir, servir e transformar o mundo, um jovem de cada vez.<\/p>\n<p><em>Bryan Magro<br \/>\nPresidente da Confedera\u00e7\u00e3o Mundial dos Ex-alunos de Dom Bosco<\/em><\/p>\n","protected":false},"excerpt":{"rendered":"<p>Na foto: Carlo GASTINI, o promotor e primeiro animador do movimento dos Ex-alunos de Dom&#8230;<\/p>\n","protected":false},"author":1,"featured_media":47427,"comment_status":"closed","ping_status":"closed","sticky":false,"template":"","format":"standard","meta":{"iawp_total_views":8,"footnotes":""},"categories":[161],"tags":[2559,2561,2579,2209,2592,2231,2031,2025],"class_list":["post-47437","post","type-post","status-publish","format-standard","has-post-thumbnail","hentry","category-boa-imprensa","tag-benfeitores","tag-carisma-salesiano","tag-educacao","tag-ex-alunos","tag-familia-salesiana","tag-solidariedade","tag-vida","tag-virtude"],"_links":{"self":[{"href":"https:\/\/www.donbosco.press\/pt-pt\/wp-json\/wp\/v2\/posts\/47437","targetHints":{"allow":["GET"]}}],"collection":[{"href":"https:\/\/www.donbosco.press\/pt-pt\/wp-json\/wp\/v2\/posts"}],"about":[{"href":"https:\/\/www.donbosco.press\/pt-pt\/wp-json\/wp\/v2\/types\/post"}],"author":[{"embeddable":true,"href":"https:\/\/www.donbosco.press\/pt-pt\/wp-json\/wp\/v2\/users\/1"}],"replies":[{"embeddable":true,"href":"https:\/\/www.donbosco.press\/pt-pt\/wp-json\/wp\/v2\/comments?post=47437"}],"version-history":[{"count":2,"href":"https:\/\/www.donbosco.press\/pt-pt\/wp-json\/wp\/v2\/posts\/47437\/revisions"}],"predecessor-version":[{"id":47451,"href":"https:\/\/www.donbosco.press\/pt-pt\/wp-json\/wp\/v2\/posts\/47437\/revisions\/47451"}],"wp:featuredmedia":[{"embeddable":true,"href":"https:\/\/www.donbosco.press\/pt-pt\/wp-json\/wp\/v2\/media\/47427"}],"wp:attachment":[{"href":"https:\/\/www.donbosco.press\/pt-pt\/wp-json\/wp\/v2\/media?parent=47437"}],"wp:term":[{"taxonomy":"category","embeddable":true,"href":"https:\/\/www.donbosco.press\/pt-pt\/wp-json\/wp\/v2\/categories?post=47437"},{"taxonomy":"post_tag","embeddable":true,"href":"https:\/\/www.donbosco.press\/pt-pt\/wp-json\/wp\/v2\/tags?post=47437"}],"curies":[{"name":"wp","href":"https:\/\/api.w.org\/{rel}","templated":true}]}}