{"id":47392,"date":"2025-12-05T19:39:32","date_gmt":"2025-12-05T19:39:32","guid":{"rendered":"https:\/\/www.donbosco.press\/?p=47392"},"modified":"2025-12-05T19:41:50","modified_gmt":"2025-12-05T19:41:50","slug":"entrevista-com-o-conselheiro-para-a-asia-leste-e-oceania-p-william-matthews","status":"publish","type":"post","link":"https:\/\/www.donbosco.press\/pt-pt\/o-convidado\/entrevista-com-o-conselheiro-para-a-asia-leste-e-oceania-p-william-matthews\/","title":{"rendered":"Entrevista com o Conselheiro para a \u00c1sia Leste e Oceania, P. William MATTHEWS"},"content":{"rendered":"<p><em>Conhecemos P. Guilherme Matthews, salesiano de origem birmanesa, criado na Austr\u00e1lia, que em mar\u00e7o de 2025 foi nomeado Conselheiro Geral para a Regi\u00e3o da \u00c1sia Leste e Oceania durante o 29\u00ba Cap\u00edtulo Geral em Turim. Nesta entrevista, o P. Matthews percorre seu caminho vocacional, desde a par\u00f3quia salesiana de Mandalay at\u00e9 a emigra\u00e7\u00e3o para a Austr\u00e1lia, passando pela ordena\u00e7\u00e3o sacerdotal e pelo servi\u00e7o como Inspetor da Austr\u00e1lia e da Inspetoria do Pac\u00edfico. Compartilha sua paix\u00e3o pela educa\u00e7\u00e3o dos jovens, a import\u00e2ncia do Sistema Preventivo e seu empenho particular em favor de refugiados e migrantes, refletindo sobre os desafios da evangeliza\u00e7\u00e3o contempor\u00e2nea e sobre a unidade da Fam\u00edlia Salesiana.<br \/>\n<\/em><\/p>\n<p><strong>Poderia apresentar-se?<br \/>\n<\/strong>Ol\u00e1! Meu nome \u00e9 P. Guilherme Matthews, Conselheiro Geral para a Regi\u00e3o da \u00c1sia Leste e Oceania dos Salesianos de Dom Bosco. Nascido e criado numa par\u00f3quia salesiana em Mandalay, Birm\u00e2nia, emigrei para a Austr\u00e1lia com minha fam\u00edlia em 1994. Fiz minha primeira profiss\u00e3o como Salesiano em 31 de janeiro de 1997, em Melbourne, Austr\u00e1lia, e fui ordenado sacerdote em Perth, Austr\u00e1lia Ocidental, em 9 de dezembro de 2005. Como Salesiano, passei a maior parte do meu tempo na educa\u00e7\u00e3o secund\u00e1ria entre Melbourne, Adelaide e Sydney, na Austr\u00e1lia. Em junho de 2017, fui nomeado 11\u00ba Inspetor da Austr\u00e1lia e da Inspetoria do Pac\u00edfico, cargo que cumpri fielmente de 2018 a 2023. Durante o 29\u00ba Cap\u00edtulo Geral em Turim, em mar\u00e7o de 2025, embora n\u00e3o sendo membro do Cap\u00edtulo, fui nomeado Conselheiro Geral para a Regi\u00e3o da \u00c1sia Leste e Oceania.<\/p>\n<p><strong>Quem lhe contou pela primeira vez a hist\u00f3ria de Jesus?<br \/>\n<\/strong>Aprendi a amar e seguir Jesus quando crian\u00e7a, dentro da minha fam\u00edlia. Minha fam\u00edlia era muito devota; e praticar a f\u00e9 crist\u00e3 com celebra\u00e7\u00f5es regulares dos sacramentos foi parte importante do meu crescimento. Nossos pais garantiram que f\u00f4ssemos bons crist\u00e3os, seguindo fielmente a Jesus.<\/p>\n<p><strong>Como percebeu o chamado de Deus e como isso se manifestou em sua vida? Por que salesiano?<br \/>\n<\/strong>Como coroinha na minha par\u00f3quia local por muitos anos, meu interesse pela vida sacerdotal germinou e se desenvolveu. Na adolesc\u00eancia, eu ensinava catecismo na aus\u00eancia de padres ou religiosas e tamb\u00e9m conduzia servi\u00e7os de ora\u00e7\u00e3o na minha comunidade paroquial. Estive ativamente envolvido na pastoral juvenil da minha par\u00f3quia. Ser l\u00edder ou organizador sempre foi parte da minha vida. Escolhi a vida salesiana por causa do meu ambiente paroquial, do v\u00ednculo da minha fam\u00edlia com os Salesianos e do meu genu\u00edno interesse pela educa\u00e7\u00e3o dos jovens. Nunca me arrependi depois de ingressar no semin\u00e1rio salesiano na Birm\u00e2nia. Acredito que Nossa Senhora me conduziu a Dom Bosco.<\/p>\n<p><strong>Quais foram os momentos ou pessoas decisivos no seu processo de discernimento?<br \/>\n<\/strong>Foi um grande desafio passar no exame de conclus\u00e3o do ensino m\u00e9dio na Birm\u00e2nia. Muitos tentaram v\u00e1rias vezes e falharam. Fiz um acordo com Deus de que entraria no semin\u00e1rio se passasse na primeira tentativa. Deus ouviu meu pedido e abriu o caminho. Com o apoio da minha fam\u00edlia e dos paroquianos, ingressei no semin\u00e1rio salesiano de Anisakan, na Birm\u00e2nia, ap\u00f3s o ensino m\u00e9dio. A vida \u00e9 cheia de surpresas! Reviravoltas e mudan\u00e7as na voca\u00e7\u00e3o s\u00e3o normais porque n\u00e3o sabemos onde o bom Deus nos conduz. Junto com minha fam\u00edlia, emigrei para a Austr\u00e1lia em 1994 e dei continuidade ao meu itiner\u00e1rio salesiano em Melbourne. Sei que minha fam\u00edlia, especialmente minha m\u00e3e e muitos amigos, sempre me apoiam e rezam pela perseveran\u00e7a na minha voca\u00e7\u00e3o.<\/p>\n<p><strong>H\u00e1 um epis\u00f3dio que marcou particularmente sua forma\u00e7\u00e3o salesiana?<br \/>\n<\/strong>A forma\u00e7\u00e3o salesiana que recebi como aspirante na Birm\u00e2nia me deu uma base s\u00f3lida. Muitos Salesianos que conheci na Birm\u00e2nia me inspiraram a viver como Salesiano pelo bem dos jovens. Tamb\u00e9m v\u00e1rios Salesianos mais experientes na Inspetoria australiana foram modelos extraordin\u00e1rios em minha vida. A santidade, generosidade e simplicidade deles eram incompar\u00e1veis, e aprendi muito com eles para me tornar um Salesiano melhor.<\/p>\n<p><strong>Qual \u00e9 a maior alegria do seu minist\u00e9rio? E a maior dificuldade?<br \/>\n<\/strong>A maior alegria da minha vida \u00e9 estar com os jovens, os pobres, os refugiados e os migrantes na celebra\u00e7\u00e3o dos sacramentos. Eles s\u00e3o o sentido e o prop\u00f3sito da minha vida e do meu minist\u00e9rio. Sinto grande satisfa\u00e7\u00e3o ao saber que encontramos Jesus uns nos outros. Ainda assim, h\u00e1 momentos dif\u00edceis em que sou incompreendido pelos outros, e tenho de lidar com pessoas que tratam diferentemente os demais por causa de ra\u00e7a, g\u00eanero, origem ou cultura.<\/p>\n<p><strong>Que desafios v\u00ea hoje ao acompanhar os jovens, e quais ferramentas salesianas ainda parecem eficazes?<br \/>\n<\/strong>Os Salesianos precisam ser aceitos pelos jovens antes de poder acompanh\u00e1-los. \u00c9 por isso que Dom Bosco quer que seus Salesianos sejam amados. A presen\u00e7a salesiana \u00e9 o primeiro passo importante e ajudar\u00e1 os Salesianos a serem conhecidos pelos jovens. Quanto \u00e0 ferramenta, o uso do Sistema Preventivo \u00e9 a melhor maneira de acompanhar os jovens para que vejam Jesus e sejam como Jesus para os outros.<\/p>\n<p><strong>Poderia compartilhar uma experi\u00eancia particularmente significativa com os jovens ou em sua miss\u00e3o?<br \/>\n<\/strong>Uma experi\u00eancia significativa com os jovens na minha vida e miss\u00e3o foi passar tempo com refugiados, migrantes e trabalhadores migrantes de Mianmar [Myanmar] na Austr\u00e1lia, Nova Zel\u00e2ndia e Tail\u00e2ndia. Eles sempre precisam de apoio espiritual e moral, e valorizam imensamente at\u00e9 o menor tempo e a presen\u00e7a que compartilho com eles. Alcan\u00e7\u00e1-los e passar tempo com eles sempre foi uma experi\u00eancia gratificante para mim como filho de Dom Bosco.<\/p>\n<p><strong>Como se mant\u00e9m firme nas dificuldades do ponto de vista espiritual e humano?<br \/>\n<\/strong>Manter-me ativo e saud\u00e1vel, tanto espiritual quanto fisicamente, \u00e9 muito importante para superar os desafios da vida, especialmente aqueles fora do meu controle. Confiar na calma e na gentileza, juntamente com a gra\u00e7a de Deus, por meio de uma vida espiritual e f\u00edsica saud\u00e1vel, me ajuda a superar meus momentos dif\u00edceis.<\/p>\n<p><strong>H\u00e1 alguma figura (al\u00e9m de Dom Bosco) que o inspirou particularmente na sua vida espiritual?<br \/>\n<\/strong>Al\u00e9m de Dom Bosco, Maria, m\u00e3e de Jesus Cristo, me inspirou na minha vida de servi\u00e7o pelo bem do pr\u00f3ximo. Maria aceitou a Palavra de Deus e a tornou realidade sem medo ou tremor. Ela era confiante, calma, gentil e alegre em fazer a vontade de Deus como primeira disc\u00edpula fiel. Com Maria como modelo e guia, um Salesiano pode percorrer um longo caminho em seu minist\u00e9rio.<\/p>\n<p><strong>Quais s\u00e3o hoje os grandes desafios da evangeliza\u00e7\u00e3o e da miss\u00e3o?<br \/>\n<\/strong>O materialismo e o individualismo s\u00e3o os grandes desafios da evangeliza\u00e7\u00e3o e da miss\u00e3o hoje. As pessoas precisam abra\u00e7ar a beleza e a simplicidade da humanidade para viver em paz e harmonia, seguindo os ensinamentos de Jesus Cristo, que \u00e9 o caminho, a verdade e a vida.<\/p>\n<p><strong>Colabora com os leigos, com as Filhas de Maria Auxiliadora (FMA), com outros membros da Fam\u00edlia Salesiana?<br \/>\n<\/strong>Como Salesiano, a colabora\u00e7\u00e3o com os membros da Fam\u00edlia Salesiana, especialmente os leigos, \u00e9 muito importante. Sem eles, n\u00e3o progrediremos. Eu os incentivo, apoio e trabalho com eles de todas as formas poss\u00edveis.<\/p>\n<p><strong>Planos para o futuro? Sonhos? Iniciativas?<br \/>\n<\/strong>Meus planos ou sonhos n\u00e3o s\u00e3o pessoais, mas de Dom Bosco, para ajudar os jovens a se tornarem \u201cbons crist\u00e3os e honestos cidad\u00e3os\u201d em todos os cantos do mundo, especialmente em pa\u00edses e lugares que enfrentam dificuldades e desafios.<\/p>\n<p><strong>Que conselho daria a um jovem que se sente chamado \u00e0 vida religiosa?<br \/>\n<\/strong>N\u00e3o tenham medo; confiem apenas no Senhor, que operar\u00e1 atrav\u00e9s de voc\u00eas para a SUA grande gl\u00f3ria. Venham e entreguem-se totalmente ao Senhor, e Ele os levar\u00e1 a lugares onde voc\u00eas s\u00e3o necess\u00e1rios.<\/p>\n<p><strong>Tem uma mensagem para a Fam\u00edlia Salesiana?<br \/>\n<\/strong>Minha mensagem para a Fam\u00edlia Salesiana \u00e9 que permane\u00e7am unidos, rezem juntos e trabalhem juntos no esp\u00edrito de S\u00e3o Jo\u00e3o Bosco, sob a orienta\u00e7\u00e3o maternal de Nossa Senhora Auxiliadora dos Crist\u00e3os.<\/p>\n","protected":false},"excerpt":{"rendered":"<p>Conhecemos P. Guilherme Matthews, salesiano de origem birmanesa, criado na Austr\u00e1lia, que em mar\u00e7o de&#8230;<\/p>\n","protected":false},"author":1,"featured_media":47385,"comment_status":"closed","ping_status":"closed","sticky":false,"template":"","format":"standard","meta":{"iawp_total_views":6,"footnotes":""},"categories":[168],"tags":[2561,2579,2203,2189,2610,2226],"class_list":["post-47392","post","type-post","status-publish","format-standard","has-post-thumbnail","hentry","category-o-convidado","tag-carisma-salesiano","tag-educacao","tag-eventos","tag-jesus","tag-nossos-guias","tag-salesianos"],"_links":{"self":[{"href":"https:\/\/www.donbosco.press\/pt-pt\/wp-json\/wp\/v2\/posts\/47392","targetHints":{"allow":["GET"]}}],"collection":[{"href":"https:\/\/www.donbosco.press\/pt-pt\/wp-json\/wp\/v2\/posts"}],"about":[{"href":"https:\/\/www.donbosco.press\/pt-pt\/wp-json\/wp\/v2\/types\/post"}],"author":[{"embeddable":true,"href":"https:\/\/www.donbosco.press\/pt-pt\/wp-json\/wp\/v2\/users\/1"}],"replies":[{"embeddable":true,"href":"https:\/\/www.donbosco.press\/pt-pt\/wp-json\/wp\/v2\/comments?post=47392"}],"version-history":[{"count":1,"href":"https:\/\/www.donbosco.press\/pt-pt\/wp-json\/wp\/v2\/posts\/47392\/revisions"}],"predecessor-version":[{"id":47399,"href":"https:\/\/www.donbosco.press\/pt-pt\/wp-json\/wp\/v2\/posts\/47392\/revisions\/47399"}],"wp:featuredmedia":[{"embeddable":true,"href":"https:\/\/www.donbosco.press\/pt-pt\/wp-json\/wp\/v2\/media\/47385"}],"wp:attachment":[{"href":"https:\/\/www.donbosco.press\/pt-pt\/wp-json\/wp\/v2\/media?parent=47392"}],"wp:term":[{"taxonomy":"category","embeddable":true,"href":"https:\/\/www.donbosco.press\/pt-pt\/wp-json\/wp\/v2\/categories?post=47392"},{"taxonomy":"post_tag","embeddable":true,"href":"https:\/\/www.donbosco.press\/pt-pt\/wp-json\/wp\/v2\/tags?post=47392"}],"curies":[{"name":"wp","href":"https:\/\/api.w.org\/{rel}","templated":true}]}}