{"id":35036,"date":"2025-02-05T10:06:25","date_gmt":"2025-02-05T10:06:25","guid":{"rendered":"https:\/\/exciting-knuth.178-32-140-152.plesk.page\/?p=35036"},"modified":"2026-03-31T09:15:51","modified_gmt":"2026-03-31T09:15:51","slug":"em-memoria-cardeal-angelo-amato-sdb","status":"publish","type":"post","link":"https:\/\/www.donbosco.press\/pt-pt\/a-memoria-deles-e-uma-bencao\/em-memoria-cardeal-angelo-amato-sdb\/","title":{"rendered":"Em mem\u00f3ria. Cardeal \u00c2ngelo Amato, sdb"},"content":{"rendered":"\r\n<p><em>A Igreja Universal e a Fam\u00edlia Salesiana se despediram pela \u00faltima vez, em 31 de dezembro de 2024, do Cardeal Angelo Amato, S.D.B., Prefeito Em\u00e9rito da Congrega\u00e7\u00e3o para as Causas dos Santos. Nascido em Molfetta (na prov\u00edncia de Bari, It\u00e1lia) em 8 de junho de 1938, ele serviu por muito tempo a Santa S\u00e9 e foi um ponto de refer\u00eancia para a teologia, a pesquisa acad\u00eamica e a promo\u00e7\u00e3o da santidade na Igreja. As ex\u00e9quias, presididas em 2 de janeiro de 2025 pelo Cardeal Jo\u00e3o Batista Re, Decano do Col\u00e9gio Cardinal\u00edcio, ocorreram junto ao Altar da C\u00e1tedra da Bas\u00edlica de S\u00e3o Pedro. Ao final, o Santo Padre Francisco presidiu o rito da \u201c\u00daltima Commendatio [\u00daltima Encomenda\u00e7\u00e3o]\u201d e da \u201cValedictio [Despedida]\u201d, prestando sua homenagem a este ilustre filho de S\u00e3o Jo\u00e3o Bosco.<br>A seguir, um perfil biogr\u00e1fico que percorre sua vida, as etapas mais significativas de sua forma\u00e7\u00e3o, as experi\u00eancias acad\u00eamicas e pastorais, at\u00e9 sua miss\u00e3o como Prefeito da Congrega\u00e7\u00e3o das Causas dos Santos.<\/em><br><br><br><strong>As origens e a escolha salesiana<br><\/strong>\u00c2ngelo Amato nasceu em Molfetta em 8 de junho de 1938, primeiro de quatro filhos de uma fam\u00edlia de construtores navais. Crescido em um ambiente que favoreceu seu esp\u00edrito de compromisso e responsabilidade, fez os primeiros estudos nas escolas prim\u00e1rias dirigidas pelas Irm\u00e3s Alcantarinas e pelas irm\u00e3s Salesianas dos Sagrados Cora\u00e7\u00f5es, em Molfetta. Posteriormente, continuou com a escola m\u00e9dia e, vislumbrando um poss\u00edvel futuro na carreira mar\u00edtima, inscreveu-se no Instituto N\u00e1utico de Bari, na se\u00e7\u00e3o de capit\u00e3es de longo curso. Foi durante o terceiro ano de estudos, em outubro de 1953, que tomou a decis\u00e3o de seguir o caminho do sacerd\u00f3cio: deixou o Instituto N\u00e1utico e ingressou no aspirantado salesiano de Torre Annunziata. Sua voca\u00e7\u00e3o religiosa, portanto, se inseriu desde o in\u00edcio na Fam\u00edlia Salesiana. Ap\u00f3s um per\u00edodo de prova, fez o noviciado em Portici Bellavista de 1955 a 1956. Em 16 de agosto de 1956, dia que a tradi\u00e7\u00e3o salesiana reserva para a primeira profiss\u00e3o dos novi\u00e7os, emitiu os votos religiosos tornando-se salesiano de Dom Bosco. A partir desse momento, sua vida estaria profundamente ligada ao carisma salesiano, com especial aten\u00e7\u00e3o aos jovens e \u00e0 educa\u00e7\u00e3o. Terminando o noviciado, \u00c2ngelo Amato frequentou o estudantado filos\u00f3fico de S\u00e3o Greg\u00f3rio de Cat\u00e2nia, onde obteve o diploma de ensino m\u00e9dio cl\u00e1ssico (em 1959) e, em seguida, a licen\u00e7a em Filosofia no ent\u00e3o Pontif\u00edcio Ateneu Salesiano de Roma (hoje Universidade Pontif\u00edcia Salesiana). Em 1962, emitiu a profiss\u00e3o perp\u00e9tua, consolidando definitivamente sua perten\u00e7a \u00e0 Congrega\u00e7\u00e3o Salesiana. Naqueles mesmos anos, realizou o tiroc\u00ednio pr\u00e1tico no col\u00e9gio salesiano de Cisternino (Br\u00edndisi), ensinando letras na escola m\u00e9dia: uma experi\u00eancia que o colocou desde o in\u00edcio em contato com o apostolado juvenil e o ensino, duas dimens\u00f5es que marcar\u00e3o toda a sua miss\u00e3o.<br><br><strong>A ordena\u00e7\u00e3o sacerdotal e os estudos teol\u00f3gicos<br><\/strong>A etapa seguinte do percurso de \u00c2ngelo Amato foi o estudo da Teologia na Faculdade Teol\u00f3gica da Universidade Salesiana, tamb\u00e9m em Roma, onde obteve a licen\u00e7a em Teologia. Ordenado sacerdote em 22 de dezembro de 1967, decidiu se especializar ainda mais e se inscreveu na Pontif\u00edcia Universidade Gregoriana. Em 1974, obteve o doutorado em Teologia, tornando-se parte do corpo docente universit\u00e1rio. O campo teol\u00f3gico o fascinava profundamente, e isso se refletiria na grande quantidade de publica\u00e7\u00f5es e ensaios dos quais foi autor ao longo de sua carreira acad\u00eamica.<br><br><strong>A experi\u00eancia na Gr\u00e9cia e a pesquisa sobre o mundo ortodoxo<br><\/strong>Uma fase determinante na forma\u00e7\u00e3o do P. \u00c2ngelo Amato foi a estadia na Gr\u00e9cia, a partir de 1977, promovida pelo ent\u00e3o Secretariado para a Unidade dos Crist\u00e3os (hoje Dicast\u00e9rio para a Promo\u00e7\u00e3o da Unidade dos Crist\u00e3os). Inicialmente, passou quatro meses na resid\u00eancia ateniense dos jesu\u00edtas, onde se dedicou ao estudo do grego moderno, tanto escrito quanto falado, visando a inscri\u00e7\u00e3o na Universidade de Sal\u00f4nica. Admitido nos cursos, obteve uma bolsa de estudos do Patriarcado de Constantinopla, gra\u00e7as \u00e0 qual p\u00f4de permanecer no Mon\u00ed Vlatadon (Mosteiro Vlatadon), sede de um instituto de estudos patr\u00edsticos (Idrima ton Paterikon Meleton) e de uma riqu\u00edssima biblioteca especializada em teologia ortodoxa, enriquecida pelos microfilmes dos manuscritos do Monte Athos. Na Universidade de Sal\u00f4nica, seguiu cursos de hist\u00f3ria dos dogmas com o professor Jannis Kaloghirou e de dogm\u00e1tica sistem\u00e1tica com Jannis Romanidis. Paralelamente, desenvolveu um importante estudo sobre o sacramento da penit\u00eancia na teologia greco-ortodoxa do s\u00e9culo XVI ao XX: a pesquisa, apoiada pelo conhecido patr\u00f3logo grego Konstantinos Christou, foi publicada em 1982 na cole\u00e7\u00e3o \u00abAn\u00e1lekta Vlat\u00e1don\u00bb. Este per\u00edodo de interc\u00e2mbio ecum\u00eanico e de conhecimento aprofundado do mundo crist\u00e3o oriental enriqueceu consideravelmente a forma\u00e7\u00e3o de Amato, tornando-o um especialista em teologia ortodoxa e nas din\u00e2micas de di\u00e1logo entre Oriente e Ocidente.<br><br><strong>O retorno a Roma e o compromisso acad\u00eamico na Universidade Pontif\u00edcia Salesiana<br><\/strong>Retornando a Roma, \u00c2ngelo Amato assumiu o cargo de professor de Cristologia na Faculdade de Teologia da Pontif\u00edcia Universidade Salesiana. Seus dotes de estudioso e sua clareza expositiva n\u00e3o passaram despercebidos: foi nomeado Decano da mesma Faculdade de Teologia por dois mandatos (1981-1987 e 1994-1999). Al\u00e9m disso, entre 1997 e 2000, ocupou o cargo de Vice-Reitor da Universidade. Naqueles anos, ele adquiriu mais experi\u00eancia no exterior: em 1988, foi enviado a Washington para aprofundar a teologia das religi\u00f5es e para completar seu manual de cristologia. Paralelamente ao trabalho acad\u00eamico, teve pap\u00e9is de consultoria para v\u00e1rios organismos da Santa S\u00e9: foi consultor da Congrega\u00e7\u00e3o para a Doutrina da F\u00e9 e dos Conselhos Pontif\u00edcios para a Promo\u00e7\u00e3o da Unidade dos Crist\u00e3os e para o Di\u00e1logo Inter-religioso. Tamb\u00e9m exerceu a fun\u00e7\u00e3o de conselheiro na Pontif\u00edcia Academia Mariana Internacional, sublinhando seu interesse pela mariologia, t\u00edpica da espiritualidade salesiana centrada em Maria Auxiliadora.<br>Em 1999, foi nomeado prelado secret\u00e1rio da reestruturada Pontif\u00edcia Academia de Teologia e diretor da rec\u00e9m-criada revista teol\u00f3gica \u00abPath\u00bb. Al\u00e9m disso, entre 1996 e 2000, fez parte da comiss\u00e3o teol\u00f3gico-hist\u00f3rica do Grande Jubileu do Ano 2000, contribuindo assim significativamente para a organiza\u00e7\u00e3o das celebra\u00e7\u00f5es jubilares.<br><br><strong>Secret\u00e1rio da Congrega\u00e7\u00e3o para a Doutrina da F\u00e9 e o episcopado<br><\/strong>Em 19 de dezembro de 2002, chegou uma nomea\u00e7\u00e3o de grande relev\u00e2ncia: o Papa Jo\u00e3o Paulo II o designou Secret\u00e1rio da Congrega\u00e7\u00e3o para a Doutrina da F\u00e9, elevando-o simultaneamente \u00e0 dignidade arquiepiscopal e atribuindo-lhe a sede titular de Sila, com o t\u00edtulo pessoal de Arcebispo. Recebeu a ordena\u00e7\u00e3o episcopal em 6 de janeiro de 2003, na Bas\u00edlica Vaticana, das m\u00e3os do pr\u00f3prio Jo\u00e3o Paulo II (hoje S\u00e3o Jo\u00e3o Paulo II). Nesse papel, Dom \u00c2ngelo Amato colaborou com o Prefeito da \u00e9poca, o Cardeal Jos\u00e9 Ratzinger (futuro Bento XVI). A tarefa do Dicast\u00e9rio foi, e \u00e9, promover e proteger a doutrina cat\u00f3lica em todo o mundo. Durante seu mandato, o novo Arcebispo continuou a ter uma abordagem acad\u00eamica, combinando suas compet\u00eancias especializadas em teologia com o servi\u00e7o eclesial voltado para a ortodoxia da f\u00e9.<br><br><strong>Prefeito da Congrega\u00e7\u00e3o das Causas dos Santos e a p\u00farpura cardinal\u00edcia<br><\/strong>Um passo adiante na carreira eclesi\u00e1stica chegou em 9 de julho de 2008: o Papa Bento XVI o nomeou Prefeito da Congrega\u00e7\u00e3o das Causas dos Santos, em substitui\u00e7\u00e3o ao Cardeal Jos\u00e9 Saraiva Martins. Neste dicast\u00e9rio, Dom Amato foi respons\u00e1vel por acompanhar o processo de beatifica\u00e7\u00e3o e canoniza\u00e7\u00e3o dos Servos de Deus, o discernimento sobre as virtudes heroicas, os milagres e o testemunho de quantos, ao longo da hist\u00f3ria, se tornaram santos e beatos da Igreja Cat\u00f3lica. No Consist\u00f3rio de 20 de novembro de 2010, Bento XVI o criou Cardeal, atribuindo-lhe a Diaconia de Santa Maria em Aquiro. O novo purpurado p\u00f4de assim participar do conclave de mar\u00e7o de 2013, que resultou na elei\u00e7\u00e3o do Papa Francisco. Durante o pontificado deste \u00faltimo, o Cardeal Amato foi confirmado \u201c<em>donec aliter provideatur<\/em> <em>[at\u00e9 disposi\u00e7\u00e3o em contr\u00e1rio]<\/em>\u201d como Prefeito da Congrega\u00e7\u00e3o das Causas dos Santos (19 de dezembro de 2013), continuando sua atividade at\u00e9 31 de agosto de 2018, quando apresentou sua ren\u00fancia por limite de idade, deixando uma marca duradoura gra\u00e7as ao n\u00famero de beatifica\u00e7\u00f5es e canoniza\u00e7\u00f5es examinadas naqueles anos.<br><br><strong>O compromisso com a Igreja local: o exemplo de Dom Tonino Bello<br><\/strong>Um testemunho particular do v\u00ednculo do Cardeal Amato com sua terra natal ocorreu em novembro de 2013, quando ele se dirigiu \u00e0 Catedral de Molfetta para o encerramento da fase diocesana do processo de beatifica\u00e7\u00e3o e canoniza\u00e7\u00e3o de Dom Tonino Bello (1935-1993). Este \u00faltimo, Bispo de Molfetta de 1982 a 1986, foi uma figura muito amada por seu compromisso em favor da paz e dos pobres. Naquela ocasi\u00e3o, o Cardeal Amato destacou como a santidade n\u00e3o \u00e9 privil\u00e9gio de poucos eleitos, mas uma voca\u00e7\u00e3o universal: todos os crentes, inspirados pela pessoa e pela mensagem de Cristo, s\u00e3o chamados a viver profundamente a f\u00e9, a esperan\u00e7a e a caridade.<br><br><strong>\u00daltimos anos e a morte<br><\/strong>Ap\u00f3s deixar a lideran\u00e7a da Congrega\u00e7\u00e3o das Causas dos Santos, o Cardeal \u00c2ngelo Amato continuou a oferecer seu servi\u00e7o \u00e0 Igreja, participando de eventos, cerim\u00f4nias e disponibilizando seu profundo conhecimento teol\u00f3gico. Seu compromisso foi sempre marcado por um tra\u00e7o humano de grande finesse, por um evidente respeito pelo interlocutor e por uma humildade que frequentemente impressionava quem o encontrava.<br>Em 3 de maio de 2021, sua diaconia de Santa Maria em Aquiro foi elevada <em>pro hac vice [por esta ocasi\u00e3o]<\/em> a t\u00edtulo presbiteral, honrando ainda mais sua longa e fiel dedica\u00e7\u00e3o ao minist\u00e9rio eclesial. A morte do purpurado, ocorrida em 31 de dezembro de 2024, aos 86 anos, deixou um vazio na Fam\u00edlia Salesiana e no Col\u00e9gio Cardinal\u00edcio, agora constitu\u00eddo por 252 cardeais, dos quais 139 eleitores e 113 n\u00e3o eleitores. O an\u00fancio de seu falecimento suscitou rea\u00e7\u00f5es de pesar e gratid\u00e3o em todo o mundo eclesial: a Universidade Pontif\u00edcia Salesiana, em particular, lembrou seus longos anos de ensino como docente de Cristologia, seu duplo mandato como Decano da Faculdade de Teologia, bem como o per\u00edodo em que ocupou o cargo de Vice-Reitor da universidade.<br><br><strong>Um legado de fidelidade e busca da santidade<br><\/strong>Observando a figura do Cardeal \u00c2ngelo Amato, n\u00e3o se podem deixar de perceber alguns tra\u00e7os que caracterizaram seu minist\u00e9rio e seu testemunho. Antes de tudo, seu perfil de religioso salesiano: a fidelidade aos votos, o profundo v\u00ednculo com o carisma de S\u00e3o Jo\u00e3o Bosco, a aten\u00e7\u00e3o aos jovens, \u00e0 forma\u00e7\u00e3o intelectual e espiritual, representam uma linha de orienta\u00e7\u00e3o constante em sua vida. Em segundo lugar, a vasta produ\u00e7\u00e3o teol\u00f3gica, em particular no \u00e2mbito cristol\u00f3gico e mariol\u00f3gico, e sua contribui\u00e7\u00e3o ao di\u00e1logo com o mundo ortodoxo, do qual foi estudioso apaixonado. Sem d\u00favida, o servi\u00e7o \u00e0 Santa S\u00e9 como Secret\u00e1rio da Congrega\u00e7\u00e3o para a Doutrina da F\u00e9, Prefeito da Congrega\u00e7\u00e3o das Causas dos Santos e cardeal, sublinha a import\u00e2ncia de seu papel na promo\u00e7\u00e3o e na prote\u00e7\u00e3o da doutrina cat\u00f3lica, bem como na valoriza\u00e7\u00e3o dos testemunhos de santidade. O Cardeal Amato foi uma testemunha privilegiada da riqueza espiritual que a Igreja universal expressou ao longo dos s\u00e9culos, e foi parte ativa no reconhecimento de figuras que representam um farol para o povo de Deus. Al\u00e9m disso, a participa\u00e7\u00e3o em um conclave (o de 2013), sua proximidade a grandes Papas como Jo\u00e3o Paulo II, Bento XVI e Francisco, e sua colabora\u00e7\u00e3o com numerosos dicast\u00e9rios testemunham um servi\u00e7o a trezentos e sessenta graus, onde se fundem a dimens\u00e3o acad\u00eamica e o exerc\u00edcio pastoral de governo na Igreja. A morte do Cardeal \u00c2ngelo Amato deixa um legado de doutrina, de sensibilidade ecum\u00eanica e de amor pela Igreja. A diocese de Molfetta, que j\u00e1 havia podido experimentar sua participa\u00e7\u00e3o no processo de beatifica\u00e7\u00e3o de Dom Tonino Bello, o recorda como homem de f\u00e9 e pastor incans\u00e1vel, capaz de unir as exig\u00eancias da disciplina teol\u00f3gica \u00e0s da caridade pastoral. A Fam\u00edlia Salesiana, em particular, percebe nele o fruto de um carisma bem vivido, impregnado daquela \u201ccaridade educativa\u201d que de Dom Bosco em diante acompanha o caminho de muitos consagrados e sacerdotes no mundo, sempre a servi\u00e7o dos mais jovens e dos mais necessitados. Hoje, a Igreja o confia \u00e0 miseric\u00f3rdia do Senhor, na certeza de que, como o pr\u00f3prio Pont\u00edfice afirmou, o Cardeal Amato, \u201cservo bom e vigilante\u201d, possa contemplar o rosto de Deus na gl\u00f3ria dos santos que ele mesmo ajudou a reconhecer. Seu testemunho, concretizado por uma vida doada e por uma profunda prepara\u00e7\u00e3o teol\u00f3gica, permanece como sinal e encorajamento para todos aqueles que desejam servir a Igreja com fidelidade, mansid\u00e3o e dedica\u00e7\u00e3o, at\u00e9 o fim de sua peregrina\u00e7\u00e3o terrena. Dessa forma, a mensagem de esperan\u00e7a e de santidade que animou cada uma de suas a\u00e7\u00f5es encontra cumprimento: quem semeia no sulco da obedi\u00eancia, da verdade e da caridade, colhe um fruto que se torna bem comum, inspira\u00e7\u00e3o e luz para as gera\u00e7\u00f5es futuras. E esta, em \u00faltima an\u00e1lise, \u00e9 a heran\u00e7a mais bela que o Cardeal \u00c2ngelo Amato deixa \u00e0 sua fam\u00edlia religiosa, \u00e0 diocese de Molfetta e a toda a Igreja.<br><br>E n\u00e3o podemos negligenciar a heran\u00e7a escritural que o Cardeal \u00c2ngelo Amato nos deixou. Apresentamos a seguir uma lista, certamente n\u00e3o completa, de suas publica\u00e7\u00f5es.<\/p>\r\n\r\n\r\n\r\n<style>\r\ntable tr td:nth-child(1),\r\ntable tr td:nth-child(2) {width: 80px;}\r\n.bs-blog-post.single .small.single table p {text-align:left; margin-bottom:0px;}\r\n<\/style>\r\n<table cellspacing=\"0\" cellpadding=\"0\" class=\"table\">\r\n\r\n\t<TR>\r\n\t\t<TD>\r\n\t\t\t<P><BR>\r\n\t\t\t<\/P>\r\n\t\t<\/TD>\r\n\t\t<TD>\r\n\t\t\t<P><B>Ano<\/B><\/P>\r\n\t\t<\/TD>\r\n\t\t<TD>\r\n\t\t\t<P><B>T&iacute;tulo<\/B><\/P>\r\n\t\t<\/TD>\r\n\t\t<TD>\r\n\t\t\t<P><B>Info<\/B><\/SPAN><\/P>\r\n\t\t<\/TD>\r\n\t<\/TR>\r\n\t<TR>\r\n\t\t<TD>\r\n\t\t\t<P>1<\/P>\r\n\t\t<\/TD>\r\n\t\t<TD>\r\n\t\t\t<P>1974<\/P>\r\n\t\t<\/TD>\r\n\t\t<TD>\r\n\t\t\t<P>I\r\n\t\t\tpronunciamenti tridentini sulla necessit&agrave; della confessione\r\n\t\t\tsacramentale nei canoni 6-9 della sessione XIV (25 novembre 1551)<\/P>\r\n\t\t<\/TD>\r\n\t\t<TD>\r\n\t\t\t<P>Ensaio\r\n\t\t\tde hermen&ecirc;utica conciliar<\/SPAN><\/P>\r\n\t\t<\/TD>\r\n\t<\/TR>\r\n\t<TR>\r\n\t\t<TD>\r\n\t\t\t<P>2<\/P>\r\n\t\t<\/TD>\r\n\t\t<TD>\r\n\t\t\t<P>1975<\/P>\r\n\t\t<\/TD>\r\n\t\t<TD>\r\n\t\t\t<P>Problemi\r\n\t\t\tattuali di cristologia<\/P>\r\n\t\t<\/TD>\r\n\t\t<TD>\r\n\t\t\t<P>Confer&ecirc;ncias\r\n\t\t\tda Faculdade Teol&oacute;gica Salesiana 1974-1975<\/SPAN><\/P>\r\n\t\t<\/TD>\r\n\t<\/TR>\r\n\t<TR>\r\n\t\t<TD>\r\n\t\t\t<P>3<\/P>\r\n\t\t<\/TD>\r\n\t\t<TD>\r\n\t\t\t<P>1976<\/P>\r\n\t\t<\/TD>\r\n\t\t<TD>\r\n\t\t\t<P>La\r\n\t\t\tChiesa locale: prospettive teologiche e pastorali<\/P>\r\n\t\t<\/TD>\r\n\t\t<TD>\r\n\t\t\t<P>Confer&ecirc;ncias\r\n\t\t\tda Faculdade Teol&oacute;gica Salesiana 1975-1976<\/SPAN><\/P>\r\n\t\t<\/TD>\r\n\t<\/TR>\r\n\t<TR>\r\n\t\t<TD>\r\n\t\t\t<P>4<\/P>\r\n\t\t<\/TD>\r\n\t\t<TD>\r\n\t\t\t<P>1977<\/P>\r\n\t\t<\/TD>\r\n\t\t<TD>\r\n\t\t\t<P>Cristologia\r\n\t\t\tmetaecclesiale?<\/P>\r\n\t\t<\/TD>\r\n\t\t<TD>\r\n\t\t\t<P>Considera&ccedil;&otilde;es\r\n\t\t\tsobre a cristologia &ldquo;metadogm&aacute;tica&rdquo; de E.\r\n\t\t\tSchillebeeckx<\/SPAN><\/P>\r\n\t\t<\/TD>\r\n\t<\/TR>\r\n\t<TR>\r\n\t\t<TD>\r\n\t\t\t<P>5<\/P>\r\n\t\t<\/TD>\r\n\t\t<TD>\r\n\t\t\t<P>1977<\/P>\r\n\t\t<\/TD>\r\n\t\t<TD>\r\n\t\t\t<P>Il\r\n\t\t\tGes&ugrave; storico<\/P>\r\n\t\t<\/TD>\r\n\t\t<TD>\r\n\t\t\t<P>Problemas\r\n\t\t\te interpreta&ccedil;&otilde;es<\/SPAN><\/P>\r\n\t\t<\/TD>\r\n\t<\/TR>\r\n\t<TR>\r\n\t\t<TD>\r\n\t\t\t<P>6<\/P>\r\n\t\t<\/TD>\r\n\t\t<TD>\r\n\t\t\t<P>1977<\/P>\r\n\t\t<\/TD>\r\n\t\t<TD>\r\n\t\t\t<P>Temi\r\n\t\t\tteologico-pastorali<\/P>\r\n\t\t<\/TD>\r\n\t\t<TD>\r\n\t\t\t<P><BR>\r\n\t\t\t<\/P>\r\n\t\t<\/TD>\r\n\t<\/TR>\r\n\t<TR>\r\n\t\t<TD>\r\n\t\t\t<P>7<\/P>\r\n\t\t<\/TD>\r\n\t\t<TD>\r\n\t\t\t<P>1978<\/P>\r\n\t\t<\/TD>\r\n\t\t<TD>\r\n\t\t\t<P>Annuncio\r\n\t\t\tcristiano e cultura contemporanea<\/P>\r\n\t\t<\/TD>\r\n\t\t<TD>\r\n\t\t\t<P><BR>\r\n\t\t\t<\/P>\r\n\t\t<\/TD>\r\n\t<\/TR>\r\n\t<TR>\r\n\t\t<TD>\r\n\t\t\t<P>8<\/P>\r\n\t\t<\/TD>\r\n\t\t<TD>\r\n\t\t\t<P>1978<\/P>\r\n\t\t<\/TD>\r\n\t\t<TD>\r\n\t\t\t<P>Studi\r\n\t\t\tdi cristologia patristica attuale<\/P>\r\n\t\t<\/TD>\r\n\t\t<TD>\r\n\t\t\t<P>A\r\n\t\t\trespeito de duas publica&ccedil;&otilde;es recentes de Alois\r\n\t\t\tGrillmeier<\/SPAN><\/P>\r\n\t\t<\/TD>\r\n\t<\/TR>\r\n\t<TR>\r\n\t\t<TD>\r\n\t\t\t<P>9<\/P>\r\n\t\t<\/TD>\r\n\t\t<TD>\r\n\t\t\t<P>1979<\/P>\r\n\t\t<\/TD>\r\n\t\t<TD>\r\n\t\t\t<P>Il\r\n\t\t\tsacramento della penitenza nelle &ldquo;Risposte&rdquo; del\r\n\t\t\tpatriarca Geremia II ai teologi luterani di T&uuml;bingen\r\n\t\t\t(1576,1579,1581)<\/P>\r\n\t\t<\/TD>\r\n\t\t<TD>\r\n\t\t\t<P><BR>\r\n\t\t\t<\/P>\r\n\t\t<\/TD>\r\n\t<\/TR>\r\n\t<TR>\r\n\t\t<TD>\r\n\t\t\t<P>10<\/P>\r\n\t\t<\/TD>\r\n\t\t<TD>\r\n\t\t\t<P>1980<\/P>\r\n\t\t<\/TD>\r\n\t\t<TD>\r\n\t\t\t<P>Annunciare\r\n\t\t\tCristo ai giovani<\/P>\r\n\t\t<\/TD>\r\n\t\t<TD>\r\n\t\t\t<P>(coautor)<\/SPAN><\/P>\r\n\t\t<\/TD>\r\n\t<\/TR>\r\n\t<TR>\r\n\t\t<TD>\r\n\t\t\t<P>11<\/P>\r\n\t\t<\/TD>\r\n\t\t<TD>\r\n\t\t\t<P>1980<\/P>\r\n\t\t<\/TD>\r\n\t\t<TD>\r\n\t\t\t<P>Il\r\n\t\t\tCristo biblico-ecclesiale<\/P>\r\n\t\t<\/TD>\r\n\t\t<TD>\r\n\t\t\t<P>Proposta\r\n\t\t\tde uma s&iacute;ntese criteriol&oacute;gica sobre os conte&uacute;dos\r\n\t\t\tessenciais do an&uacute;ncio cristol&oacute;gico contempor&acirc;neo<\/SPAN><\/P>\r\n\t\t<\/TD>\r\n\t<\/TR>\r\n\t<TR>\r\n\t\t<TD>\r\n\t\t\t<P>12<\/P>\r\n\t\t<\/TD>\r\n\t\t<TD>\r\n\t\t\t<P>1980<\/P>\r\n\t\t<\/TD>\r\n\t\t<TD>\r\n\t\t\t<P>Il\r\n\t\t\tCristo biblico-ecclesiale latinoamericano<\/P>\r\n\t\t<\/TD>\r\n\t\t<TD>\r\n\t\t\t<P>O\r\n\t\t\tm&oacute;dulo cristol&oacute;gico &ldquo;religioso-popular&rdquo;\r\n\t\t\tde Puebla<\/SPAN><\/P>\r\n\t\t<\/TD>\r\n\t<\/TR>\r\n\t<TR>\r\n\t\t<TD>\r\n\t\t\t<P>13<\/P>\r\n\t\t<\/TD>\r\n\t\t<TD>\r\n\t\t\t<P>1980<\/P>\r\n\t\t<\/TD>\r\n\t\t<TD>\r\n\t\t\t<P>La\r\n\t\t\tfigura di Ges&ugrave; Cristo nella cultura contemporanea<\/P>\r\n\t\t<\/TD>\r\n\t\t<TD>\r\n\t\t\t<P>O\r\n\t\t\tCristo no conflito das interpreta&ccedil;&otilde;es<\/SPAN><\/P>\r\n\t\t<\/TD>\r\n\t<\/TR>\r\n\t<TR>\r\n\t\t<TD>\r\n\t\t\t<P>14<\/P>\r\n\t\t<\/TD>\r\n\t\t<TD>\r\n\t\t\t<P>1980<\/P>\r\n\t\t<\/TD>\r\n\t\t<TD>\r\n\t\t\t<P>Selezione\r\n\t\t\torientativa sulle pubblicazioni cristologiche in Italia<\/P>\r\n\t\t<\/TD>\r\n\t\t<TD>\r\n\t\t\t<P><BR>\r\n\t\t\t<\/P>\r\n\t\t<\/TD>\r\n\t<\/TR>\r\n\t<TR>\r\n\t\t<TD>\r\n\t\t\t<P>15<\/P>\r\n\t\t<\/TD>\r\n\t\t<TD>\r\n\t\t\t<P>1980<\/P>\r\n\t\t<\/TD>\r\n\t\t<TD>\r\n\t\t\t<P>L&rsquo;enciclica\r\n\t\t\tdel dialogo rivisitata<\/P>\r\n\t\t<\/TD>\r\n\t\t<TD>\r\n\t\t\t<P>A\r\n\t\t\trespeito do Col&oacute;quio Internacional de Estudo sobre a\r\n\t\t\t&ldquo;Ecclesiam suam&rdquo; de Paulo VI (Roma, 24-26 de outubro\r\n\t\t\tde 1980)<\/SPAN><\/P>\r\n\t\t<\/TD>\r\n\t<\/TR>\r\n\t<TR>\r\n\t\t<TD>\r\n\t\t\t<P>16<\/P>\r\n\t\t<\/TD>\r\n\t\t<TD>\r\n\t\t\t<P>1981<\/P>\r\n\t\t<\/TD>\r\n\t\t<TD>\r\n\t\t\t<P>Il\r\n\t\t\tSalvatore e la Vergine-Madre: la maternit&agrave; salvifica di\r\n\t\t\tMaria e le cristologie contemporanee<\/P>\r\n\t\t<\/TD>\r\n\t\t<TD>\r\n\t\t\t<P>Atos\r\n\t\t\tdo 3&ordm; Simp&oacute;sio Mariol&oacute;gico Internacional (Roma,\r\n\t\t\toutubro de 1980)<\/SPAN><\/P>\r\n\t\t<\/TD>\r\n\t<\/TR>\r\n\t<TR>\r\n\t\t<TD>\r\n\t\t\t<P>17<\/P>\r\n\t\t<\/TD>\r\n\t\t<TD>\r\n\t\t\t<P>1981<\/P>\r\n\t\t<\/TD>\r\n\t\t<TD>\r\n\t\t\t<P>La\r\n\t\t\trisurrezione di Ges&ugrave; nella teologia contemporanea<\/P>\r\n\t\t<\/TD>\r\n\t\t<TD>\r\n\t\t\t<P><BR>\r\n\t\t\t<\/P>\r\n\t\t<\/TD>\r\n\t<\/TR>\r\n\t<TR>\r\n\t\t<TD>\r\n\t\t\t<P>18<\/P>\r\n\t\t<\/TD>\r\n\t\t<TD>\r\n\t\t\t<P>1981<\/P>\r\n\t\t<\/TD>\r\n\t\t<TD>\r\n\t\t\t<P>Mariologia\r\n\t\t\tin contesto<\/P>\r\n\t\t<\/TD>\r\n\t\t<TD>\r\n\t\t\t<P>Um\r\n\t\t\texemplo de teologia inculturada: &ldquo;O rosto mesti&ccedil;o de\r\n\t\t\tMaria de Guadalupe&rdquo; (Puebla n. 446)<\/SPAN><\/P>\r\n\t\t<\/TD>\r\n\t<\/TR>\r\n\t<TR>\r\n\t\t<TD>\r\n\t\t\t<P>19<\/P>\r\n\t\t<\/TD>\r\n\t\t<TD>\r\n\t\t\t<P>1982<\/P>\r\n\t\t<\/TD>\r\n\t\t<TD>\r\n\t\t\t<P>Il\r\n\t\t\tsacramento della penitenza nella teologia greco-ortodossa<\/P>\r\n\t\t<\/TD>\r\n\t\t<TD>\r\n\t\t\t<P>Estudos\r\n\t\t\thist&oacute;rico-dogm&aacute;ticos, s&eacute;c. XVI-XX<\/SPAN><\/P>\r\n\t\t<\/TD>\r\n\t<\/TR>\r\n\t<TR>\r\n\t\t<TD>\r\n\t\t\t<P>20<\/P>\r\n\t\t<\/TD>\r\n\t\t<TD>\r\n\t\t\t<P>1983<\/P>\r\n\t\t<\/TD>\r\n\t\t<TD>\r\n\t\t\t<P>Inculturazione-Contestualizzazione:\r\n\t\t\tteologia in contesto<\/P>\r\n\t\t<\/TD>\r\n\t\t<TD>\r\n\t\t\t<P>Elementos\r\n\t\t\tde bibliografia selecionada<\/SPAN><\/P>\r\n\t\t<\/TD>\r\n\t<\/TR>\r\n\t<TR>\r\n\t\t<TD>\r\n\t\t\t<P>21<\/P>\r\n\t\t<\/TD>\r\n\t\t<TD>\r\n\t\t\t<P>1983<\/P>\r\n\t\t<\/TD>\r\n\t\t<TD>\r\n\t\t\t<P>La\r\n\t\t\tdimension &ldquo;th&eacute;rapeutique&rdquo; du sacrement de la\r\n\t\t\tp&eacute;nitence dans la th&eacute;ologie et la praxis de l&rsquo;&Eacute;glise\r\n\t\t\tgr&eacute;co-orthodoxe<\/SPAN><\/P>\r\n\t\t<\/TD>\r\n\t\t<TD>\r\n\t\t\t<P><BR>\r\n\t\t\t<\/P>\r\n\t\t<\/TD>\r\n\t<\/TR>\r\n\t<TR>\r\n\t\t<TD>\r\n\t\t\t<P>22<\/P>\r\n\t\t<\/TD>\r\n\t\t<TD>\r\n\t\t\t<P>1984<\/P>\r\n\t\t<\/TD>\r\n\t\t<TD>\r\n\t\t\t<P>Come\r\n\t\t\tconoscere oggi Maria<\/P>\r\n\t\t<\/TD>\r\n\t\t<TD>\r\n\t\t\t<P><BR>\r\n\t\t\t<\/P>\r\n\t\t<\/TD>\r\n\t<\/TR>\r\n\t<TR>\r\n\t\t<TD>\r\n\t\t\t<P>23<\/P>\r\n\t\t<\/TD>\r\n\t\t<TD>\r\n\t\t\t<P>1984<\/P>\r\n\t\t<\/TD>\r\n\t\t<TD>\r\n\t\t\t<P>Inculturazione\r\n\t\t\te formazione salesiana<\/P>\r\n\t\t<\/TD>\r\n\t\t<TD>\r\n\t\t\t<P>Dossi&ecirc;\r\n\t\t\tdo encontro de Roma, 12-17 de setembro de 1983 (coautor)<\/SPAN><\/P>\r\n\t\t<\/TD>\r\n\t<\/TR>\r\n\t<TR>\r\n\t\t<TD>\r\n\t\t\t<P>24<\/P>\r\n\t\t<\/TD>\r\n\t\t<TD>\r\n\t\t\t<P>1984<\/P>\r\n\t\t<\/TD>\r\n\t\t<TD>\r\n\t\t\t<P>Maria\r\n\t\t\te lo Spirito Santo<\/P>\r\n\t\t<\/TD>\r\n\t\t<TD>\r\n\t\t\t<P>Atos\r\n\t\t\tdo 4&ordm; Simp&oacute;sio Mariol&oacute;gico Internacional (Roma,\r\n\t\t\toutubro, 1982)<\/SPAN><\/P>\r\n\t\t<\/TD>\r\n\t<\/TR>\r\n\t<TR>\r\n\t\t<TD>\r\n\t\t\t<P>25<\/P>\r\n\t\t<\/TD>\r\n\t\t<TD>\r\n\t\t\t<P>1985<\/P>\r\n\t\t<\/TD>\r\n\t\t<TD>\r\n\t\t\t<P>Come\r\n\t\t\tcollaborare al progetto di Dio con Maria<\/P>\r\n\t\t<\/TD>\r\n\t\t<TD>\r\n\t\t\t<P>Princ&iacute;pios\r\n\t\t\te propostas<\/SPAN><\/P>\r\n\t\t<\/TD>\r\n\t<\/TR>\r\n\t<TR>\r\n\t\t<TD>\r\n\t\t\t<P>26<\/P>\r\n\t\t<\/TD>\r\n\t\t<TD>\r\n\t\t\t<P>1987<\/P>\r\n\t\t<\/TD>\r\n\t\t<TD>\r\n\t\t\t<P>La\r\n\t\t\tMadre della misericordia<\/P>\r\n\t\t<\/TD>\r\n\t\t<TD>\r\n\t\t\t<P><BR>\r\n\t\t\t<\/P>\r\n\t\t<\/TD>\r\n\t<\/TR>\r\n\t<TR>\r\n\t\t<TD>\r\n\t\t\t<P>27<\/P>\r\n\t\t<\/TD>\r\n\t\t<TD>\r\n\t\t\t<P>1988<\/P>\r\n\t\t<\/TD>\r\n\t\t<TD>\r\n\t\t\t<P><A HREF=\"https:\/\/www.ibs.it\/gesu-signore-saggio-di-cristologia-libro-angelo-amato\/e\/9788810503546?inventoryId=46786941&amp;queryId=0c6b7a2ee0199b738a695a998f67acde\">Ges&ugrave;\r\n\t\t\til Signore<\/A><\/P>\r\n\t\t<\/TD>\r\n\t\t<TD>\r\n\t\t\t<P>Ensaio\r\n\t\t\tde cristologia<\/SPAN><\/P>\r\n\t\t<\/TD>\r\n\t<\/TR>\r\n\t<TR>\r\n\t\t<TD>\r\n\t\t\t<P>28<\/P>\r\n\t\t<\/TD>\r\n\t\t<TD>\r\n\t\t\t<P>1989<\/P>\r\n\t\t<\/TD>\r\n\t\t<TD>\r\n\t\t\t<P>Essere\r\n\t\t\tdonna<\/P>\r\n\t\t<\/TD>\r\n\t\t<TD>\r\n\t\t\t<P>Estudos\r\n\t\t\tsobre a carta apost&oacute;lica &ldquo;Mulieris dignitatem&rdquo;\r\n\t\t\tde Jo&atilde;o Paulo II (coautor)<\/SPAN><\/P>\r\n\t\t<\/TD>\r\n\t<\/TR>\r\n\t<TR>\r\n\t\t<TD>\r\n\t\t\t<P>29<\/P>\r\n\t\t<\/TD>\r\n\t\t<TD>\r\n\t\t\t<P>1990<\/P>\r\n\t\t<\/TD>\r\n\t\t<TD>\r\n\t\t\t<P>Cristologia\r\n\t\t\te religioni non cristiane<\/P>\r\n\t\t<\/TD>\r\n\t\t<TD>\r\n\t\t\t<P>Problem&aacute;tica\r\n\t\t\te atualidade: considera&ccedil;&otilde;es introdut&oacute;rias<\/SPAN><\/P>\r\n\t\t<\/TD>\r\n\t<\/TR>\r\n\t<TR>\r\n\t\t<TD>\r\n\t\t\t<P>30<\/P>\r\n\t\t<\/TD>\r\n\t\t<TD>\r\n\t\t\t<P>1991<\/P>\r\n\t\t<\/TD>\r\n\t\t<TD>\r\n\t\t\t<P>Come\r\n\t\t\tpregare con Maria<\/P>\r\n\t\t<\/TD>\r\n\t\t<TD>\r\n\t\t\t<P><BR>\r\n\t\t\t<\/P>\r\n\t\t<\/TD>\r\n\t<\/TR>\r\n\t<TR>\r\n\t\t<TD>\r\n\t\t\t<P>31<\/P>\r\n\t\t<\/TD>\r\n\t\t<TD>\r\n\t\t\t<P>1991<\/P>\r\n\t\t<\/TD>\r\n\t\t<TD>\r\n\t\t\t<P>Studio\r\n\t\t\tdei Padri e teologia dogmatica<\/P>\r\n\t\t<\/TD>\r\n\t\t<TD>\r\n\t\t\t<P>Reflex&otilde;es\r\n\t\t\ta partir da Instru&ccedil;&atilde;o da Congrega&ccedil;&atilde;o\r\n\t\t\tpara a Educa&ccedil;&atilde;o Cat&oacute;lica de 10 de novembro de\r\n\t\t\t1989 (= IPC)<\/SPAN><\/P>\r\n\t\t<\/TD>\r\n\t<\/TR>\r\n\t<TR>\r\n\t\t<TD>\r\n\t\t\t<P>32<\/P>\r\n\t\t<\/TD>\r\n\t\t<TD>\r\n\t\t\t<P>1991<\/P>\r\n\t\t<\/TD>\r\n\t\t<TD>\r\n\t\t\t<P><I>Verbi\r\n\t\t\trevelati &lsquo;accommodata praedicatio&rsquo; lex omnis\r\n\t\t\tevangelizationis&rdquo;<\/I>\r\n\t\t\t(GS n.44)<\/P>\r\n\t\t<\/TD>\r\n\t\t<TD>\r\n\t\t\t<P>Reflex&otilde;es\r\n\t\t\thist&oacute;rico-teol&oacute;gicas sobre a incultura&ccedil;&atilde;o<\/SPAN><\/P>\r\n\t\t<\/TD>\r\n\t<\/TR>\r\n\t<TR>\r\n\t\t<TD>\r\n\t\t\t<P>33<\/P>\r\n\t\t<\/TD>\r\n\t\t<TD>\r\n\t\t\t<P>1992<\/P>\r\n\t\t<\/TD>\r\n\t\t<TD>\r\n\t\t\t<P><A HREF=\"https:\/\/www.ibs.it\/angeli-demoni-dramma-della-storia-libro-vari\/e\/9788810503119?inventoryId=54897546&amp;queryId=0c6b7a2ee0199b738a695a998f67acde\">Angeli\r\n\t\t\te demoni Il dramma\r\n\t\t\tdella storia tra il bene e il male<\/A><\/P>\r\n\t\t<\/TD>\r\n\t\t<TD>\r\n\t\t\t<P><BR>\r\n\t\t\t<\/P>\r\n\t\t<\/TD>\r\n\t<\/TR>\r\n\t<TR>\r\n\t\t<TD>\r\n\t\t\t<P>34<\/P>\r\n\t\t<\/TD>\r\n\t\t<TD>\r\n\t\t\t<P>1992<\/P>\r\n\t\t<\/TD>\r\n\t\t<TD>\r\n\t\t\t<P>Dio\r\n\t\t\tPadre &#8211; Dio Madre<\/P>\r\n\t\t<\/TD>\r\n\t\t<TD>\r\n\t\t\t<P>Reflex&otilde;es\r\n\t\t\tpreliminares<\/SPAN><\/P>\r\n\t\t<\/TD>\r\n\t<\/TR>\r\n\t<TR>\r\n\t\t<TD>\r\n\t\t\t<P>35<\/P>\r\n\t\t<\/TD>\r\n\t\t<TD>\r\n\t\t\t<P>1992<\/P>\r\n\t\t<\/TD>\r\n\t\t<TD>\r\n\t\t\t<P>Il\r\n\t\t\tmistero di Maria e la morale cristiana<\/P>\r\n\t\t<\/TD>\r\n\t\t<TD>\r\n\t\t\t<P><BR>\r\n\t\t\t<\/P>\r\n\t\t<\/TD>\r\n\t<\/TR>\r\n\t<TR>\r\n\t\t<TD>\r\n\t\t\t<P>36<\/P>\r\n\t\t<\/TD>\r\n\t\t<TD>\r\n\t\t\t<P>1992<\/P>\r\n\t\t<\/TD>\r\n\t\t<TD>\r\n\t\t\t<P>Il\r\n\t\t\tposto di Maria nella &ldquo;Nuova evangelizzazione&rdquo;<\/P>\r\n\t\t<\/TD>\r\n\t\t<TD>\r\n\t\t\t<P><BR>\r\n\t\t\t<\/P>\r\n\t\t<\/TD>\r\n\t<\/TR>\r\n\t<TR>\r\n\t\t<TD>\r\n\t\t\t<P>37<\/P>\r\n\t\t<\/TD>\r\n\t\t<TD>\r\n\t\t\t<P>1993<\/P>\r\n\t\t<\/TD>\r\n\t\t<TD>\r\n\t\t\t<P>Cristologia\r\n\t\t\tdella <I>Secunda\r\n\t\t\tClementis<\/I><\/P>\r\n\t\t<\/TD>\r\n\t\t<TD>\r\n\t\t\t<P>Considera&ccedil;&otilde;es\r\n\t\t\tiniciais<\/SPAN><\/P>\r\n\t\t<\/TD>\r\n\t<\/TR>\r\n\t<TR>\r\n\t\t<TD>\r\n\t\t\t<P>38<\/P>\r\n\t\t<\/TD>\r\n\t\t<TD>\r\n\t\t\t<P>1993<\/P>\r\n\t\t<\/TD>\r\n\t\t<TD>\r\n\t\t\t<P>Lettera\r\n\t\t\tcristologica dei primi concili ecumenici<\/P>\r\n\t\t<\/TD>\r\n\t\t<TD>\r\n\t\t\t<P><BR>\r\n\t\t\t<\/P>\r\n\t\t<\/TD>\r\n\t<\/TR>\r\n\t<TR>\r\n\t\t<TD>\r\n\t\t\t<P>39<\/P>\r\n\t\t<\/TD>\r\n\t\t<TD>\r\n\t\t\t<P>1994<\/P>\r\n\t\t<\/TD>\r\n\t\t<TD>\r\n\t\t\t<P><A HREF=\"https:\/\/www.ibs.it\/trinita-in-contesto-libro-angelo-amato\/e\/9788821302718?inventoryId=47595023&amp;queryId=0c6b7a2ee0199b738a695a998f67acde\">Trinit&agrave;\r\n\t\t\tin contesto<\/A><\/P>\r\n\t\t<\/TD>\r\n\t\t<TD>\r\n\t\t\t<P><BR>\r\n\t\t\t<\/P>\r\n\t\t<\/TD>\r\n\t<\/TR>\r\n\t<TR>\r\n\t\t<TD>\r\n\t\t\t<P>40<\/P>\r\n\t\t<\/TD>\r\n\t\t<TD>\r\n\t\t\t<P>1996<\/P>\r\n\t\t<\/TD>\r\n\t\t<TD>\r\n\t\t\t<P>Maria\r\n\t\t\tpresso la Croce, volto misericordioso di Dio per il nostro tempo<\/P>\r\n\t\t<\/TD>\r\n\t\t<TD>\r\n\t\t\t<P>Encontro\r\n\t\t\tmariano das Servas de Maria Reparadoras, Rovigo, 12-15 de setembro\r\n\t\t\tde 1995<\/SPAN><\/P>\r\n\t\t<\/TD>\r\n\t<\/TR>\r\n\t<TR>\r\n\t\t<TD>\r\n\t\t\t<P>41<\/P>\r\n\t\t<\/TD>\r\n\t\t<TD>\r\n\t\t\t<P>1996<\/P>\r\n\t\t<\/TD>\r\n\t\t<TD>\r\n\t\t\t<P><I>Tertio\r\n\t\t\tmillennio adveniente<\/I>:\r\n\t\t\tLettera apostolica di Giovanni Paolo II<\/P>\r\n\t\t<\/TD>\r\n\t\t<TD>\r\n\t\t\t<P>Texto\r\n\t\t\te coment&aacute;rio teol&oacute;gico pastoral<\/SPAN><\/P>\r\n\t\t<\/TD>\r\n\t<\/TR>\r\n\t<TR>\r\n\t\t<TD>\r\n\t\t\t<P>42<\/P>\r\n\t\t<\/TD>\r\n\t\t<TD>\r\n\t\t\t<P>1996<\/P>\r\n\t\t<\/TD>\r\n\t\t<TD>\r\n\t\t\t<P><A HREF=\"https:\/\/www.ibs.it\/vita-consecrata-prima-lettura-teologica-libro-vari\/e\/9788876105890?inventoryId=732144782&amp;queryId=0c6b7a2ee0199b738a695a998f67acde\"><I>Vita\r\n\t\t\tconsecrata<\/I>. Una\r\n\t\t\tprima lettura teologica<\/A><\/P>\r\n\t\t<\/TD>\r\n\t\t<TD>\r\n\t\t\t<P><BR>\r\n\t\t\t<\/P>\r\n\t\t<\/TD>\r\n\t<\/TR>\r\n\t<TR>\r\n\t\t<TD>\r\n\t\t\t<P>43<\/P>\r\n\t\t<\/TD>\r\n\t\t<TD>\r\n\t\t\t<P>1997<\/P>\r\n\t\t<\/TD>\r\n\t\t<TD>\r\n\t\t\t<P>Alla\r\n\t\t\tricerca del volto di Cristo: &#8230; ma voi chi dite che io sia?<\/P>\r\n\t\t<\/TD>\r\n\t\t<TD>\r\n\t\t\t<P>Atos\r\n\t\t\tda XXVII Semana Teol&oacute;gica Diocesana, Figline Valdarno, 2-5\r\n\t\t\tde setembro de 1997<\/SPAN><\/P>\r\n\t\t<\/TD>\r\n\t<\/TR>\r\n\t<TR>\r\n\t\t<TD>\r\n\t\t\t<P>44<\/P>\r\n\t\t<\/TD>\r\n\t\t<TD>\r\n\t\t\t<P>1997<\/P>\r\n\t\t<\/TD>\r\n\t\t<TD>\r\n\t\t\t<P>Ges&ugrave;\r\n\t\t\tCristo verit&agrave; di Dio e ricerca dell&rsquo;uomo<\/P>\r\n\t\t<\/TD>\r\n\t\t<TD>\r\n\t\t\t<P>Cristologia<\/SPAN><\/P>\r\n\t\t<\/TD>\r\n\t<\/TR>\r\n\t<TR>\r\n\t\t<TD>\r\n\t\t\t<P>45<\/P>\r\n\t\t<\/TD>\r\n\t\t<TD>\r\n\t\t\t<P>1997<\/P>\r\n\t\t<\/TD>\r\n\t\t<TD>\r\n\t\t\t<P><A HREF=\"https:\/\/www.ibs.it\/catechesi-al-traguardo-studi-sul-libro-vari\/e\/9788821303487?inventoryId=809771671&amp;queryId=37c52ef318e87c56cc61eeea0783d7f8\">La\r\n\t\t\tcatechesi al traguardo. Studi sul Catechismo della Chiesa\r\n\t\t\tcattolica<\/A><\/P>\r\n\t\t<\/TD>\r\n\t\t<TD>\r\n\t\t\t<P>(coautor)<\/SPAN><\/P>\r\n\t\t<\/TD>\r\n\t<\/TR>\r\n\t<TR>\r\n\t\t<TD>\r\n\t\t\t<P>46<\/P>\r\n\t\t<\/TD>\r\n\t\t<TD>\r\n\t\t\t<P>1997<\/P>\r\n\t\t<\/TD>\r\n\t\t<TD>\r\n\t\t\t<P><A HREF=\"https:\/\/www.ibs.it\/super-fundamentum-apostolorum-studi-in-libro-angelo-amato-giuseppe-maffei\/e\/9788821303494?inventoryId=810688840&amp;queryId=0c6b7a2ee0199b738a695a998f67acde\"><I>Super\r\n\t\t\tfundamentum Apostolorum<\/I><\/A><\/P>\r\n\t\t<\/TD>\r\n\t\t<TD>\r\n\t\t\t<P>Estudos\r\n\t\t\tem homenagem a S. Em. o cardeal A. M. Javierre Ortas (coautor)<\/SPAN><\/P>\r\n\t\t<\/TD>\r\n\t<\/TR>\r\n\t<TR>\r\n\t\t<TD>\r\n\t\t\t<P>47<\/P>\r\n\t\t<\/TD>\r\n\t\t<TD>\r\n\t\t\t<P>1998<\/P>\r\n\t\t<\/TD>\r\n\t\t<TD>\r\n\t\t\t<P>El\r\n\t\t\tEvangelio del Padre<\/P>\r\n\t\t<\/TD>\r\n\t\t<TD>\r\n\t\t\t<P><BR>\r\n\t\t\t<\/P>\r\n\t\t<\/TD>\r\n\t<\/TR>\r\n\t<TR>\r\n\t\t<TD>\r\n\t\t\t<P>48<\/P>\r\n\t\t<\/TD>\r\n\t\t<TD>\r\n\t\t\t<P>1998<\/P>\r\n\t\t<\/TD>\r\n\t\t<TD>\r\n\t\t\t<P>Ges&ugrave;\r\n\t\t\tCristo morto e risorto per noi consegna lo Spirito<\/P>\r\n\t\t<\/TD>\r\n\t\t<TD>\r\n\t\t\t<P>Medita&ccedil;&otilde;es\r\n\t\t\tteol&oacute;gicas sobre o mist&eacute;rio pascal (coautor)<\/SPAN><\/P>\r\n\t\t<\/TD>\r\n\t<\/TR>\r\n\t<TR>\r\n\t\t<TD>\r\n\t\t\t<P>49<\/P>\r\n\t\t<\/TD>\r\n\t\t<TD>\r\n\t\t\t<P>1998<\/P>\r\n\t\t<\/TD>\r\n\t\t<TD>\r\n\t\t\t<P><A HREF=\"https:\/\/www.ibs.it\/vangelo-del-padre-libro-angelo-amato\/e\/9788839607768?inventoryId=649332384&amp;queryId=0c6b7a2ee0199b738a695a998f67acde\">Il\r\n\t\t\tVangelo del Padre<\/A><\/P>\r\n\t\t<\/TD>\r\n\t\t<TD>\r\n\t\t\t<P><BR>\r\n\t\t\t<\/P>\r\n\t\t<\/TD>\r\n\t<\/TR>\r\n\t<TR>\r\n\t\t<TD>\r\n\t\t\t<P>50<\/P>\r\n\t\t<\/TD>\r\n\t\t<TD>\r\n\t\t\t<P>1998<\/P>\r\n\t\t<\/TD>\r\n\t\t<TD>\r\n\t\t\t<P>Una\r\n\t\t\tlettura cristologica della &ldquo;<I>Secunda\r\n\t\t\tClementis<\/I>&rdquo;<\/P>\r\n\t\t<\/TD>\r\n\t\t<TD>\r\n\t\t\t<P>Exist&ecirc;ncia\r\n\t\t\tde influ&ecirc;ncias paulinas?<\/SPAN><\/P>\r\n\t\t<\/TD>\r\n\t<\/TR>\r\n\t<TR>\r\n\t\t<TD>\r\n\t\t\t<P>51<\/P>\r\n\t\t<\/TD>\r\n\t\t<TD>\r\n\t\t\t<P>1999<\/P>\r\n\t\t<\/TD>\r\n\t\t<TD>\r\n\t\t\t<P>Evangelizaci&oacute;n,\r\n\t\t\tcatequesis, catequistas<\/P>\r\n\t\t<\/TD>\r\n\t\t<TD>\r\n\t\t\t<P>Uma\r\n\t\t\tnova etapa para a Igreja do terceiro mil&ecirc;nio<\/SPAN><\/P>\r\n\t\t<\/TD>\r\n\t<\/TR>\r\n\t<TR>\r\n\t\t<TD>\r\n\t\t\t<P>52<\/P>\r\n\t\t<\/TD>\r\n\t\t<TD>\r\n\t\t\t<P>1999<\/P>\r\n\t\t<\/TD>\r\n\t\t<TD>\r\n\t\t\t<P>La\r\n\t\t\tVergine Maria dal Rinascimento a oggi<\/P>\r\n\t\t<\/TD>\r\n\t\t<TD>\r\n\t\t\t<P><BR>\r\n\t\t\t<\/P>\r\n\t\t<\/TD>\r\n\t<\/TR>\r\n\t<TR>\r\n\t\t<TD>\r\n\t\t\t<P>53<\/P>\r\n\t\t<\/TD>\r\n\t\t<TD>\r\n\t\t\t<P>1999<\/P>\r\n\t\t<\/TD>\r\n\t\t<TD>\r\n\t\t\t<P>Missione\r\n\t\t\tdella Chiesa e Chiesa in missione]. Ges&ugrave; Cristo, Verbo del\r\n\t\t\tPadre<\/P>\r\n\t\t<\/TD>\r\n\t\t<TD>\r\n\t\t\t<P>&Acirc;mbito\r\n\t\t\tII<\/SPAN><\/P>\r\n\t\t<\/TD>\r\n\t<\/TR>\r\n\t<TR>\r\n\t\t<TD>\r\n\t\t\t<P>54<\/P>\r\n\t\t<\/TD>\r\n\t\t<TD>\r\n\t\t\t<P>1999<\/P>\r\n\t\t<\/TD>\r\n\t\t<TD>\r\n\t\t\t<P>La\r\n\t\t\tChiesa santa, madre di figli peccatori<\/P>\r\n\t\t<\/TD>\r\n\t\t<TD>\r\n\t\t\t<P>Abordagem\r\n\t\t\teclesiol&oacute;gica e implica&ccedil;&otilde;es pastorais<\/SPAN><\/P>\r\n\t\t<\/TD>\r\n\t<\/TR>\r\n\t<TR>\r\n\t\t<TD>\r\n\t\t\t<P>55<\/P>\r\n\t\t<\/TD>\r\n\t\t<TD>\r\n\t\t\t<P>2000<\/P>\r\n\t\t<\/TD>\r\n\t\t<TD>\r\n\t\t\t<P><I>Dominus\r\n\t\t\tIesus<\/I>: l&rsquo;unicit&agrave;\r\n\t\t\te l&rsquo;universalit&agrave; salvifica di Ges&ugrave; Cristo e\r\n\t\t\tdella Chiesa<\/P>\r\n\t\t<\/TD>\r\n\t\t<TD>\r\n\t\t\t<P>Declara&ccedil;&atilde;o<\/SPAN><\/P>\r\n\t\t<\/TD>\r\n\t<\/TR>\r\n\t<TR>\r\n\t\t<TD>\r\n\t\t\t<P>56<\/P>\r\n\t\t<\/TD>\r\n\t\t<TD>\r\n\t\t\t<P>2000<\/P>\r\n\t\t<\/TD>\r\n\t\t<TD>\r\n\t\t\t<P>Ges&ugrave;\r\n\t\t\tCristo e l&rsquo;unicit&agrave; della mediazione<\/P>\r\n\t\t<\/TD>\r\n\t\t<TD>\r\n\t\t\t<P>(coautor)<\/SPAN><\/P>\r\n\t\t<\/TD>\r\n\t<\/TR>\r\n\t<TR>\r\n\t\t<TD>\r\n\t\t\t<P>57<\/P>\r\n\t\t<\/TD>\r\n\t\t<TD>\r\n\t\t\t<P>2000<\/P>\r\n\t\t<\/TD>\r\n\t\t<TD>\r\n\t\t\t<P>Ges&ugrave;\r\n\t\t\tCristo, speranza del mondo<\/P>\r\n\t\t<\/TD>\r\n\t\t<TD>\r\n\t\t\t<P>Miscel&acirc;nea\r\n\t\t\tem homenagem a Marcello Bordoni<\/SPAN><\/P>\r\n\t\t<\/TD>\r\n\t<\/TR>\r\n\t<TR>\r\n\t\t<TD>\r\n\t\t\t<P>58<\/P>\r\n\t\t<\/TD>\r\n\t\t<TD>\r\n\t\t\t<P>2000<\/P>\r\n\t\t<\/TD>\r\n\t\t<TD>\r\n\t\t\t<P>La\r\n\t\t\tVierge dans la cat&eacute;ch&egrave;se, hier et aujourd&rsquo;hui<\/SPAN><\/P>\r\n\t\t<\/TD>\r\n\t\t<TD>\r\n\t\t\t<P>Comunica&ccedil;&otilde;es\r\n\t\t\tapresentadas na 55&ordf; Sess&atilde;o da Sociedade Francesa de\r\n\t\t\tEstudos Mariais, Santu&aacute;rio Nossa Senhora de La Salette,\r\n\t\t\t1999 (coautor)<\/SPAN><\/P>\r\n\t\t<\/TD>\r\n\t<\/TR>\r\n\t<TR>\r\n\t\t<TD>\r\n\t\t\t<P>59<\/P>\r\n\t\t<\/TD>\r\n\t\t<TD>\r\n\t\t\t<P>2000<\/P>\r\n\t\t<\/TD>\r\n\t\t<TD>\r\n\t\t\t<P>Maria\r\n\t\t\te la Trinit&agrave;<\/P>\r\n\t\t<\/TD>\r\n\t\t<TD>\r\n\t\t\t<P>Espiritualidade\r\n\t\t\tmariana e exist&ecirc;ncia crist&atilde;<\/SPAN><\/P>\r\n\t\t<\/TD>\r\n\t<\/TR>\r\n\t<TR>\r\n\t\t<TD>\r\n\t\t\t<P>60<\/P>\r\n\t\t<\/TD>\r\n\t\t<TD>\r\n\t\t\t<P>2000<\/P>\r\n\t\t<\/TD>\r\n\t\t<TD>\r\n\t\t\t<P>Maria\r\n\t\t\tnella catechesi ieri e oggi<\/P>\r\n\t\t<\/TD>\r\n\t\t<TD>\r\n\t\t\t<P>Um\r\n\t\t\tolhar hist&oacute;rico sint&eacute;tico<\/SPAN><\/P>\r\n\t\t<\/TD>\r\n\t<\/TR>\r\n\t<TR>\r\n\t\t<TD>\r\n\t\t\t<P>61<\/P>\r\n\t\t<\/TD>\r\n\t\t<TD>\r\n\t\t\t<P>2001<\/P>\r\n\t\t<\/TD>\r\n\t\t<TD>\r\n\t\t\t<P>Crescere\r\n\t\t\tnella grazia e nella conoscenza di Ges&ugrave;<\/P>\r\n\t\t<\/TD>\r\n\t\t<TD>\r\n\t\t\t<P><BR>\r\n\t\t\t<\/P>\r\n\t\t<\/TD>\r\n\t<\/TR>\r\n\t<TR>\r\n\t\t<TD>\r\n\t\t\t<P>62<\/P>\r\n\t\t<\/TD>\r\n\t\t<TD>\r\n\t\t\t<P>2002<\/P>\r\n\t\t<\/TD>\r\n\t\t<TD>\r\n\t\t\t<P>Dichiarazione\r\n\t\t\t&ldquo;<I>Dominus\r\n\t\t\tIesus<\/I>&rdquo; (6\r\n\t\t\tagosto 2000)<\/P>\r\n\t\t<\/TD>\r\n\t\t<TD>\r\n\t\t\t<P>Estudos\r\n\t\t\t(coautor)<\/SPAN><\/P>\r\n\t\t<\/TD>\r\n\t<\/TR>\r\n\t<TR>\r\n\t\t<TD>\r\n\t\t\t<P>63<\/P>\r\n\t\t<\/TD>\r\n\t\t<TD>\r\n\t\t\t<P>2003<\/P>\r\n\t\t<\/TD>\r\n\t\t<TD>\r\n\t\t\t<P><A HREF=\"http:\/\/www.usminazionale.it\/09-2003\/amato.htm\">Maria\r\n\t\t\tMadre della speranza<\/A><\/P>\r\n\t\t<\/TD>\r\n\t\t<TD>\r\n\t\t\t<P>Para\r\n\t\t\tuma incultura&ccedil;&atilde;o da esperan&ccedil;a e da\r\n\t\t\tmiseric&oacute;rdia. [Parte componente de monografia]<\/SPAN><\/P>\r\n\t\t<\/TD>\r\n\t<\/TR>\r\n\t<TR>\r\n\t\t<TD>\r\n\t\t\t<P>64<\/P>\r\n\t\t<\/TD>\r\n\t\t<TD>\r\n\t\t\t<P>2005<\/P>\r\n\t\t<\/TD>\r\n\t\t<TD>\r\n\t\t\t<P>La\r\n\t\t\tMadre del Dio vivo a servizio della vita<\/P>\r\n\t\t<\/TD>\r\n\t\t<TD>\r\n\t\t\t<P>Atos\r\n\t\t\tdo 12&ordm; Col&oacute;quio Internacional de Mariologia, Santu&aacute;rio\r\n\t\t\tdo Colle, Lenola (Latina), 30 de maio &ndash; 1&ordm; de junho de\r\n\t\t\t2002 (coautor)<\/SPAN><\/P>\r\n\t\t<\/TD>\r\n\t<\/TR>\r\n\t<TR>\r\n\t\t<TD>\r\n\t\t\t<P>65<\/P>\r\n\t\t<\/TD>\r\n\t\t<TD>\r\n\t\t\t<P>2005<\/P>\r\n\t\t<\/TD>\r\n\t\t<TD>\r\n\t\t\t<P>Lo\r\n\t\t\tsguardo di Maria sul mondo contemporaneo<\/P>\r\n\t\t<\/TD>\r\n\t\t<TD>\r\n\t\t\t<P>Atos\r\n\t\t\tdo XVII Col&oacute;quio Internacional de Mariologia, Rovigo, 10-12\r\n\t\t\tde setembro de 2004<\/SPAN><\/P>\r\n\t\t<\/TD>\r\n\t<\/TR>\r\n\t<TR>\r\n\t\t<TD>\r\n\t\t\t<P>66<\/P>\r\n\t\t<\/TD>\r\n\t\t<TD>\r\n\t\t\t<P>2005<\/P>\r\n\t\t<\/TD>\r\n\t\t<TD>\r\n\t\t\t<P>Maria,\r\n\t\t\tsintesi di valori<\/P>\r\n\t\t<\/TD>\r\n\t\t<TD>\r\n\t\t\t<P>Hist&oacute;ria\r\n\t\t\tcultural da mariologia (coautor)<\/SPAN><\/P>\r\n\t\t<\/TD>\r\n\t<\/TR>\r\n\t<TR>\r\n\t\t<TD>\r\n\t\t\t<P>67<\/P>\r\n\t\t<\/TD>\r\n\t\t<TD>\r\n\t\t\t<P>2007<\/P>\r\n\t\t<\/TD>\r\n\t\t<TD>\r\n\t\t\t<P>Sui\r\n\t\t\tsentieri di Clotilde Micheli fondatrice delle Suore degli Angeli\r\n\t\t\tadoratrici della SS. Trinit&agrave;<\/P>\r\n\t\t<\/TD>\r\n\t\t<TD>\r\n\t\t\t<P>Espiritualidade\r\n\t\t\te promo&ccedil;&atilde;o humana (coautor)<\/SPAN><\/P>\r\n\t\t<\/TD>\r\n\t<\/TR>\r\n\t<TR>\r\n\t\t<TD>\r\n\t\t\t<P>68<\/P>\r\n\t\t<\/TD>\r\n\t\t<TD>\r\n\t\t\t<P>2007<\/P>\r\n\t\t<\/TD>\r\n\t\t<TD>\r\n\t\t\t<P><A HREF=\"https:\/\/www.ibs.it\/san-francesco-antonio-fasani-apostolo-libro-eugenio-galignano-angelo-amato\/e\/9788889681039?inventoryId=54585416&amp;queryId=37c52ef318e87c56cc61eeea0783d7f8\">San\r\n\t\t\tFrancesco Antonio Fasani apostolo francescano e culture\r\n\t\t\tdell&rsquo;Immacolata<\/A><\/P>\r\n\t\t<\/TD>\r\n\t\t<TD>\r\n\t\t\t<P><BR>\r\n\t\t\t<\/P>\r\n\t\t<\/TD>\r\n\t<\/TR>\r\n\t<TR>\r\n\t\t<TD>\r\n\t\t\t<P>69<\/P>\r\n\t\t<\/TD>\r\n\t\t<TD>\r\n\t\t\t<P>2007<\/P>\r\n\t\t<\/TD>\r\n\t\t<TD>\r\n\t\t\t<P>Il\r\n\t\t\tvescovo maestro della fede<\/P>\r\n\t\t<\/TD>\r\n\t\t<TD>\r\n\t\t\t<P>Desafios\r\n\t\t\tcontempor&acirc;neos ao magist&eacute;rio da verdade<\/SPAN><\/P>\r\n\t\t<\/TD>\r\n\t<\/TR>\r\n\t<TR>\r\n\t\t<TD>\r\n\t\t\t<P>70<\/P>\r\n\t\t<\/TD>\r\n\t\t<TD>\r\n\t\t\t<P>2008<\/P>\r\n\t\t<\/TD>\r\n\t\t<TD>\r\n\t\t\t<P><A HREF=\"https:\/\/www.ibs.it\/gesu-identita-del-cristianesimo-conoscenza-libro-angelo-amato\/e\/9788820980801?inventoryId=49436416&amp;queryId=0c6b7a2ee0199b738a695a998f67acde\">Ges&ugrave;,\r\n\t\t\tidentit&agrave; del cristianesimo Conoscenza\r\n\t\t\ted esperienza<\/A><\/P>\r\n\t\t<\/TD>\r\n\t\t<TD>\r\n\t\t\t<P><BR>\r\n\t\t\t<\/P>\r\n\t\t<\/TD>\r\n\t<\/TR>\r\n\t<TR>\r\n\t\t<TD>\r\n\t\t\t<P>71<\/P>\r\n\t\t<\/TD>\r\n\t\t<TD>\r\n\t\t\t<P>2008<\/P>\r\n\t\t<\/TD>\r\n\t\t<TD>\r\n\t\t\t<P>La\r\n\t\t\t<I>Dominus Iesus<\/I>\r\n\t\t\te le religioni<\/P>\r\n\t\t<\/TD>\r\n\t\t<TD>\r\n\t\t\t<P><BR>\r\n\t\t\t<\/P>\r\n\t\t<\/TD>\r\n\t<\/TR>\r\n\t<TR>\r\n\t\t<TD>\r\n\t\t\t<P>72<\/P>\r\n\t\t<\/TD>\r\n\t\t<TD>\r\n\t\t\t<P>2009<\/P>\r\n\t\t<\/TD>\r\n\t\t<TD>\r\n\t\t\t<P>Catholicism\r\n\t\t\tand secularism in contemporary Europe<\/SPAN><\/P>\r\n\t\t<\/TD>\r\n\t\t<TD>\r\n\t\t\t<P><BR>\r\n\t\t\t<\/P>\r\n\t\t<\/TD>\r\n\t<\/TR>\r\n\t<TR>\r\n\t\t<TD>\r\n\t\t\t<P>73<\/P>\r\n\t\t<\/TD>\r\n\t\t<TD>\r\n\t\t\t<P>2009<\/P>\r\n\t\t<\/TD>\r\n\t\t<TD>\r\n\t\t\t<P><A HREF=\"https:\/\/www.ibs.it\/futuro-presente-contributi-sull-enciclica-libro-vari\/e\/9788862440608?inventoryId=47675274&amp;queryId=0c6b7a2ee0199b738a695a998f67acde\">Futuro\r\n\t\t\tpresente Contributi\r\n\t\t\tsull&rsquo;enciclica &ldquo;Spe salvi&rdquo; di Benedetto XVI<\/A><\/P>\r\n\t\t<\/TD>\r\n\t\t<TD>\r\n\t\t\t<P>(coautor)<\/SPAN><\/P>\r\n\t\t<\/TD>\r\n\t<\/TR>\r\n\t<TR>\r\n\t\t<TD>\r\n\t\t\t<P>74<\/P>\r\n\t\t<\/TD>\r\n\t\t<TD>\r\n\t\t\t<P>2009<\/P>\r\n\t\t<\/TD>\r\n\t\t<TD>\r\n\t\t\t<P>La\r\n\t\t\tsantit&agrave; dei papi e di Benedetto XIII<\/P>\r\n\t\t<\/TD>\r\n\t\t<TD>\r\n\t\t\t<P><BR>\r\n\t\t\t<\/P>\r\n\t\t<\/TD>\r\n\t<\/TR>\r\n\t<TR>\r\n\t\t<TD>\r\n\t\t\t<P>75<\/P>\r\n\t\t<\/TD>\r\n\t\t<TD>\r\n\t\t\t<P>2009<\/P>\r\n\t\t<\/TD>\r\n\t\t<TD>\r\n\t\t\t<P>Maria\r\n\t\t\tdi Nazaret. Discepola e testimone della parola<\/P>\r\n\t\t<\/TD>\r\n\t\t<TD>\r\n\t\t\t<P><BR>\r\n\t\t\t<\/P>\r\n\t\t<\/TD>\r\n\t<\/TR>\r\n\t<TR>\r\n\t\t<TD>\r\n\t\t\t<P>76<\/P>\r\n\t\t<\/TD>\r\n\t\t<TD>\r\n\t\t\t<P>2009<\/P>\r\n\t\t<\/TD>\r\n\t\t<TD>\r\n\t\t\t<P>Reflexiones\r\n\t\t\tsobre la cristolog&iacute;a contempor&aacute;nea<\/SPAN><\/P>\r\n\t\t<\/TD>\r\n\t\t<TD>\r\n\t\t\t<P><BR>\r\n\t\t\t<\/P>\r\n\t\t<\/TD>\r\n\t<\/TR>\r\n\t<TR>\r\n\t\t<TD>\r\n\t\t\t<P>77<\/P>\r\n\t\t<\/TD>\r\n\t\t<TD>\r\n\t\t\t<P>2010<\/P>\r\n\t\t<\/TD>\r\n\t\t<TD>\r\n\t\t\t<P><A HREF=\"https:\/\/www.ibs.it\/santi-nella-chiesa-libro-angelo-amato\/e\/9788820983727?inventoryId=47581073&amp;queryId=0c6b7a2ee0199b738a695a998f67acde\">I\r\n\t\t\tsanti nella Chiesa<\/A><\/P>\r\n\t\t<\/TD>\r\n\t\t<TD>\r\n\t\t\t<P><BR>\r\n\t\t\t<\/P>\r\n\t\t<\/TD>\r\n\t<\/TR>\r\n\t<TR>\r\n\t\t<TD>\r\n\t\t\t<P>78<\/P>\r\n\t\t<\/TD>\r\n\t\t<TD>\r\n\t\t\t<P>2010<\/P>\r\n\t\t<\/TD>\r\n\t\t<TD>\r\n\t\t\t<P>Il\r\n\t\t\tcelibato di Cristo nelle trattazioni cristologiche contemporanee<\/P>\r\n\t\t<\/TD>\r\n\t\t<TD>\r\n\t\t\t<P>Revis&atilde;o\r\n\t\t\tcr&iacute;tico-sistem&aacute;tica<\/SPAN><\/P>\r\n\t\t<\/TD>\r\n\t<\/TR>\r\n\t<TR>\r\n\t\t<TD>\r\n\t\t\t<P>79<\/P>\r\n\t\t<\/TD>\r\n\t\t<TD>\r\n\t\t\t<P>2010<\/P>\r\n\t\t<\/TD>\r\n\t\t<TD>\r\n\t\t\t<P><A HREF=\"https:\/\/www.ibs.it\/celibato-di-gesu-libro-angelo-amato\/e\/9788820984021?inventoryId=53175645&amp;queryId=0c6b7a2ee0199b738a695a998f67acde\">Il\r\n\t\t\tcelibato di Ges&ugrave;<\/A><\/P>\r\n\t\t<\/TD>\r\n\t\t<TD>\r\n\t\t\t<P><BR>\r\n\t\t\t<\/P>\r\n\t\t<\/TD>\r\n\t<\/TR>\r\n\t<TR>\r\n\t\t<TD>\r\n\t\t\t<P>80<\/P>\r\n\t\t<\/TD>\r\n\t\t<TD>\r\n\t\t\t<P>2010<\/P>\r\n\t\t<\/TD>\r\n\t\t<TD>\r\n\t\t\t<P><A HREF=\"https:\/\/www.ibs.it\/santo-di-dio-cristologia-santita-libro-angelo-amato\/e\/9788862441292?inventoryId=47676222&amp;queryId=37c52ef318e87c56cc61eeea0783d7f8\">Il\r\n\t\t\tsanto di Dio. Cristologia e santit&agrave;<\/A><\/P>\r\n\t\t<\/TD>\r\n\t\t<TD>\r\n\t\t\t<P><BR>\r\n\t\t\t<\/P>\r\n\t\t<\/TD>\r\n\t<\/TR>\r\n\t<TR>\r\n\t\t<TD>\r\n\t\t\t<P>81<\/P>\r\n\t\t<\/TD>\r\n\t\t<TD>\r\n\t\t\t<P>2011<\/P>\r\n\t\t<\/TD>\r\n\t\t<TD>\r\n\t\t\t<P><A HREF=\"https:\/\/www.ibs.it\/dialogo-interreligioso-significato-valore-libro-angelo-amato\/e\/9788820986278?inventoryId=54461854&amp;queryId=37c52ef318e87c56cc61eeea0783d7f8\">Dialogo\r\n\t\t\tinterreligioso Significato\r\n\t\t\te valore<\/A><\/P>\r\n\t\t<\/TD>\r\n\t\t<TD>\r\n\t\t\t<P><BR>\r\n\t\t\t<\/P>\r\n\t\t<\/TD>\r\n\t<\/TR>\r\n\t<TR>\r\n\t\t<TD>\r\n\t\t\t<P>82<\/P>\r\n\t\t<\/TD>\r\n\t\t<TD>\r\n\t\t\t<P>2011<\/P>\r\n\t\t<\/TD>\r\n\t\t<TD>\r\n\t\t\t<P><A HREF=\"https:\/\/www.ibs.it\/santi-si-specchiano-in-cristo-libro-angelo-amato\/e\/9788820985752?inventoryId=763582012&amp;queryId=0c6b7a2ee0199b738a695a998f67acde\">I\r\n\t\t\tsanti si specchiano in Cristo<\/A><\/P>\r\n\t\t<\/TD>\r\n\t\t<TD>\r\n\t\t\t<P><BR>\r\n\t\t\t<\/P>\r\n\t\t<\/TD>\r\n\t<\/TR>\r\n\t<TR>\r\n\t\t<TD>\r\n\t\t\t<P>83<\/P>\r\n\t\t<\/TD>\r\n\t\t<TD>\r\n\t\t\t<P>2011<\/P>\r\n\t\t<\/TD>\r\n\t\t<TD>\r\n\t\t\t<P>Istruzione\r\n\t\t\t&ldquo;<I>Sanctorum\r\n\t\t\tmater<\/I>&rdquo;<\/P>\r\n\t\t<\/TD>\r\n\t\t<TD>\r\n\t\t\t<P>Apresenta&ccedil;&atilde;o<\/SPAN><\/P>\r\n\t\t<\/TD>\r\n\t<\/TR>\r\n\t<TR>\r\n\t\t<TD>\r\n\t\t\t<P>84<\/P>\r\n\t\t<\/TD>\r\n\t\t<TD>\r\n\t\t\t<P>2011<\/P>\r\n\t\t<\/TD>\r\n\t\t<TD>\r\n\t\t\t<P>Le\r\n\t\t\tcause dei santi<\/P>\r\n\t\t<\/TD>\r\n\t\t<TD>\r\n\t\t\t<P>Subs&iacute;dio\r\n\t\t\tpara o &ldquo;Studium&rdquo;<\/SPAN><\/P>\r\n\t\t<\/TD>\r\n\t<\/TR>\r\n\t<TR>\r\n\t\t<TD>\r\n\t\t\t<P>85<\/P>\r\n\t\t<\/TD>\r\n\t\t<TD>\r\n\t\t\t<P>2011<\/P>\r\n\t\t<\/TD>\r\n\t\t<TD>\r\n\t\t\t<P><A HREF=\"https:\/\/www.ibs.it\/maria-theotokos-conoscenza-ed-esperienza-libro-angelo-amato\/e\/9788820985394?inventoryId=47581521&amp;queryId=0c6b7a2ee0199b738a695a998f67acde\">Maria\r\n\t\t\tla <I>Theotokos<\/I>.\r\n\t\t\tConoscenza ed esperienza<\/A><\/P>\r\n\t\t<\/TD>\r\n\t\t<TD>\r\n\t\t\t<P><BR>\r\n\t\t\t<\/P>\r\n\t\t<\/TD>\r\n\t<\/TR>\r\n\t<TR>\r\n\t\t<TD>\r\n\t\t\t<P>86<\/P>\r\n\t\t<\/TD>\r\n\t\t<TD>\r\n\t\t\t<P>2012<\/P>\r\n\t\t<\/TD>\r\n\t\t<TD>\r\n\t\t\t<P><A HREF=\"https:\/\/www.ibs.it\/santi-testimoni-della-fede-libro-angelo-amato\/e\/9788820987664?inventoryId=47581859&amp;queryId=0c6b7a2ee0199b738a695a998f67acde\">I\r\n\t\t\tsanti testimoni della fede<\/A><\/P>\r\n\t\t<\/TD>\r\n\t\t<TD>\r\n\t\t\t<P><BR>\r\n\t\t\t<\/P>\r\n\t\t<\/TD>\r\n\t<\/TR>\r\n\t<TR>\r\n\t\t<TD>\r\n\t\t\t<P>87<\/P>\r\n\t\t<\/TD>\r\n\t\t<TD>\r\n\t\t\t<P>2012<\/P>\r\n\t\t<\/TD>\r\n\t\t<TD>\r\n\t\t\t<P><A HREF=\"https:\/\/www.ibs.it\/santa-ildegarda-di-bingen-libro-angelo-amato\/e\/9788820988869?inventoryId=54451033&amp;queryId=0c6b7a2ee0199b738a695a998f67acde\">Santa\r\n\t\t\tIldegarda di Bingen<\/A><\/P>\r\n\t\t<\/TD>\r\n\t\t<TD>\r\n\t\t\t<P><BR>\r\n\t\t\t<\/P>\r\n\t\t<\/TD>\r\n\t<\/TR>\r\n\t<TR>\r\n\t\t<TD>\r\n\t\t\t<P>88<\/P>\r\n\t\t<\/TD>\r\n\t\t<TD>\r\n\t\t\t<P>2012<\/P>\r\n\t\t<\/TD>\r\n\t\t<TD>\r\n\t\t\t<P><A HREF=\"https:\/\/www.ibs.it\/santi-beati-come-procede-chiesa-libro-angelo-amato\/e\/9788820999209?inventoryId=60147377&amp;queryId=0c6b7a2ee0199b738a695a998f67acde\">Santi\r\n\t\t\te beati. Come\r\n\t\t\tprocede la Chiesa<\/A><\/P>\r\n\t\t<\/TD>\r\n\t\t<TD>\r\n\t\t\t<P><BR>\r\n\t\t\t<\/P>\r\n\t\t<\/TD>\r\n\t<\/TR>\r\n\t<TR>\r\n\t\t<TD>\r\n\t\t\t<P>89<\/P>\r\n\t\t<\/TD>\r\n\t\t<TD>\r\n\t\t\t<P>2012<\/P>\r\n\t\t<\/TD>\r\n\t\t<TD>\r\n\t\t\t<P>Testi\r\n\t\t\tmariani del secondo millennio<\/P>\r\n\t\t<\/TD>\r\n\t\t<TD>\r\n\t\t\t<P>(coautor)<\/SPAN><\/P>\r\n\t\t<\/TD>\r\n\t<\/TR>\r\n\t<TR>\r\n\t\t<TD>\r\n\t\t\t<P>90<\/P>\r\n\t\t<\/TD>\r\n\t\t<TD>\r\n\t\t\t<P>2013<\/P>\r\n\t\t<\/TD>\r\n\t\t<TD>\r\n\t\t\t<P><A HREF=\"https:\/\/www.ibs.it\/santi-evangelizzano-libro-angelo-amato\/e\/9788820989859?inventoryId=54863125&amp;queryId=0c6b7a2ee0199b738a695a998f67acde\">I\r\n\t\t\tsanti evangelizzano<\/A><\/P>\r\n\t\t<\/TD>\r\n\t\t<TD>\r\n\t\t\t<P>Contribui&ccedil;&atilde;o\r\n\t\t\tno S&iacute;nodo dos Bispos de outubro de 2012, que documenta a\r\n\t\t\tnatureza evangelizadora indispens&aacute;vel dos Santos, que\r\n\t\t\tgra&ccedil;as &agrave; sua exemplar conduta crist&atilde;, nutrida\r\n\t\t\tde f&eacute;, esperan&ccedil;a e caridade, tornam-se assim pontos\r\n\t\t\tde refer&ecirc;ncia para a Igreja Cat&oacute;lica e para os fi&eacute;is\r\n\t\t\tde todo o mundo e de todas as culturas, orientando-os para uma\r\n\t\t\tvida de santidade. O volume &eacute; dividido em duas partes: na\r\n\t\t\tprimeira encontram-se as reflex&otilde;es doutrin&aacute;rias\r\n\t\t\tsobre o conceito de Santidade e sobre as causas dos Santos; a\r\n\t\t\tsegunda parte re&uacute;ne, por sua vez, homilias, cartas e\r\n\t\t\trela&ccedil;&otilde;es, realizadas ao longo de 2012, que descrevem\r\n\t\t\ta vida e a obra de Santos, Beatos, Vener&aacute;veis e Servos de\r\n\t\t\tDeus.<\/SPAN><\/P>\r\n\t\t<\/TD>\r\n\t<\/TR>\r\n\t<TR>\r\n\t\t<TD>\r\n\t\t\t<P>91<\/P>\r\n\t\t<\/TD>\r\n\t\t<TD>\r\n\t\t\t<P>2013<\/P>\r\n\t\t<\/TD>\r\n\t\t<TD>\r\n\t\t\t<P><A HREF=\"https:\/\/www.ibs.it\/paradiso-di-che-si-tratta-libro-angelo-amato\/e\/9788820989934?inventoryId=53973969&amp;queryId=0c6b7a2ee0199b738a695a998f67acde\">Il\r\n\t\t\tParadiso: di che si tratta?<\/A><\/P>\r\n\t\t<\/TD>\r\n\t\t<TD>\r\n\t\t\t<P><BR>\r\n\t\t\t<\/P>\r\n\t\t<\/TD>\r\n\t<\/TR>\r\n\t<TR>\r\n\t\t<TD>\r\n\t\t\t<P>92<\/P>\r\n\t\t<\/TD>\r\n\t\t<TD>\r\n\t\t\t<P>2014<\/P>\r\n\t\t<\/TD>\r\n\t\t<TD>\r\n\t\t\t<P>Accanto\r\n\t\t\ta Giovanni Paolo II<\/P>\r\n\t\t<\/TD>\r\n\t\t<TD>\r\n\t\t\t<P>Os\r\n\t\t\tamigos e colaboradores contam (coautor)<\/SPAN><\/P>\r\n\t\t<\/TD>\r\n\t<\/TR>\r\n\t<TR>\r\n\t\t<TD>\r\n\t\t\t<P>93<\/P>\r\n\t\t<\/TD>\r\n\t\t<TD>\r\n\t\t\t<P>2014<\/P>\r\n\t\t<\/TD>\r\n\t\t<TD>\r\n\t\t\t<P><A HREF=\"https:\/\/www.ibs.it\/santi-profeti-di-speranza-libro-angelo-amato\/e\/9788820992965?inventoryId=54112672&amp;queryId=37c52ef318e87c56cc61eeea0783d7f8\">I\r\n\t\t\tsanti profeti di speranza<\/A><\/P>\r\n\t\t<\/TD>\r\n\t\t<TD>\r\n\t\t\t<P><BR>\r\n\t\t\t<\/P>\r\n\t\t<\/TD>\r\n\t<\/TR>\r\n\t<TR>\r\n\t\t<TD>\r\n\t\t\t<P>94<\/P>\r\n\t\t<\/TD>\r\n\t\t<TD>\r\n\t\t\t<P>2014<\/P>\r\n\t\t<\/TD>\r\n\t\t<TD>\r\n\t\t\t<P><A HREF=\"https:\/\/www.ibs.it\/santissima-eucaristia-nella-fede-nel-libro-angelo-amato-vicky-batafaky\/e\/9788854878969?inventoryId=811841992&amp;queryId=37c52ef318e87c56cc61eeea0783d7f8\">La\r\n\t\t\tSantissima Eucaristia nella fede e nel diritto della Chiesa<\/A><\/P>\r\n\t\t<\/TD>\r\n\t\t<TD>\r\n\t\t\t<P>(coautor)<\/SPAN><\/P>\r\n\t\t<\/TD>\r\n\t<\/TR>\r\n\t<TR>\r\n\t\t<TD>\r\n\t\t\t<P>95<\/P>\r\n\t\t<\/TD>\r\n\t\t<TD>\r\n\t\t\t<P>2014<\/P>\r\n\t\t<\/TD>\r\n\t\t<TD>\r\n\t\t\t<P><A HREF=\"https:\/\/www.ibs.it\/san-pietro-frave-libro-angelo-amato\/e\/9788820993030?inventoryId=754665684&amp;queryId=0c6b7a2ee0199b738a695a998f67acde\">San\r\n\t\t\tPietro Favre<\/A><\/P>\r\n\t\t<\/TD>\r\n\t\t<TD>\r\n\t\t\t<P><BR>\r\n\t\t\t<\/P>\r\n\t\t<\/TD>\r\n\t<\/TR>\r\n\t<TR>\r\n\t\t<TD>\r\n\t\t\t<P>96<\/P>\r\n\t\t<\/TD>\r\n\t\t<TD>\r\n\t\t\t<P>2014<\/P>\r\n\t\t<\/TD>\r\n\t\t<TD>\r\n\t\t\t<P><A HREF=\"https:\/\/www.ibs.it\/sant-angela-da-foligno-libro-angelo-amato\/e\/9788820993047?inventoryId=47583106&amp;queryId=0c6b7a2ee0199b738a695a998f67acde\">Sant&rsquo;Angela\r\n\t\t\tda Foligno<\/A><\/P>\r\n\t\t<\/TD>\r\n\t\t<TD>\r\n\t\t\t<P><BR>\r\n\t\t\t<\/P>\r\n\t\t<\/TD>\r\n\t<\/TR>\r\n\t<TR>\r\n\t\t<TD>\r\n\t\t\t<P>97<\/P>\r\n\t\t<\/TD>\r\n\t\t<TD>\r\n\t\t\t<P>2015<\/P>\r\n\t\t<\/TD>\r\n\t\t<TD>\r\n\t\t\t<P>I\r\n\t\t\tsanti: apostoli di Cristo risorto<\/P>\r\n\t\t<\/TD>\r\n\t\t<TD>\r\n\t\t\t<P><BR>\r\n\t\t\t<\/P>\r\n\t\t<\/TD>\r\n\t<\/TR>\r\n\t<TR>\r\n\t\t<TD>\r\n\t\t\t<P>98<\/P>\r\n\t\t<\/TD>\r\n\t\t<TD>\r\n\t\t\t<P>2015<\/P>\r\n\t\t<\/TD>\r\n\t\t<TD>\r\n\t\t\t<P><A HREF=\"https:\/\/www.ibs.it\/gregorio-di-narek-dottore-della-libro-angelo-amato\/e\/9788820995263?inventoryId=53108990&amp;queryId=0c6b7a2ee0199b738a695a998f67acde\">Gregorio\r\n\t\t\tdi Narek. Dottore della Chiesa<\/A><\/P>\r\n\t\t<\/TD>\r\n\t\t<TD>\r\n\t\t\t<P><BR>\r\n\t\t\t<\/P>\r\n\t\t<\/TD>\r\n\t<\/TR>\r\n\t<TR>\r\n\t\t<TD>\r\n\t\t\t<P>99<\/P>\r\n\t\t<\/TD>\r\n\t\t<TD>\r\n\t\t\t<P>2015<\/P>\r\n\t\t<\/TD>\r\n\t\t<TD>\r\n\t\t\t<P><A HREF=\"https:\/\/www.ibs.it\/beato-oscar-romero-libro-angelo-amato\/e\/9788820995218?inventoryId=54224030&amp;queryId=37c52ef318e87c56cc61eeea0783d7f8\">Beato\r\n\t\t\tOscar Romero<\/A><\/P>\r\n\t\t<\/TD>\r\n\t\t<TD>\r\n\t\t\t<P><BR>\r\n\t\t\t<\/P>\r\n\t\t<\/TD>\r\n\t<\/TR>\r\n\t<TR>\r\n\t\t<TD>\r\n\t\t\t<P>100<\/P>\r\n\t\t<\/TD>\r\n\t\t<TD>\r\n\t\t\t<P>2015<\/P>\r\n\t\t<\/TD>\r\n\t\t<TD>\r\n\t\t\t<P><A HREF=\"https:\/\/www.ibs.it\/santa-maria-dell-incarnazione-libro-angelo-amato\/e\/9788820995287?inventoryId=53775482&amp;queryId=37c52ef318e87c56cc61eeea0783d7f8\">Santa\r\n\t\t\tMaria dell&rsquo;incarnazione<\/A><\/P>\r\n\t\t<\/TD>\r\n\t\t<TD>\r\n\t\t\t<P><BR>\r\n\t\t\t<\/P>\r\n\t\t<\/TD>\r\n\t<\/TR>\r\n\t<TR>\r\n\t\t<TD>\r\n\t\t\t<P>101<\/P>\r\n\t\t<\/TD>\r\n\t\t<TD>\r\n\t\t\t<P>2015<\/P>\r\n\t\t<\/TD>\r\n\t\t<TD>\r\n\t\t\t<P><A HREF=\"https:\/\/www.ibs.it\/san-joseph-vaz-libro-angelo-amato\/e\/9788820995270?inventoryId=52344437&amp;queryId=37c52ef318e87c56cc61eeea0783d7f8\">San\r\n\t\t\tJoseph Vaz<\/A><\/P>\r\n\t\t<\/TD>\r\n\t\t<TD>\r\n\t\t\t<P><BR>\r\n\t\t\t<\/P>\r\n\t\t<\/TD>\r\n\t<\/TR>\r\n\t<TR>\r\n\t\t<TD>\r\n\t\t\t<P>102<\/P>\r\n\t\t<\/TD>\r\n\t\t<TD>\r\n\t\t\t<P>2015<\/P>\r\n\t\t<\/TD>\r\n\t\t<TD>\r\n\t\t\t<P><A HREF=\"https:\/\/www.ibs.it\/santi-apostoli-di-cristo-risorto-libro-angelo-amato\/e\/9788820995065?inventoryId=47510190&amp;queryId=37c52ef318e87c56cc61eeea0783d7f8\">I\r\n\t\t\tSanti apostoli di Cristo risorto<\/A><\/P>\r\n\t\t<\/TD>\r\n\t\t<TD>\r\n\t\t\t<P><BR>\r\n\t\t\t<\/P>\r\n\t\t<\/TD>\r\n\t<\/TR>\r\n\t<TR>\r\n\t\t<TD>\r\n\t\t\t<P>103<\/P>\r\n\t\t<\/TD>\r\n\t\t<TD>\r\n\t\t\t<P>2016<\/P>\r\n\t\t<\/TD>\r\n\t\t<TD>\r\n\t\t\t<P><A HREF=\"https:\/\/www.ibs.it\/santi-messaggeri-di-misericordia-libro-angelo-amato\/e\/9788820997502?inventoryId=52993760&amp;queryId=0c6b7a2ee0199b738a695a998f67acde\">I\r\n\t\t\tsanti: messaggeri di misericordia<\/A><\/P>\r\n\t\t<\/TD>\r\n\t\t<TD>\r\n\t\t\t<P><BR>\r\n\t\t\t<\/P>\r\n\t\t<\/TD>\r\n\t<\/TR>\r\n\t<TR>\r\n\t\t<TD>\r\n\t\t\t<P>104<\/P>\r\n\t\t<\/TD>\r\n\t\t<TD>\r\n\t\t\t<P>2016<\/P>\r\n\t\t<\/TD>\r\n\t\t<TD>\r\n\t\t\t<P>Misericordiosi\r\n\t\t\tcome il Padre<\/P>\r\n\t\t<\/TD>\r\n\t\t<TD>\r\n\t\t\t<P>Experi&ecirc;ncias\r\n\t\t\tde miseric&oacute;rdia na viv&ecirc;ncia de santidade<\/SPAN><\/P>\r\n\t\t<\/TD>\r\n\t<\/TR>\r\n\t<TR>\r\n\t\t<TD>\r\n\t\t\t<P>105<\/P>\r\n\t\t<\/TD>\r\n\t\t<TD>\r\n\t\t\t<P>2017<\/P>\r\n\t\t<\/TD>\r\n\t\t<TD>\r\n\t\t\t<P><A HREF=\"https:\/\/www.ibs.it\/santi-ministri-della-carita-libro-angelo-amato\/e\/9788820999872?inventoryId=63904064&amp;queryId=37c52ef318e87c56cc61eeea0783d7f8\">I\r\n\t\t\tsanti, ministri della carit&agrave;<\/A><\/P>\r\n\t\t<\/TD>\r\n\t\t<TD>\r\n\t\t\t<P>Cont&eacute;m\r\n\t\t\tconsidera&ccedil;&otilde;es sobre a caridade e uma galeria de\r\n\t\t\thomens e mulheres (santos, beatos, vener&aacute;veis e servos de\r\n\t\t\tDeus) exemplares para o exerc&iacute;cio heroico dessa energia\r\n\t\t\tdivina que &eacute; a caridade<\/SPAN><\/P>\r\n\t\t<\/TD>\r\n\t<\/TR>\r\n\t<TR>\r\n\t\t<TD>\r\n\t\t\t<P>106<\/P>\r\n\t\t<\/TD>\r\n\t\t<TD>\r\n\t\t\t<P>2017<\/P>\r\n\t\t<\/TD>\r\n\t\t<TD>\r\n\t\t\t<P>Il\r\n\t\t\tmessaggio di Fatima tra carisma e profezia<\/P>\r\n\t\t<\/TD>\r\n\t\t<TD>\r\n\t\t\t<P>Atos\r\n\t\t\tdo F&oacute;rum Internacional de Mariologia (Roma 7-9 de maio de\r\n\t\t\t2015)<\/SPAN><\/P>\r\n\t\t<\/TD>\r\n\t<\/TR>\r\n\t<TR>\r\n\t\t<TD>\r\n\t\t\t<P>107<\/P>\r\n\t\t<\/TD>\r\n\t\t<TD>\r\n\t\t\t<P>2018<\/P>\r\n\t\t<\/TD>\r\n\t\t<TD>\r\n\t\t\t<P><A HREF=\"https:\/\/www.ibs.it\/santi-madre-di-dio-libro-angelo-amato\/e\/9788826600925?inventoryId=101488114&amp;queryId=37c52ef318e87c56cc61eeea0783d7f8\">I\r\n\t\t\tsanti e la Madre di Dio<\/A><\/P>\r\n\t\t<\/TD>\r\n\t\t<TD>\r\n\t\t\t<P><BR>\r\n\t\t\t<\/P>\r\n\t\t<\/TD>\r\n\t<\/TR>\r\n\t<TR>\r\n\t\t<TD>\r\n\t\t\t<P>108<\/P>\r\n\t\t<\/TD>\r\n\t\t<TD>\r\n\t\t\t<P>2019<\/P>\r\n\t\t<\/TD>\r\n\t\t<TD>\r\n\t\t\t<P>Perseguitati\r\n\t\t\tper la fede<\/P>\r\n\t\t<\/TD>\r\n\t\t<TD>\r\n\t\t\t<P>As\r\n\t\t\tv&iacute;timas do nazismo na Europa central-oriental<\/SPAN><\/P>\r\n\t\t<\/TD>\r\n\t<\/TR>\r\n\t<TR>\r\n\t\t<TD>\r\n\t\t\t<P>109<\/P>\r\n\t\t<\/TD>\r\n\t\t<TD>\r\n\t\t\t<P>2019<\/P>\r\n\t\t<\/TD>\r\n\t\t<TD>\r\n\t\t\t<P><I>Sufficit\r\n\t\t\tgratia mea<\/I>&rdquo;<\/P>\r\n\t\t<\/TD>\r\n\t\t<TD>\r\n\t\t\t<P>Miscel&acirc;nea\r\n\t\t\tde estudos oferecidos a Sua Em. o Cardeal &Acirc;ngelo Amato em\r\n\t\t\tocasi&atilde;o de seu 80&ordm; anivers&aacute;rio. <\/SPAN>\r\n\t\t\t<\/P>\r\n\t\t<\/TD>\r\n\t<\/TR>\r\n\t<TR>\r\n\t\t<TD>\r\n\t\t\t<P>110<\/P>\r\n\t\t<\/TD>\r\n\t\t<TD>\r\n\t\t\t<P>2019<\/P>\r\n\t\t<\/TD>\r\n\t\t<TD>\r\n\t\t\t<P><A HREF=\"https:\/\/www.ibs.it\/inedita-sicilia-eventi-personaggi-da-libro-angelo-amato\/e\/9788895536590?inventoryId=183275203&amp;queryId=0c6b7a2ee0199b738a695a998f67acde\">Un&rsquo;inedita\r\n\t\t\tSicilia. Eventi e personaggi da riscoprire<\/A><\/P>\r\n\t\t<\/TD>\r\n\t\t<TD>\r\n\t\t\t<P><BR>\r\n\t\t\t<\/P>\r\n\t\t<\/TD>\r\n\t<\/TR>\r\n\t<TR>\r\n\t\t<TD>\r\n\t\t\t<P>111<\/P>\r\n\t\t<\/TD>\r\n\t\t<TD>\r\n\t\t\t<P>2020<\/P>\r\n\t\t<\/TD>\r\n\t\t<TD>\r\n\t\t\t<P><A HREF=\"https:\/\/www.ibs.it\/segreto-di-tiffany-grant-libro-angelo-amato\/e\/9788830617032?inventoryId=194978858&amp;queryId=37c52ef318e87c56cc61eeea0783d7f8\">Il\r\n\t\t\tsegreto di Tiffany Grant<\/A><\/P>\r\n\t\t<\/TD>\r\n\t\t<TD>\r\n\t\t\t<P><BR>\r\n\t\t\t<\/P>\r\n\t\t<\/TD>\r\n\t<\/TR>\r\n\t<TR>\r\n\t\t<TD>\r\n\t\t\t<P>112<\/P>\r\n\t\t<\/TD>\r\n\t\t<TD>\r\n\t\t\t<P>2021<\/P>\r\n\t\t<\/TD>\r\n\t\t<TD>\r\n\t\t\t<P><I>Iesus\r\n\t\t\tChristus heri et hodie, ipse et in saecula<\/I><\/SPAN><\/P>\r\n\t\t<\/TD>\r\n\t\t<TD>\r\n\t\t\t<P>Colet&acirc;nea\r\n\t\t\tde contribui&ccedil;&otilde;es promovida pela Pontif&iacute;cia\r\n\t\t\tUniversidade Salesiana para o Cardeal &Acirc;ngelo Amato, em\r\n\t\t\tocasi&atilde;o de seu 80&ordm; anivers&aacute;rio.<\/SPAN><\/P>\r\n\t\t<\/TD>\r\n\t<\/TR>\r\n\t<TR>\r\n\t\t<TD>\r\n\t\t\t<P>113<\/P>\r\n\t\t<\/TD>\r\n\t\t<TD>\r\n\t\t\t<P>2021<\/P>\r\n\t\t<\/TD>\r\n\t\t<TD>\r\n\t\t\t<P><A HREF=\"https:\/\/www.ibs.it\/dici-anticu-cultura-popolare-nel-libro-angelo-amato\/e\/9788895536668?inventoryId=374516423&amp;queryId=0c6b7a2ee0199b738a695a998f67acde\">Dici\r\n\t\t\tl&rsquo;anticu&#8230; La cultura popolare nel paese del Gattopardo.\r\n\t\t\tProverbi di Palma di Montechiaro<\/A><\/P>\r\n\t\t<\/TD>\r\n\t\t<TD>\r\n\t\t\t<P><BR>\r\n\t\t\t<\/P>\r\n\t\t<\/TD>\r\n\t<\/TR>\r\n\t<TR>\r\n\t\t<TD>\r\n\t\t\t<P>114<\/P>\r\n\t\t<\/TD>\r\n\t\t<TD>\r\n\t\t\t<P>2023<\/P>\r\n\t\t<\/TD>\r\n\t\t<TD>\r\n\t\t\t<P><A HREF=\"https:\/\/www.ibs.it\/sicilia-ancora-da-scoprire-eventi-libro-angelo-amato\/e\/9788895536828?inventoryId=589073364&amp;queryId=0c6b7a2ee0199b738a695a998f67acde\">Una\r\n\t\t\tSicilia ancora da scoprire. Eventi e personaggi inediti<\/A><\/P>\r\n\t\t<\/TD>\r\n\t\t<TD>\r\n\t\t\t<P><BR>\r\n\t\t\t<\/P>\r\n\t\t<\/TD>\r\n\t<\/TR>\r\n<\/TABLE>\r\n<\/BODY>\r\n\r\n\r\n\r\n<p><\/p>\r\n","protected":false},"excerpt":{"rendered":"<p>A Igreja Universal e a Fam\u00edlia Salesiana se despediram pela \u00faltima vez, em 31 de&#8230;<\/p>\n","protected":false},"author":1,"featured_media":35028,"comment_status":"closed","ping_status":"open","sticky":false,"template":"","format":"standard","meta":{"iawp_total_views":6,"footnotes":""},"categories":[165],"tags":[2561,1761,2570,1911,2226,2031,2025],"class_list":["post-35036","post","type-post","status-publish","format-standard","has-post-thumbnail","hentry","category-a-memoria-deles-e-uma-bencao","tag-carisma-salesiano","tag-criatividade-salesiana","tag-igreja","tag-noticias-religiosas","tag-salesianos","tag-vida","tag-virtude"],"_links":{"self":[{"href":"https:\/\/www.donbosco.press\/pt-pt\/wp-json\/wp\/v2\/posts\/35036","targetHints":{"allow":["GET"]}}],"collection":[{"href":"https:\/\/www.donbosco.press\/pt-pt\/wp-json\/wp\/v2\/posts"}],"about":[{"href":"https:\/\/www.donbosco.press\/pt-pt\/wp-json\/wp\/v2\/types\/post"}],"author":[{"embeddable":true,"href":"https:\/\/www.donbosco.press\/pt-pt\/wp-json\/wp\/v2\/users\/1"}],"replies":[{"embeddable":true,"href":"https:\/\/www.donbosco.press\/pt-pt\/wp-json\/wp\/v2\/comments?post=35036"}],"version-history":[{"count":2,"href":"https:\/\/www.donbosco.press\/pt-pt\/wp-json\/wp\/v2\/posts\/35036\/revisions"}],"predecessor-version":[{"id":52558,"href":"https:\/\/www.donbosco.press\/pt-pt\/wp-json\/wp\/v2\/posts\/35036\/revisions\/52558"}],"wp:featuredmedia":[{"embeddable":true,"href":"https:\/\/www.donbosco.press\/pt-pt\/wp-json\/wp\/v2\/media\/35028"}],"wp:attachment":[{"href":"https:\/\/www.donbosco.press\/pt-pt\/wp-json\/wp\/v2\/media?parent=35036"}],"wp:term":[{"taxonomy":"category","embeddable":true,"href":"https:\/\/www.donbosco.press\/pt-pt\/wp-json\/wp\/v2\/categories?post=35036"},{"taxonomy":"post_tag","embeddable":true,"href":"https:\/\/www.donbosco.press\/pt-pt\/wp-json\/wp\/v2\/tags?post=35036"}],"curies":[{"name":"wp","href":"https:\/\/api.w.org\/{rel}","templated":true}]}}