{"id":165,"count":10,"description":"","link":"https:\/\/www.donbosco.press\/pt-pt\/category\/a-memoria-deles-e-uma-bencao\/","name":"A mem\u00f3ria deles \u00e9 uma b\u00ean\u00e7\u00e3o","slug":"a-memoria-deles-e-uma-bencao","taxonomy":"category","parent":0,"meta":[],"_links":{"self":[{"href":"https:\/\/www.donbosco.press\/pt-pt\/wp-json\/wp\/v2\/categories\/165","targetHints":{"allow":["GET"]}}],"collection":[{"href":"https:\/\/www.donbosco.press\/pt-pt\/wp-json\/wp\/v2\/categories"}],"about":[{"href":"https:\/\/www.donbosco.press\/pt-pt\/wp-json\/wp\/v2\/taxonomies\/category"}],"wp:post_type":[{"href":"https:\/\/www.donbosco.press\/pt-pt\/wp-json\/wp\/v2\/posts?categories=165"}],"curies":[{"name":"wp","href":"https:\/\/api.w.org\/{rel}","templated":true}]}}