{"id":54578,"date":"2026-09-01T06:04:38","date_gmt":"2026-09-01T06:04:38","guid":{"rendered":"https:\/\/www.donbosco.press\/?p=54578"},"modified":"2026-09-01T06:05:07","modified_gmt":"2026-09-01T06:05:07","slug":"czas-dla-stworzenia-1-wrzesnia-4-pazdziernika","status":"publish","type":"post","link":"https:\/\/www.donbosco.press\/pl\/duszpasterstwo-mlodziezowe\/czas-dla-stworzenia-1-wrzesnia-4-pazdziernika\/","title":{"rendered":"Czas dla Stworzenia: 1 wrze\u015bnia &#8211; 4 pa\u017adziernika"},"content":{"rendered":"<p><em><i>Od 1 wrze\u015bnia do 4 pa\u017adziernika, od \u015awiatowego Dnia Modlitw o Ochron\u0119 \u015awiata Stworzonego do \u015bwi\u0119ta \u015bw. Franciszka z Asy\u017cu, wsp\u00f3lnoty chrze\u015bcija\u0144skie na ca\u0142ym \u015bwiecie obchodz\u0105 Czas dla Stworzenia. Temat na rok 2026, \u201eWoda \u017cywa\u201d, wywodzi si\u0119 z wizji Ezechiela: rzeki wyp\u0142ywaj\u0105cej ze \u015bwi\u0105tyni Bo\u017cej i uzdrawiaj\u0105cej ziemi\u0119. Obraz nadziei, kt\u00f3ry kontrastuje z dzisiejsz\u0105 rzeczywisto\u015bci\u0105, w kt\u00f3rej co czwarta osoba nie ma dost\u0119pu do bezpiecznej wody pitnej, a ca\u0142e ekosystemy wodne upadaj\u0105. Dla Rodziny Salezja\u0144skiej jest to cenna okazja: wychowywa\u0107 m\u0142odych ludzi \u2013 najbardziej dotkni\u0119tych l\u0119kiem ekologicznym, najmniej odpowiedzialnych za kryzys \u2013 do bycia str\u00f3\u017cami stworzenia, poprzez modlitw\u0119, nawr\u00f3cenie stylu \u017cycia i konkretne dzia\u0142ania.<\/i><\/em><\/p>\n<p>&nbsp;<\/p>\n<p>&nbsp;<\/p>\n<p>Kwestie \u015brodowiskowe s\u0105 dzi\u015b wyra\u017anie w centrum uwagi. Na ca\u0142ym \u015bwiecie obserwujemy niszczycielskie skutki zmian klimatycznych, zanieczyszczenia powietrza, ska\u017cenia w\u00f3d, zanieczyszczenia plastikiem, zakwaszenia ocean\u00f3w i utraty r\u00f3\u017cnorodno\u015bci biologicznej. Chocia\u017c problemy te dotykaj\u0105 wszystkich narod\u00f3w i wszystkich lud\u00f3w, to najbiedniejsze spo\u0142eczno\u015bci cierpi\u0105 coraz bardziej z powodu kryzysu \u015brodowiskowego. Podobnie, podczas gdy problemy \u015brodowiskowe martwi\u0105 ludzi w ka\u017cdym wieku, to cz\u0119sto m\u0142odzi ludzie cierpi\u0105 na powa\u017cny l\u0119k ekologiczny. Niestety, m\u0142odzi i ubodzy s\u0105 nieproporcjonalnie dotkni\u0119ci stale eskaluj\u0105cym kryzysem \u015brodowiskowym \u2013 kryzysem, za kt\u00f3ry nie s\u0105 odpowiedzialni.<\/p>\n<p>&nbsp;<\/p>\n<p>W tej niepokoj\u0105cej sytuacji \u201eCzas dla Stworzenia\u201d jest pot\u0119\u017cnym corocznym przypomnieniem, \u017ce B\u00f3g powo\u0142a\u0142 nas do bycia zarz\u0105dcami i str\u00f3\u017cami \u015bwiata przyrody, a nie samolubnymi i lekkomy\u015blnymi konsumentami natury. Te coroczne obchody ekumeniczne, kt\u00f3re trwaj\u0105 od 1 wrze\u015bnia do 4 pa\u017adziernika, gromadz\u0105 wszystkie wsp\u00f3lnoty chrze\u015bcija\u0144skie, aby modli\u0107 si\u0119 i dzia\u0142a\u0107 na rzecz ochrony \u015brodowiska i zr\u00f3wnowa\u017conego rozwoju. Czas dla Stworzenia rozpoczyna si\u0119 \u201eDniem Modlitw o Ochron\u0119 \u015awiata Stworzonego\u201d i ko\u0144czy si\u0119 w \u015bwi\u0119to \u015bw. Franciszka z Asy\u017cu, patrona ekologii. Jest to szczeg\u00f3lny czas, podczas kt\u00f3rego jeste\u015bmy zaproszeni do odnowienia naszej relacji ze Stw\u00f3rc\u0105 i z ca\u0142ym stworzeniem poprzez \u015bwi\u0119towanie, nawr\u00f3cenie i wsp\u00f3lne zaanga\u017cowanie.<\/p>\n<p>&nbsp;<\/p>\n<p><strong><b>Czas dla Stworzenia 2026<\/b><\/strong><\/p>\n<p>Ka\u017cdego roku Komitet zarz\u0105dzaj\u0105cy proponuje temat obchod\u00f3w Czasu dla Stworzenia. Ca\u0142e obchody opieraj\u0105 si\u0119 na trzech filarach, kt\u00f3re ju\u017c widzieli\u015bmy: modlitwie, refleksji i dzia\u0142aniu. Temat opiera si\u0119 na fragmencie biblijnym, kt\u00f3ry ukierunkowuje momenty modlitwy, refleksj\u0119 nad w\u0142asnym \u017cyciem i mo\u017cliwe drogi dzia\u0142ania.<\/p>\n<p>&nbsp;<\/p>\n<p>Tematem Czasu dla Stworzenia 2026 jest \u201eWoda \u017cywa\u201d i czerpie on inspiracj\u0119 z Ksi\u0119gi Ezechiela 47, 9-12, biblijnej wizji nadziei i uzdrowienia. W kontek\u015bcie wygnania i straty, obraz \u017cywej wody wyp\u0142ywaj\u0105cej ze \u015bwi\u0105tyni Bo\u017cej objawia Bo\u017ce uzdrowienie, kt\u00f3re odnawia ziemi\u0119, wod\u0119, r\u00f3\u017cnorodno\u015b\u0107 biologiczn\u0105 i ludzk\u0105 odpowiedzialno\u015b\u0107 za ca\u0142e stworzenie.<\/p>\n<p>&nbsp;<\/p>\n<p>Niestety, dzisiejsza rzeczywisto\u015b\u0107 ostro kontrastuje z wizj\u0105 Ezechiela o obficie p\u0142yn\u0105cej wodzie. Wed\u0142ug statystyk przedstawionych przez Organizacj\u0119 Narod\u00f3w Zjednoczonych na temat obecnego kryzysu wodnego, 1,7 miliarda ludzi nie ma podstawowych urz\u0105dze\u0144 sanitarnych w swoich domach, a 2,1 miliarda ludzi nadal nie ma dost\u0119pu do bezpiecznej wody pitnej \u2013 to znaczy 1 na 4 osoby na \u015bwiecie! Wraz z nasilaniem si\u0119 zmian klimatycznych i wzrostem poboru w\u00f3d gruntowych, kilka kraj\u00f3w osi\u0105ga obecnie tak zwany \u201epunkt bankructwa wodnego\u201d, czyli stan charakteryzuj\u0105cy si\u0119 nieodwracaln\u0105 utrat\u0105 naturalnego kapita\u0142u wodnego.<\/p>\n<p>&nbsp;<\/p>\n<p>Kryzys wodny w wielu cz\u0119\u015bciach \u015bwiata zmusza ludzi do migracji, powoduj\u0105c utrat\u0119 ich dom\u00f3w i kultury. Wp\u0142yw na ekosystemy i r\u00f3\u017cnorodno\u015b\u0107 biologiczn\u0105 jest r\u00f3wnie\u017c niszczycielski. Wed\u0142ug \u201eWorld Wide Fund for Nature\u201d (WWF), jeste\u015bmy \u015bwiadkami katastrofalnego spadku fauny wodnej, przy czym populacje s\u0142odkowodne spad\u0142y o niewiarygodne 85 procent, a morskie o 56 procent w ci\u0105gu ostatnich 50 lat.<\/p>\n<p>&nbsp;<\/p>\n<p>Jednak wracaj\u0105c do wizji Ezechiela, nale\u017cy pami\u0119ta\u0107, \u017ce jest to ostatecznie wizja nadziei. Pomimo niepokoj\u0105cych sytuacji, kt\u00f3rych jeste\u015bmy \u015bwiadkami, jako wsp\u00f3\u0142pracownicy Stw\u00f3rcy, jeste\u015bmy wezwani do odegrania naszej roli w zapewnieniu dost\u0119pu do wody wszystkim spo\u0142eczno\u015bciom. W wielu cz\u0119\u015bciach \u015bwiata widzimy, jak chrze\u015bcija\u0144skie grupy i organizacje promuj\u0105 ochron\u0119, odpowiedzialne zarz\u0105dzanie i sprawiedliw\u0105 dystrybucj\u0119 wody dla wszystkich. Kopie si\u0119 studnie i dostarcza wod\u0119 do parafii, wiosek i o\u015brodk\u00f3w zdrowia, wychodz\u0105c ze \u015bwiadomo\u015bci, \u017ce woda jest darem Bo\u017cym, a dost\u0119p do wody pitnej jest podstawowym prawem cz\u0142owieka. Wizja Ezechiela staje si\u0119 rzeczywisto\u015bci\u0105: widzimy rzeki, kt\u00f3re zn\u00f3w p\u0142yn\u0105, \u017ar\u00f3d\u0142a wody chronione przed zanieczyszczeniem i suche ziemie, kt\u00f3re zn\u00f3w si\u0119 zieleni\u0105. To w\u0142a\u015bnie \u015bwi\u0119tujemy podczas Czasu dla Stworzenia! I chocia\u017c radujemy si\u0119 z dobra, kt\u00f3re ju\u017c si\u0119 dokonuje, zobowi\u0105zujemy si\u0119 do zapewnienia, aby dar Bo\u017cy, \u017cywa woda, nadal p\u0142yn\u0105\u0142!<\/p>\n<p>&nbsp;<\/p>\n<p><strong><b>Wezwanie do dzia\u0142ania<\/b><\/strong><\/p>\n<p>Jak zauwa\u017cyli\u015bmy wcze\u015bniej, Czas dla Stworzenia obchodzony jest poprzez modlitw\u0119, refleksj\u0119 nad naszym stylem \u017cycia i prorocze dzia\u0142anie. R\u00f3wnie\u017c w tym roku, z tematem \u201eWody \u017cywej\u201d, jeste\u015bmy wezwani do podj\u0119cia pewnych znacz\u0105cych dzia\u0142a\u0144, kt\u00f3re s\u0105 bardzo potrzebne w naszych czasach. S\u0105 to dzia\u0142ania, kt\u00f3re mo\u017cna by podj\u0105\u0107 w naszych oratoriach, o\u015brodkach m\u0142odzie\u017cowych, parafiach, szko\u0142ach i innych wsp\u00f3lnotach.<\/p>\n<p>&nbsp;<\/p>\n<p>Niekt\u00f3re z \u201eproroczych dzia\u0142a\u0144\u201d, kt\u00f3re proponuje nam tegoroczny <em><i>Przewodnik po Czasie dla Stworzenia<\/i><\/em>, to: zaanga\u017cowanie si\u0119 na rzecz zapewnienia wszystkim ludziom dost\u0119pu do po\u017cywnej i bezpiecznej \u017cywno\u015bci; powstrzymanie si\u0119 od szkodliwego zanieczyszczania wody i pot\u0119pianie go, przy jednoczesnym wzywaniu rz\u0105d\u00f3w, w\u0142adz lokalnych, przemys\u0142u i rolnictwa do odpowiedzialnego dzia\u0142ania i ochrony \u017ar\u00f3de\u0142 wody; dzia\u0142anie na rzecz zapewnienia rodzinom, szko\u0142om, plac\u00f3wkom opieki zdrowotnej i miejscom kultu dost\u0119pu do czystej wody i odpowiednich warunk\u00f3w sanitarnych; promowanie edukacji ekologicznej w celu wspierania holistycznej troski o stworzenie; zaanga\u017cowanie si\u0119 w sadzenie drzew, poniewa\u017c poch\u0142aniaj\u0105 one zanieczyszczenia w\u0119glowe, zapobiegaj\u0105 erozji, zmniejszaj\u0105 powodzie, dostarczaj\u0105 \u017cywno\u015bci i lekarstw oraz ch\u0142odz\u0105 \u015brodowisko miejskie; znalezienie sposob\u00f3w na opiek\u0119 nad naszymi oceanami, kt\u00f3re stoj\u0105 w obliczu rosn\u0105cych zagro\u017ce\u0144 zwi\u0105zanych z wyrzucaniem odpad\u00f3w, prze\u0142owieniem, zanieczyszczeniem i g\u00f3rnictwem g\u0142\u0119bokomorskim; oraz przywracanie i ochrona ekosystem\u00f3w i r\u00f3\u017cnorodno\u015bci biologicznej w naszych ko\u015bcio\u0142ach, w naszych domach i w naszych spo\u0142eczno\u015bciach.<\/p>\n<p>&nbsp;<\/p>\n<p>\u017byj\u0105c dzi\u015b w epoce cyfrowej, Przewodnik proponuje ponadto, aby\u015bmy \u2013 a w szczeg\u00f3lno\u015bci m\u0142odzi ludzie \u2013 zaanga\u017cowali si\u0119 w cyfrow\u0105 kampani\u0119 u\u015bwiadamiaj\u0105c\u0105, publikuj\u0105c w mediach spo\u0142eczno\u015bciowych z u\u017cyciem hashtagu #SeasonofCreation. Poprzez t\u0119 cyfrow\u0105 kampani\u0119 mogliby\u015bmy zwr\u00f3ci\u0107 uwag\u0119 na zanieczyszczone lub zagro\u017cone rzeki, jeziora lub tereny podmok\u0142e; dzieli\u0107 si\u0119 historiami spo\u0142eczno\u015bci dotkni\u0119tych niedoborem wody; publicznie domaga\u0107 si\u0119 pilnej interwencji w sprawach lokalnych problem\u00f3w wodnych; oraz \u015bwi\u0119towa\u0107 pozytywne kroki podj\u0119te przez rz\u0105dy i spo\u0142eczno\u015bci. Media spo\u0142eczno\u015bciowe s\u0105 dzi\u015b pot\u0119\u017cn\u0105 platform\u0105 do wspierania spraw spo\u0142ecznych i mog\u0105 wzmacnia\u0107 g\u0142osy wsp\u00f3lnot wiary poza murami ko\u015bcio\u0142a.<\/p>\n<p>&nbsp;<\/p>\n<p><strong><b>Obchody Czasu jako Rodzina Salezja\u0144ska<\/b><\/strong><\/p>\n<p>Jak przypomnia\u0142 nam papie\u017c Leon XIV z okazji inauguracji Borgo Laudato Si&#8217; w Castel Gandolfo we wrze\u015bniu 2025 r.: \u201eTroska o stworzenie jest naprawd\u0119 powo\u0142aniem ka\u017cdego cz\u0142owieka. Jeste\u015bmy stworzeniami w\u015br\u00f3d stworze\u0144, kt\u00f3rym powierzono odpowiedzialno\u015b\u0107 za opiek\u0119 nad wszystkim, co uczyni\u0142 Stw\u00f3rca\u201d. Wa\u017cne jest, aby podkre\u015bli\u0107, \u017ce nasza determinacja w trosce o stworzenie nie mo\u017ce pozosta\u0107 tylko na poziomie s\u0142\u00f3w, ale musi prze\u0142o\u017cy\u0107 si\u0119 na dzia\u0142ania; to w\u0142a\u015bnie podkre\u015bli\u0142 papie\u017c Leon XIV w swoim or\u0119dziu na COP30 w Bel\u00e9m w listopadzie 2025 r.: \u201eMusimy przekszta\u0142ci\u0107 s\u0142owa i refleksje w wybory i dzia\u0142ania oparte na odpowiedzialno\u015bci, sprawiedliwo\u015bci i r\u00f3wno\u015bci\u201d.<\/p>\n<p>&nbsp;<\/p>\n<p>Czas dla Stworzenia to dla nas, salezjan\u00f3w, doskona\u0142a okazja do wychowywania m\u0142odych ludzi do odpowiedzialno\u015bci za opiek\u0119 nad Bo\u017cym stworzeniem i do aktywnego w\u0142\u0105czania ich w znacz\u0105ce programy ekologiczne. Chocia\u017c istnieje wiele sposob\u00f3w, w jakie mogliby\u015bmy zaanga\u017cowa\u0107 m\u0142odych ludzi w ochron\u0119 \u015brodowiska w zale\u017cno\u015bci od lokalnych potrzeb, oto dwie mo\u017cliwo\u015bci, kt\u00f3re mogliby\u015bmy wykorzysta\u0107 jako globalna Rodzina Salezja\u0144ska.<\/p>\n<p>&nbsp;<\/p>\n<p>Jednym z dzia\u0142a\u0144 przygotowuj\u0105cych do \u015awiatowych Dni M\u0142odzie\u017cy 2027 jest projekt sadzenia drzew o nazwie \u201eKampania Breath of Life\u201d. Oficjalna strona internetowa \u015aDM wyja\u015bnia, \u017ce \u201eto co\u015b wi\u0119cej ni\u017c tylko inicjatywa ekologiczna. To akt wiary maj\u0105cy na celu zachowanie porz\u0105dku stworzenia i konkretny krok w kierunku neutralno\u015bci w\u0119glowej, zakorzeniony w naszej wierze w Boga\u201d. Sektor Salezja\u0144skiego Duszpasterstwa M\u0142odzie\u017cy zaprosi\u0142 cz\u0142onk\u00f3w Salezja\u0144skiego Ruchu M\u0142odzie\u017cowego z ca\u0142ego \u015bwiata do wzi\u0119cia udzia\u0142u w Kampanii \u201eBreath of Life\u201d, kt\u00f3ra potrwa od 27 wrze\u015bnia 2026 r. do 4 pa\u017adziernika 2026 r., czyli w ostatnim tygodniu Czasu dla Stworzenia. Jest to naprawd\u0119 znacz\u0105ca inicjatywa, poprzez kt\u00f3r\u0105 Salezja\u0144ski Ruch M\u0142odzie\u017cowy mo\u017ce \u015bwi\u0119towa\u0107 Czas dla Stworzenia i jednocze\u015bnie przygotowywa\u0107 si\u0119 do \u015awiatowych Dni M\u0142odzie\u017cy.<\/p>\n<p>&nbsp;<\/p>\n<p>Po drugie, z okazji tegorocznego Dnia Ziemi (22 kwietnia), Sektor Duszpasterstwa M\u0142odzie\u017cy wyda\u0142 <em><i>Przewodnik parafialny Laudato Si&#8217;<\/i><\/em>, praktyczne narz\u0119dzie pomagaj\u0105ce parafiom salezja\u0144skim sta\u0107 si\u0119 \u201eParafiami <em><i>Laudato Si&#8217;<\/i><\/em>\u201d. Przewodnik ten oferuje konkretne sugestie dotycz\u0105ce osi\u0105gni\u0119cia ka\u017cdego z Siedmiu Cel\u00f3w zaproponowanych przez Platform\u0119 Dzia\u0142ania <em><i>Laudato Si&#8217;<\/i><\/em>. Prezentuj\u0105c ten przewodnik parafialny, ks. Rafael Bejarano, Radca Generalny ds. Duszpasterstwa M\u0142odzie\u017cy, powiedzia\u0142: \u201ePoprzez te wytyczne dla naszych parafii oferujemy salezja\u0144sk\u0105 drog\u0119 zaanga\u017cowania m\u0142odych ludzi i wszystkich cz\u0142onk\u00f3w wsp\u00f3lnoty parafialnej do odgrywania aktywnej i konkretnej roli w trosce o nasz wsp\u00f3lny dom\u201d.<\/p>\n<p>&nbsp;<\/p>\n<p><strong><b>Zako\u0144czenie<\/b><\/strong><\/p>\n<p>W Sze\u015bcioletnim Projekcie dla Zgromadzenia Salezja\u0144skiego (2025-2031) Prze\u0142o\u017cony Generalny, ks. Fabio Attard, stwierdza: \u201eZaanga\u017cowanie Ko\u015bcio\u0142a na rzecz ekologii integralnej zosta\u0142o przyj\u0119te przez Zgromadzenie i musi zosta\u0107 wzmocnione wizj\u0105 o inspiracji charyzmatycznej. Oby zaanga\u017cowanie m\u0142odych ludzi na rzecz dobra wsp\u00f3lnego i naszego wsp\u00f3lnego domu by\u0142o coraz bardziej zakorzenione na poziomie lokalnym, przy czym m\u0142odzi ludzie odgrywaliby wiod\u0105c\u0105 rol\u0119, dziel\u0105c si\u0119 wyborami oraz uczestnicz\u0105c aktywnie i konkretnie\u201d (AGC 446).<\/p>\n<p>&nbsp;<\/p>\n<p>Czas dla Stworzenia jest dla nas okazj\u0105 do wprowadzenia w \u017cycie naszej determinacji, by by\u0107 cz\u0119\u015bci\u0105 \u201ezaanga\u017cowania Ko\u015bcio\u0142a na rzecz ekologii integralnej\u201d. Poprzez r\u00f3\u017cne dzia\u0142ania, kt\u00f3re podejmujemy w tym czasie, m\u0142odzi ludzie maj\u0105 szans\u0119 odegra\u0107 wiod\u0105c\u0105 rol\u0119 w konkretnej trosce o nasz wsp\u00f3lny dom i w promowaniu dobra wsp\u00f3lnego. Momenty modlitwy, szczera refleksja nad w\u0142asnym stylem \u017cycia i konkretne dzia\u0142ania z pewno\u015bci\u0105 pozwol\u0105 nam na nowo odkry\u0107 nasze wyj\u0105tkowe miejsce w Bo\u017cym stworzeniu i doprowadz\u0105 nas do odnowienia naszego zaanga\u017cowania w wype\u0142nianie naszej odpowiedzialno\u015bci jako str\u00f3\u017c\u00f3w \u015bwiata przyrody, kt\u00f3ry da\u0142 nam B\u00f3g.<\/p>\n<p>&nbsp;<\/p>\n<p>\u015awi\u0119tuj\u0105c ten czas z naszymi m\u0142odymi lud\u017ami, pozw\u00f3lmy si\u0119 prowadzi\u0107 s\u0142owom, kt\u00f3re papie\u017c Leon XIV skierowa\u0142 do m\u0142odych w lipcu 2025 r. \u201eJeste\u015bcie m\u0142odzi, pe\u0142ni pomys\u0142\u00f3w i entuzjazmu. Chcecie podbi\u0107 \u015bwiat nie po to, by go ujarzmi\u0107, ale by s\u0142u\u017cy\u0107 \u017cyciu, kt\u00f3re pochodzi od Boga. Pokora, duch s\u0142u\u017cby i g\u0142\u0119boka relacja z Chrystusem pozwalaj\u0105 wam zakorzeni\u0107 w sobie warto\u015bci chrze\u015bcija\u0144skie. Tylko wewn\u0119trzne nawr\u00f3cenie umo\u017cliwia zmian\u0119 nawyk\u00f3w i mentalno\u015bci, przek\u0142adaj\u0105c si\u0119 na nowy spos\u00f3b \u017cycia w komunii ze \u015brodowiskiem\u201d.<\/p>\n<p>&nbsp;<\/p>\n<p>&nbsp;<\/p>\n<ol>\n<li><em><i> Savio Silveira SDB<\/i><\/em><\/li>\n<\/ol>\n<p><em><i>Koordynator: Ekologia integralna<\/i><\/em><\/p>\n<p><em><i>Sektor Duszpasterstwa M\u0142odzie\u017cy<\/i><\/em><\/p>\n<p>&nbsp;<\/p>\n","protected":false},"excerpt":{"rendered":"<p>Od 1 wrze\u015bnia do 4 pa\u017adziernika, od \u015awiatowego Dnia Modlitw o Ochron\u0119 \u015awiata Stworzonego do&#8230;<\/p>\n","protected":false},"author":1,"featured_media":54566,"comment_status":"closed","ping_status":"closed","sticky":false,"template":"","format":"standard","meta":{"iawp_total_views":5,"footnotes":""},"categories":[546],"tags":[1838,2202,2030],"class_list":["post-54578","post","type-post","status-publish","format-standard","has-post-thumbnail","hentry","category-duszpasterstwo-mlodziezowe","tag-inicjatywy","tag-wydarzenia","tag-zycie"],"_links":{"self":[{"href":"https:\/\/www.donbosco.press\/pl\/wp-json\/wp\/v2\/posts\/54578","targetHints":{"allow":["GET"]}}],"collection":[{"href":"https:\/\/www.donbosco.press\/pl\/wp-json\/wp\/v2\/posts"}],"about":[{"href":"https:\/\/www.donbosco.press\/pl\/wp-json\/wp\/v2\/types\/post"}],"author":[{"embeddable":true,"href":"https:\/\/www.donbosco.press\/pl\/wp-json\/wp\/v2\/users\/1"}],"replies":[{"embeddable":true,"href":"https:\/\/www.donbosco.press\/pl\/wp-json\/wp\/v2\/comments?post=54578"}],"version-history":[{"count":1,"href":"https:\/\/www.donbosco.press\/pl\/wp-json\/wp\/v2\/posts\/54578\/revisions"}],"predecessor-version":[{"id":54579,"href":"https:\/\/www.donbosco.press\/pl\/wp-json\/wp\/v2\/posts\/54578\/revisions\/54579"}],"wp:featuredmedia":[{"embeddable":true,"href":"https:\/\/www.donbosco.press\/pl\/wp-json\/wp\/v2\/media\/54566"}],"wp:attachment":[{"href":"https:\/\/www.donbosco.press\/pl\/wp-json\/wp\/v2\/media?parent=54578"}],"wp:term":[{"taxonomy":"category","embeddable":true,"href":"https:\/\/www.donbosco.press\/pl\/wp-json\/wp\/v2\/categories?post=54578"},{"taxonomy":"post_tag","embeddable":true,"href":"https:\/\/www.donbosco.press\/pl\/wp-json\/wp\/v2\/tags?post=54578"}],"curies":[{"name":"wp","href":"https:\/\/api.w.org\/{rel}","templated":true}]}}