{"id":49718,"date":"2026-03-13T08:37:12","date_gmt":"2026-03-13T08:37:12","guid":{"rendered":"https:\/\/www.donbosco.press\/?p=49718"},"modified":"2026-03-31T12:38:58","modified_gmt":"2026-03-31T12:38:58","slug":"piekny-i-wysoki-kosciol-1844","status":"publish","type":"post","link":"https:\/\/www.donbosco.press\/pl\/sny-ksiedza-bosko\/piekny-i-wysoki-kosciol-1844\/","title":{"rendered":"Pi\u0119kny i wysoki ko\u015bci\u00f3\u0142 (1844)"},"content":{"rendered":"<p><em><i>W 1844 roku, w okresie pe\u0142nym pyta\u0144 o przysz\u0142o\u015b\u0107 Oratorium, Don Bosco zanotowa\u0142 w swoich Wspomnieniach sen, kt\u00f3ry roz\u015bwietli\u0142 i ukierunkowa\u0142 jego misj\u0119. W przeddzie\u0144 og\u0142oszenia ch\u0142opcom o przeniesieniu do Valdocco, zobaczy\u0142 w wizji zdezorientowane stado dzikich i \u0142agodnych zwierz\u0105t, kt\u00f3re, prowadzone przez tajemnicz\u0105 Pasterk\u0119, stopniowo przemienia\u0142o si\u0119 w potulne baranki. Droga zako\u0144czy\u0142a si\u0119 na rozleg\u0142ym dziedzi\u0144cu z majestatycznym ko\u015bcio\u0142em, nad kt\u00f3rym widnia\u0142 \u0142aci\u0144ski napis \u201eHic domus mea, inde gloria mea\u201d (Tu m\u00f3j dom, st\u0105d moja chwa\u0142a). Epizod ten, przypominaj\u0105cy jego pierwszy dzieci\u0119cy sen z Becchi, zapowiada\u0142 narodziny dzie\u0142a salezja\u0144skiego, ukazywa\u0142 opatrzno\u015bciow\u0105 ufno\u015b\u0107, kt\u00f3ra wspiera\u0142a Don Bosco w chwilach zw\u0105tpienia i sk\u0142ania\u0142a go do podejmowania decyduj\u0105cych krok\u00f3w.<\/i><\/em><\/p>\n<p>Pewien fakt przedziwny podnosi\u0142 na duchu w owych dniach Ksi\u0119dza Bosko, wieszcz\u0105c przysz\u0142e wydarzenia. Przytoczymy go w\u0142asnymi s\u0142owami Ksi\u0119dza Bosko wyj\u0119tymi z jego manuskryptu:<\/p>\n<p>\u201eW drug\u0105 niedziel\u0119 pa\u017adziernika tego\u017c (1844) roku mia\u0142em zakomunikowa\u0107 mym ch\u0142opcom, \u017ce Oratorium zostanie przeniesione na Valdocco. Lecz niepewno\u015b\u0107 miejsca, \u015brodk\u00f3w, os\u00f3b dawa\u0142y mi wiele do my\u015blenia. Wieczorem dnia poprzedniego po\u0142o\u017cy\u0142em si\u0119 do \u0142\u00f3\u017cka z sercem niespokojnym. Owej nocy mia\u0142em sen nowy, jakby uzupe\u0142nienie owego, gdy mia\u0142em lat dziewi\u0119\u0107 w Becchi. Uwa\u017cam za stosowne przytoczy\u0107 go dos\u0142ownie:<br \/>\n\u015ani\u0142em, \u017ce znajduj\u0119 si\u0119 w\u015br\u00f3d ogromnego stada wilk\u00f3w, k\u00f3z, koz\u0142\u00f3w, jagni\u0105t, owiec, baran\u00f3w, ps\u00f3w i chmary rozmaitego ptactwa. Wszystko to czyni\u0142o taki zgie\u0142k, ha\u0142as, tak\u0105 wrzaw\u0119 piekieln\u0105, \u017ce nie wytrzyma\u0142by tam najwi\u0119kszy \u015bmia\u0142ek. Chcia\u0142em, wi\u0119c ucieka\u0107, gdy wtem jaka\u015b dostojna Pani, ubrana w str\u00f3j pasterki skin\u0119\u0142a na mnie, bym poszed\u0142 za tym dziwnym rojowiskiem, kt\u00f3re ona w\u0142a\u015bnie prowadzi\u0142a. Chodz\u0105c z miejsca na miejsce, zrobili\u015bmy trzy przystanki. Na ka\u017cdym takim postoju wiele z tych zwierz\u0105t zamienia\u0142o si\u0119 w jagni\u0105tka, a liczba ich, co raz wi\u0119cej ros\u0142a. Po d\u0142ugiej w\u0119dr\u00f3wce znalaz\u0142em si\u0119 z ca\u0142ym stadem na \u0142\u0105ce, gdzie wszystkie te zwierz\u0119ta baraszkowa\u0142y i jad\u0142y w najlepszej zgodzie.<br \/>\nWyczerpany na si\u0142ach, chcia\u0142em sobie usi\u0105\u015b\u0107 obok drogi, ale Pasterka nie pozwoli\u0142a i trzeba by\u0142o i\u015b\u0107 dalej. Uszli\u015bmy jednak ju\u017c niedaleko, gdy stan\u0119li\u015bmy na obszernym placu, otoczonym kru\u017cgankami, przed jakim\u015b ko\u015bcio\u0142em. Teraz zauwa\u017cy\u0142em, \u017ce cztery pi\u0105te owych zwierz\u0105t zamieni\u0142o si\u0119 w jagni\u0119ta, kt\u00f3rych ci\u0105gle przybywa\u0142o. W tej chwili zjawi\u0142o si\u0119 kilku pasterzy do pomocy. Nied\u0142ugo jednak mi pomagali i poszli sobie. Wtedy sta\u0142a si\u0119 rzecz nadzwyczajna, wiele jagni\u0105t zamieni\u0142o si\u0119 w pasterzy. W miar\u0119 jak ich liczba ros\u0142a, dzielili si\u0119 na grupy i rozchodzili si\u0119 w r\u00f3\u017cne strony, aby gdzie indziej gromadzi\u0107 r\u00f3\u017cne zwierz\u0119ta i sp\u0119dza\u0107 je do nowych owczarni.<br \/>\nJu\u017c chcia\u0142em odej\u015b\u0107, bo mi si\u0119 zdawa\u0142o, \u017ce czas odprawi\u0107 Msz\u0119 \u015bw., ale Pasterka kaza\u0142a mi spojrze\u0107 na po\u0142udnie. Us\u0142ucha\u0142em i zobaczy\u0142em obszerne pole obsiane kukurydz\u0105, kapust\u0105, burakami, sa\u0142at\u0105 i podobnymi warzywami. 145 Popatrz jeszcze raz, nalega\u0142a. Popatrzy\u0142em ponownie i ujrza\u0142em drugi wspania\u0142y ko\u015bci\u00f3\u0142. Orkiestra i ch\u00f3ry \u015bpiewak\u00f3w sta\u0142y gotowe do od\u015bpiewania Mszy \u015bw. Wewn\u0105trz ko\u015bcio\u0142a rozwieszona by\u0142a bia\u0142a wst\u0119ga z wyrazistym napisem: HAEC DOMUS MEA, INDE GLORIA MEA \u2013 Ten dom m\u00f3j, st\u0105d chwa\u0142a moja. Pytam ow\u0105 Pasterk\u0119 gdzie ja si\u0119 w\u0142a\u015bciwie znajduj\u0119, co oznacza ta w\u0119dr\u00f3wka, owe postoje, ten dom, ko\u015bci\u00f3\u0142 i ta druga \u015bwi\u0105tynia? Zrozumiesz wszystko, kiedy to, na co teraz patrzysz, oczyma duszy zobaczysz urzeczywistnione. Zdawa\u0142o mi si\u0119, \u017ce nie \u015bni\u0119, wi\u0119c odrzek\u0142em: Przecie\u017c wszystko widz\u0119 jak najwyra\u017aniej, widz\u0119 wszystko na jawie\u2026 wiem, dok\u0105d id\u0119 i co robi\u0119\u2026 Tu odezwa\u0142 si\u0119 dzwon z wie\u017cy ko\u015bcielnej \u015bw. Franciszka z Asy\u017cu na Anio\u0142 Pa\u0144ski i zbudzi\u0142em si\u0119.<\/p>\n<p><em><i>(MB IT II, 243-245; MB PL II, 144-145)<\/i><\/em><\/p>\n<p>&nbsp;<\/p>\n","protected":false},"excerpt":{"rendered":"<p>W 1844 roku, w okresie pe\u0142nym pyta\u0144 o przysz\u0142o\u015b\u0107 Oratorium, Don Bosco zanotowa\u0142 w swoich&#8230;<\/p>\n","protected":false},"author":18,"featured_media":49711,"comment_status":"closed","ping_status":"closed","sticky":false,"template":"","format":"standard","meta":{"iawp_total_views":7,"footnotes":""},"categories":[158],"tags":[1718,1886,1742,2576,1688,1982,1826],"class_list":["post-49718","post","type-post","status-publish","format-standard","has-post-thumbnail","hentry","category-sny-ksiedza-bosko","tag-charyzmat-salezjanski","tag-cuda","tag-kosciol","tag-ksiadz-bosko","tag-maryja","tag-marzenia","tag-otrzymane-laski"],"_links":{"self":[{"href":"https:\/\/www.donbosco.press\/pl\/wp-json\/wp\/v2\/posts\/49718","targetHints":{"allow":["GET"]}}],"collection":[{"href":"https:\/\/www.donbosco.press\/pl\/wp-json\/wp\/v2\/posts"}],"about":[{"href":"https:\/\/www.donbosco.press\/pl\/wp-json\/wp\/v2\/types\/post"}],"author":[{"embeddable":true,"href":"https:\/\/www.donbosco.press\/pl\/wp-json\/wp\/v2\/users\/18"}],"replies":[{"embeddable":true,"href":"https:\/\/www.donbosco.press\/pl\/wp-json\/wp\/v2\/comments?post=49718"}],"version-history":[{"count":2,"href":"https:\/\/www.donbosco.press\/pl\/wp-json\/wp\/v2\/posts\/49718\/revisions"}],"predecessor-version":[{"id":52595,"href":"https:\/\/www.donbosco.press\/pl\/wp-json\/wp\/v2\/posts\/49718\/revisions\/52595"}],"wp:featuredmedia":[{"embeddable":true,"href":"https:\/\/www.donbosco.press\/pl\/wp-json\/wp\/v2\/media\/49711"}],"wp:attachment":[{"href":"https:\/\/www.donbosco.press\/pl\/wp-json\/wp\/v2\/media?parent=49718"}],"wp:term":[{"taxonomy":"category","embeddable":true,"href":"https:\/\/www.donbosco.press\/pl\/wp-json\/wp\/v2\/categories?post=49718"},{"taxonomy":"post_tag","embeddable":true,"href":"https:\/\/www.donbosco.press\/pl\/wp-json\/wp\/v2\/tags?post=49718"}],"curies":[{"name":"wp","href":"https:\/\/api.w.org\/{rel}","templated":true}]}}