{"id":49697,"date":"2026-03-12T07:53:50","date_gmt":"2026-03-12T07:53:50","guid":{"rendered":"https:\/\/www.donbosco.press\/?p=49697"},"modified":"2026-03-31T12:37:47","modified_gmt":"2026-03-31T12:37:47","slug":"vallecrosia-150-lat-obecnosci-salezjanskiej-miedzy-pamiecia-a-przyszloscia","status":"publish","type":"post","link":"https:\/\/www.donbosco.press\/pl\/domy-salezjanskie\/vallecrosia-150-lat-obecnosci-salezjanskiej-miedzy-pamiecia-a-przyszloscia\/","title":{"rendered":"Vallecrosia: 150 lat obecno\u015bci salezja\u0144skiej mi\u0119dzy pami\u0119ci\u0105 a przysz\u0142o\u015bci\u0105"},"content":{"rendered":"<p><em><i>W 2026 roku wsp\u00f3lnota salezja\u0144ska w Vallecrosia b\u0119dzie obchodzi\u0107 wa\u017cny jubileusz: 150 lat dzia\u0142alno\u015bci edukacyjnej i duszpasterskiej w sercu zachodniej Ligurii. Rocznica ta jest nie tylko okazj\u0105 do wspomnie\u0144, ale tak\u017ce do refleksji nad warto\u015bci\u0105 historii, kt\u00f3ra potrafi\u0142a przetrwa\u0107 pokolenia, zmiany spo\u0142eczne i transformacje kulturowe, nie trac\u0105c przy tym swojej to\u017csamo\u015bci. Od pocz\u0105tk\u00f3w, bezpo\u015brednio zwi\u0105zanych z edukacyjn\u0105 intuicj\u0105 ksi\u0119dza Bosko, a\u017c po wyzwania wsp\u00f3\u0142czesno\u015bci, dzie\u0142o salezja\u0144skie stanowi\u0142o dla wielu m\u0142odych ludzi i rodzin sta\u0142y punkt odniesienia. Prze\u015bledzenie tej drogi pozwala odkry\u0107, jak wsp\u00f3lnota wychowawcza, zakorzeniona w regionie i o\u017cywiona duchem salezja\u0144skim, przez ca\u0142y czas stawia\u0142a m\u0142odzie\u017c w centrum, z ufno\u015bci\u0105 patrz\u0105c w przysz\u0142o\u015b\u0107.<br \/>\n<\/i><\/em><\/p>\n<p>W 2026 roku dzie\u0142o salezja\u0144skie w Vallecrosia \u015bwi\u0119tuje <strong><b>150 lat obecno\u015bci edukacyjnej i duszpasterskiej<\/b><\/strong> w zachodniej Ligurii. Od 1876 roku do dzi\u015b plac\u00f3wka ta przesz\u0142a przez bardzo r\u00f3\u017cne epoki, dostosowuj\u0105c si\u0119 do zmian spo\u0142ecznych i nowych potrzeb m\u0142odych pokole\u0144.<br \/>\nW ci\u0105gu p\u00f3\u0142tora wieku dzie\u0142o zmienia\u0142o swoje oblicza i dzia\u0142ania, odnawia\u0142o struktury i projekty edukacyjne, ale nigdy nie zatraci\u0142o serca swojej misji: <strong><b>stawia\u0107 m\u0142odzie\u017c w centrum<\/b><\/strong>, towarzysz\u0105c jej we wzro\u015bcie ludzkim i duchowym oraz broni\u0105c jej godno\u015bci. Pokolenia ch\u0142opc\u00f3w, rodzin i wychowawc\u00f3w znalaz\u0142y w tym salezja\u0144skim domu sta\u0142y punkt odniesienia, zdolny do ewolucji bez utraty w\u0142asnej to\u017csamo\u015bci.<br \/>\nTa ci\u0105g\u0142o\u015b\u0107 jest jednym z najwa\u017cniejszych aspekt\u00f3w obecno\u015bci salezjan\u00f3w w Vallecrosia: to historia, kt\u00f3ra nigdy si\u0119 nie przerwa\u0142a i kt\u00f3ra trwa do dzi\u015b w tym samym duchu, kt\u00f3ry o\u017cywia\u0142 <strong><b>Jana Bosko<\/b><\/strong>, za\u0142o\u017cyciela salezjan\u00f3w.<\/p>\n<p><strong><b>Pocz\u0105tki: Ksi\u0105dz Bosko i Sanktuarium Maryi Wspomo\u017cycielki<br \/>\n<\/b><\/strong>Obecno\u015b\u0107 salezjan\u00f3w na terenie dalekiej zachodniej Ligurii narodzi\u0142a si\u0119 w ostatnich latach \u017cycia ksi\u0119dza Bosko. W 1876 roku powsta\u0142o dzie\u0142o w Vallecrosia, kt\u00f3re mia\u0142o sta\u0107 si\u0119 wa\u017cnym o\u015brodkiem edukacyjnym i duchowym dla obszaru mi\u0119dzy Ventimigli\u0105 a Sanremo.<br \/>\nOd samego pocz\u0105tku misja salezjan\u00f3w splata\u0142a si\u0119 z misj\u0105 C\u00f3rek Maryi Wspomo\u017cycielki, kt\u00f3re by\u0142y ju\u017c obecne na tym terenie. Wsp\u00f3\u0142praca mi\u0119dzy dwoma zgromadzeniami da\u0142a pocz\u0105tek komplementarnej obecno\u015bci wychowawczej: salezjan\u00f3w dla ch\u0142opc\u00f3w i si\u00f3str zakonnych dla dziewcz\u0105t.<br \/>\nTa podw\u00f3jna obecno\u015b\u0107, m\u0119ska i \u017ce\u0144ska, przyczyni\u0142a si\u0119 do stworzenia szerokiej sieci edukacyjnej, zdolnej towarzyszy\u0107 ca\u0142ym pokoleniom w ich drodze rozwoju.<br \/>\nW centrum tej rzeczywisto\u015bci znajduje si\u0119 Sanktuarium Maryi Wspomo\u017cycielki. Od samego pocz\u0105tku sanktuarium sta\u0142o si\u0119 duchowym sercem wsp\u00f3lnoty: miejscem, gdzie wiara splata\u0142a si\u0119 z zaanga\u017cowaniem edukacyjnym i spo\u0142ecznym. Do dzi\u015b stanowi ono przestrze\u0144 spotkania wymiaru religijnego z codziennym \u017cyciem regionu.<\/p>\n<p><strong><b>Dzie\u0142o, kt\u00f3re ro\u015bnie wraz z regionem<br \/>\n<\/b><\/strong>Na przestrzeni dziesi\u0119cioleci dzie\u0142o salezja\u0144skie rozwija\u0142o si\u0119, poszerzaj\u0105c swoj\u0105 dzia\u0142alno\u015b\u0107 edukacyjn\u0105 i duszpastersk\u0105.<br \/>\nWok\u00f3\u0142 obecno\u015bci salezjan\u00f3w powsta\u0142y r\u00f3\u017cne inicjatywy, kt\u00f3re naznaczy\u0142y \u017cycie lokalnej spo\u0142eczno\u015bci: parafia, oratorium, dzia\u0142alno\u015b\u0107 szkolna, inicjatywy sportowe i kulturalne. W ostatnich latach umocni\u0142o si\u0119 r\u00f3wnie\u017c do\u015bwiadczenie kszta\u0142cenia zawodowego poprzez CNOS-FAP, kt\u00f3re oferuje m\u0142odym ludziom konkretne mo\u017cliwo\u015bci przygotowania do \u015bwiata pracy.<br \/>\nInicjatywy te pozwoli\u0142y dzie\u0142u odpowiada\u0107 na przemiany spo\u0142eczne, nie trac\u0105c przy tym swojej to\u017csamo\u015bci edukacyjnej.<br \/>\nSzczeg\u00f3lnie boisko oratorium pozosta\u0142o z biegiem czasu jednym z naj\u017cywszych symboli ducha salezja\u0144skiego: miejscem spotka\u0144, przyja\u017ani i wzrostu, gdzie zabawa i sport staj\u0105 si\u0119 okazj\u0105 do wychowania do odpowiedzialno\u015bci i solidarno\u015bci.<br \/>\nWielu by\u0142ych wychowank\u00f3w wspomina te lata jako decyduj\u0105ce do\u015bwiadczenie w swoim \u017cyciu. Nierzadko opowiadaj\u0105, \u017ce to w\u0142a\u015bnie w murach oratorium nauczyli si\u0119 takich warto\u015bci jak szacunek dla innych, poczucie obowi\u0105zku i zaanga\u017cowanie na rzecz wsp\u00f3lnoty.<\/p>\n<p><strong><b>Ksi\u0105\u017cka opowiadaj\u0105ca sto pi\u0119\u0107dziesi\u0105t lat historii<br \/>\n<\/b><\/strong>Z okazji 150. rocznicy opublikowano tom zatytu\u0142owany <em><i>\u201eKsi\u0105dz Bosko w Vallecrosia: wczoraj, dzi\u015b i jutro\u201d<\/i><\/em>.<br \/>\nKsi\u0105\u017cka, przygotowana przez dyrekcj\u0119 Instytutu Salezja\u0144skiego wraz z komitetem organizacyjnym obchod\u00f3w, stanowi prawdziw\u0105 historyczn\u0105 rekonstrukcj\u0119 obecno\u015bci salezjan\u00f3w na tym terenie. Poprzez dokumenty, listy, archiwalne fotografie i osobiste \u015bwiadectwa, tom przedstawia \u017cycie parafii, szko\u0142y, oratorium, dzia\u0142alno\u015b\u0107 sportow\u0105 oraz inicjatywy spo\u0142eczno-kulturalne, kt\u00f3re charakteryzowa\u0142y te sto pi\u0119\u0107dziesi\u0105t lat.<br \/>\nRedaktor Roberto Capaccio, by\u0142y wychowanek salezja\u0144ski, wyja\u015bni\u0142 ducha tej inicjatywy: zebranie g\u0142os\u00f3w i do\u015bwiadcze\u0144 tych, kt\u00f3rzy prze\u017cyli t\u0119 histori\u0119, aby pokaza\u0107, jak g\u0142\u0119boko dzie\u0142o salezja\u0144skie wp\u0142yn\u0119\u0142o na \u017cycie dalekiej zachodniej Ligurii.<br \/>\nWed\u0142ug Capaccio celem ksi\u0105\u017cki jest za\u015bwiadczenie, jak salezjanie i C\u00f3rki Maryi Wspomo\u017cycielki rozpowszechnili na tym terenie ducha wychowawczego ksi\u0119dza Bosko, przyczyniaj\u0105c si\u0119 do kszta\u0142towania pokole\u0144 m\u0142odych ludzi zdolnych do podejmowania odpowiedzialno\u015bci w spo\u0142ecze\u0144stwie i pracy dla dobra wsp\u00f3lnego.<br \/>\nRealizacja tomu wymaga\u0142a roku pracy i zaanga\u017cowania zespo\u0142u redakcyjnego z\u0142o\u017conego z salezjan\u00f3w, by\u0142ych wychowank\u00f3w i badaczy historii lokalnej. Rezultatem jest mozaika wspomnie\u0144 i dokument\u00f3w, kt\u00f3ra oddaje obraz wsp\u00f3lnoty wychowawczej zakorzenionej w regionie.<\/p>\n<p>Pos\u0142owie do ksi\u0105\u017cki napisa\u0142 <strong><b>Fabio Attard<\/b><\/strong>, jedenasty nast\u0119pca ksi\u0119dza Bosko na czele <strong><b>Salezjan\u00f3w Ksi\u0119dza Bosko<\/b><\/strong>.<br \/>\nObecny na uroczysto\u015bciach, ks. Attard w swoim wyst\u0105pieniu podkre\u015bli\u0142 g\u0142\u0119bokie znaczenie pami\u0119ci historycznej. Zauwa\u017cy\u0142, \u017ce wspominanie przesz\u0142o\u015bci nie oznacza ucieczki w nostalgi\u0119. Wr\u0119cz przeciwnie, pami\u0119\u0107 musi sta\u0107 si\u0119 impulsem ku przysz\u0142o\u015bci i wezwaniem do odpowiedzialno\u015bci.<br \/>\nHistoria dzie\u0142a w Vallecrosia pokazuje, jak na przestrzeni czasu wsp\u00f3lnota salezja\u0144ska potrafi\u0142a interpretowa\u0107 wyzwania r\u00f3\u017cnych okres\u00f3w historycznych, nie trac\u0105c z oczu g\u0142\u00f3wnego celu: stawiania m\u0142odzie\u017cy w centrum swojej dzia\u0142alno\u015bci wychowawczej.<br \/>\nTo, jak stwierdzi\u0142 ks. Attard, jest motywem przewodnim, kt\u00f3ry przenika sto pi\u0119\u0107dziesi\u0105t lat obecno\u015bci salezjan\u00f3w na tym terenie.<\/p>\n<p><strong><b>Dar dla Ko\u015bcio\u0142a i spo\u0142ecze\u0144stwa<br \/>\n<\/b><\/strong>R\u00f3wnie\u017c biskup diecezji Ventimiglia-Sanremo, <strong><b>ks. bp Antonio Suetta<\/b><\/strong>, pragn\u0105\u0142 podkre\u015bli\u0107 warto\u015b\u0107 tej rocznicy.<br \/>\nWed\u0142ug biskupa te sto pi\u0119\u0107dziesi\u0105t lat stanowi\u0105 dziedzictwo nieocenionych dar\u00f3w dla Ko\u015bcio\u0142a i spo\u0142ecze\u0144stwa. Wyja\u015bni\u0142, \u017ce tylko czas mo\u017ce w pe\u0142ni objawi\u0107, jak wiele dobra przynios\u0142o ziarno zasiane przez ksi\u0119dza Bosko w sercach ludzi i w \u017cyciu wsp\u00f3lnot.<br \/>\nJego s\u0142owa znajduj\u0105 potwierdzenie w wielu osobistych historiach zwi\u0105zanych z dzie\u0142em salezja\u0144skim. Za ka\u017cdym razem, gdy by\u0142y wychowanek opowiada, co znaczy\u0142o dla niego oratorium, lub gdy m\u0142ody cz\u0142owiek w trudnej sytuacji znajduje now\u0105 szans\u0119 w o\u015brodku kszta\u0142cenia zawodowego, ujawnia si\u0119 g\u0142\u0119bia tego dziedzictwa wychowawczego.<\/p>\n<p><strong><b>Historia, kt\u00f3ra trwa<br \/>\n<\/b><\/strong>Sto pi\u0119\u0107dziesi\u0105t lat historii nie stanowi ostatecznego celu, lecz raczej nowy etap na drodze.<br \/>\nW swoim ko\u0144cowym wyst\u0105pieniu podczas uroczysto\u015bci ks. Fabio Attard zaprosi\u0142 wsp\u00f3lnot\u0119 salezja\u0144sk\u0105 i spo\u0142ecze\u0144stwo obywatelskie do patrzenia w przysz\u0142o\u015b\u0107 z ufno\u015bci\u0105.<br \/>\nPrzypomnia\u0142, \u017ce zadaniem dzie\u0142 wychowawczych jest ws\u0142uchiwanie si\u0119 w pytania i niepokoje dzisiejszej m\u0142odzie\u017cy, towarzysz\u0105c jej w budowaniu bardziej sprawiedliwego i ludzkiego jutra. Ka\u017cdy m\u0142ody cz\u0142owiek musi m\u00f3c znale\u017a\u0107 \u015brodowisko, w kt\u00f3rym mo\u017ce zakie\u0142kowa\u0107 nadzieja, gdzie osoba jest zawsze szanowana, a najs\u0142absi nie s\u0105 uwa\u017cani za problem, lecz za bohater\u00f3w z talentami do odkrycia i rozwini\u0119cia.<br \/>\nTo jest duch, kt\u00f3ry wci\u0105\u017c o\u017cywia dzie\u0142o salezja\u0144skie w Vallecrosia.<\/p>\n<p>Po 150 latach dzia\u0142alno\u015bci dom salezja\u0144ski w Vallecrosia pozostaje \u017cyw\u0105 obecno\u015bci\u0105 w regionie. Jego historia nie nale\u017cy tylko do przesz\u0142o\u015bci, ale wci\u0105\u017c pisze si\u0119 na nowo ka\u017cdego dnia poprzez prac\u0119 wychowawc\u00f3w, zaanga\u017cowanie wolontariuszy i entuzjazm m\u0142odych.<br \/>\nPami\u0119\u0107 o tym, co by\u0142o, staje si\u0119 w ten spos\u00f3b zasobem do stawienia czo\u0142a przysz\u0142o\u015bci.<br \/>\nTak jak w czasach ksi\u0119dza Bosko, r\u00f3wnie\u017c dzi\u015b boisko oratorium, sale lekcyjne kszta\u0142cenia zawodowego i przestrzenie wsp\u00f3lnoty nadal s\u0105 miejscami, gdzie m\u0142odzi ludzie mog\u0105 wzrasta\u0107, odkrywa\u0107 swoje zdolno\u015bci i budowa\u0107 sw\u00f3j projekt \u017cyciowy.<br \/>\nI to jest w\u0142a\u015bnie prawdziwe dziedzictwo stu pi\u0119\u0107dziesi\u0119ciu lat obecno\u015bci salezjan\u00f3w w Vallecrosia: <strong><b>wsp\u00f3lnota, kt\u00f3ra \u2013 oparta na warto\u015bciach chrze\u015bcija\u0144skich \u2013 wci\u0105\u017c owocnie wychowuje<\/b><\/strong>.<\/p>\n","protected":false},"excerpt":{"rendered":"<p>W 2026 roku wsp\u00f3lnota salezja\u0144ska w Vallecrosia b\u0119dzie obchodzi\u0107 wa\u017cny jubileusz: 150 lat dzia\u0142alno\u015bci edukacyjnej&#8230;<\/p>\n","protected":false},"author":1,"featured_media":49690,"comment_status":"closed","ping_status":"closed","sticky":false,"template":"","format":"standard","meta":{"iawp_total_views":4,"footnotes":""},"categories":[148],"tags":[1730,2576,2590,1910,2202,2030],"class_list":["post-49697","post","type-post","status-publish","format-standard","has-post-thumbnail","hentry","category-domy-salezjanskie","tag-domy-salezjanskie","tag-ksiadz-bosko","tag-rodzina-salezjanska","tag-wiadomosci-religijne","tag-wydarzenia","tag-zycie"],"_links":{"self":[{"href":"https:\/\/www.donbosco.press\/pl\/wp-json\/wp\/v2\/posts\/49697","targetHints":{"allow":["GET"]}}],"collection":[{"href":"https:\/\/www.donbosco.press\/pl\/wp-json\/wp\/v2\/posts"}],"about":[{"href":"https:\/\/www.donbosco.press\/pl\/wp-json\/wp\/v2\/types\/post"}],"author":[{"embeddable":true,"href":"https:\/\/www.donbosco.press\/pl\/wp-json\/wp\/v2\/users\/1"}],"replies":[{"embeddable":true,"href":"https:\/\/www.donbosco.press\/pl\/wp-json\/wp\/v2\/comments?post=49697"}],"version-history":[{"count":1,"href":"https:\/\/www.donbosco.press\/pl\/wp-json\/wp\/v2\/posts\/49697\/revisions"}],"predecessor-version":[{"id":49704,"href":"https:\/\/www.donbosco.press\/pl\/wp-json\/wp\/v2\/posts\/49697\/revisions\/49704"}],"wp:featuredmedia":[{"embeddable":true,"href":"https:\/\/www.donbosco.press\/pl\/wp-json\/wp\/v2\/media\/49690"}],"wp:attachment":[{"href":"https:\/\/www.donbosco.press\/pl\/wp-json\/wp\/v2\/media?parent=49697"}],"wp:term":[{"taxonomy":"category","embeddable":true,"href":"https:\/\/www.donbosco.press\/pl\/wp-json\/wp\/v2\/categories?post=49697"},{"taxonomy":"post_tag","embeddable":true,"href":"https:\/\/www.donbosco.press\/pl\/wp-json\/wp\/v2\/tags?post=49697"}],"curies":[{"name":"wp","href":"https:\/\/api.w.org\/{rel}","templated":true}]}}