{"id":48346,"date":"2026-01-27T20:38:29","date_gmt":"2026-01-27T20:38:29","guid":{"rendered":"https:\/\/www.donbosco.press\/?p=48346"},"modified":"2026-01-27T20:40:30","modified_gmt":"2026-01-27T20:40:30","slug":"wywiad-z-ks-juanem-aaronem-cerezo-huerta-przelozonym-inspektoriatu-meksyk-meksyk","status":"publish","type":"post","link":"https:\/\/www.donbosco.press\/pl\/gosc\/wywiad-z-ks-juanem-aaronem-cerezo-huerta-przelozonym-inspektoriatu-meksyk-meksyk\/","title":{"rendered":"Wywiad z ks. Juanem Aaronem CEREZO HUERTA, prze\u0142o\u017conym Inspektoriatu Meksyk-Meksyk"},"content":{"rendered":"<p><em><i>Ks. Juan Aaron CEREZO HUERTA, urodzony w mie\u015bcie Meksyk w 1968 roku, jest nowym inspektorem salezja\u0144skim w jednej z najwi\u0119kszych i najbardziej z\u0142o\u017conych metropolii na \u015bwiecie. Wy\u015bwi\u0119cony na kap\u0142ana w 1996 roku, po\u015bwi\u0119ci\u0142 swoje \u017cycie edukacji i towarzyszeniu najbardziej bezbronnej m\u0142odzie\u017cy, od dzieci ulicy po nastolatk\u00f3w z oratori\u00f3w. Z doktoratem z teologii duchowo\u015bci uzyskanym w Rzymie i dwudziestoletnim do\u015bwiadczeniem w r\u00f3\u017cnych meksyka\u0144skich dzie\u0142ach salezja\u0144skich, wnosi ze sob\u0105 g\u0142\u0119bok\u0105 znajomo\u015b\u0107 charyzmatu Ksi\u0119dza Bosko i jasn\u0105 wizj\u0119: zanie\u015b\u0107 obecno\u015b\u0107 salezja\u0144sk\u0105 tam, gdzie jej jeszcze brakuje, i oferowa\u0107 m\u0142odym ludziom konkretne mo\u017cliwo\u015bci wzrostu i rozwoju zawodowego.<br \/>\n<\/i><\/em><\/p>\n<p><strong><b>Czy mo\u017ce si\u0119 Ksi\u0105dz przedstawi\u0107?<br \/>\n<\/b><\/strong>Urodzi\u0142em si\u0119 29 czerwca 1968 roku w mie\u015bcie Meksyk. Szko\u0142\u0119 podstawow\u0105 uko\u0144czy\u0142em w Szkole Normalnej przy Instytucie Juana Ponce de Le\u00f3n w Puebli. Nast\u0119pnie studiowa\u0142em filozofi\u0119 w Instytucie Centro Am\u00e9rica w mie\u015bcie Meksyk oraz teologi\u0119 w Instytucie Chrystusa Zmartwychwsta\u0142ego w Tlaquepaque, w stanie Jalisco.<br \/>\nPierwsz\u0105 profesj\u0119 zakonn\u0105 z\u0142o\u017cy\u0142em 15 sierpnia 1989 roku, a \u015bwi\u0119cenia kap\u0142a\u0144skie przyj\u0105\u0142em 3 lutego 1996 roku.<br \/>\nUzyska\u0142em licencjat z psychologii edukacyjnej w Instytucie Nueva Galicia w Guadalajarze, w stanie Jalisco, oraz uko\u0144czy\u0142em kursy specjalizacyjne z rozwoju cz\u0142owieka na Uniwersytecie Iberoameryka\u0144skim w Quer\u00e9taro. Uzyska\u0142em licencjat z teologii duchowo\u015bci na Papieskim Uniwersytecie Salezja\u0144skim (Rzym) na podstawie pracy &#8222;Towarzyszenie duchowe w niekt\u00f3rych pismach Ksi\u0119dza Bosko&#8221;, a nast\u0119pnie doktorat z teologii duchowo\u015bci na tej samej uczelni na podstawie pracy &#8222;Wk\u0142ad ksi\u0119dza Paolo Albera w duchowo\u015b\u0107 salezja\u0144sk\u0105&#8221;.<br \/>\nW trakcie mojej pos\u0142ugi pracowa\u0142em w r\u00f3\u017cnych wsp\u00f3lnotach i dzie\u0142ach salezja\u0144skich, mi\u0119dzy innymi: w Warsztacie Rzemie\u015blniczym Nazaret (dla dzieci ulicy) w mie\u015bcie Meksyk; w Kolegium Salezja\u0144skim w Quer\u00e9taro; w Oratorium Salezja\u0144skim Alborada w M\u00e9ridzie, na Jukatanie; w Parafii \u015bw. Franciszka z Asy\u017cu w Coacalco, w stanie Meksyk; w kolegiach Juan Ponce de Le\u00f3n i Trinidad S\u00e1nchez Santos, w Oratorium Micha\u0142a Rua i w \u015awi\u0105tyni \u015bw. Micha\u0142a w Puebla. Ponadto pe\u0142ni\u0142em funkcj\u0119 delegata ds. duszpasterstwa m\u0142odzie\u017cy i Rodziny Salezja\u0144skiej.<\/p>\n<p><strong><b>Kiedy po raz pierwszy poczu\u0142 Ksi\u0105dz powo\u0142anie i co przywiod\u0142o Ksi\u0119dza do salezjan\u00f3w?<br \/>\n<\/b><\/strong>Powo\u0142anie Bo\u017ce do kap\u0142a\u0144stwa poczu\u0142em, gdy przyjmowa\u0142em pierwsz\u0105 Komuni\u0119. Kiedy pozna\u0142em salezjan\u00f3w w Oratorium w Coacalco, poczu\u0142em prawdziw\u0105 identyfikacj\u0119 z charyzmatem, widz\u0105c kleryk\u00f3w graj\u0105cych z nami na podw\u00f3rku.<\/p>\n<p><strong><b>Jakie s\u0105 najpi\u0119kniejsze wspomnienia z Ksi\u0119dza dzieci\u0144stwa?<br \/>\n<\/b><\/strong>Najpi\u0119kniejsze wspomnienia z mojego dzieci\u0144stwa to chwile zabawy z przyjaci\u00f3\u0142mi, kt\u00f3rzy mieszkali w pobli\u017cu mojego domu; a tak\u017ce wycieczki, na kt\u00f3re je\u017adzili\u015bmy ca\u0142\u0105 rodzin\u0105 w r\u00f3\u017cne miejsca, jak pla\u017ca czy las.<\/p>\n<p><strong><b>Jaki by\u0142 najtrudniejszy, a jaki najbardziej satysfakcjonuj\u0105cy moment w Ksi\u0119dza pos\u0142udze?<br \/>\n<\/b><\/strong>Najtrudniejszymi momentami w moim \u017cyciu by\u0142a \u015bmier\u0107 mojego taty, gdy by\u0142em w nowicjacie, i mojej mamy, gdy wraca\u0142em z Rzymu po uko\u0144czeniu licencjatu.<br \/>\nNajbardziej satysfakcjonuj\u0105cym momentem by\u0142y moje \u015bwi\u0119cenia kap\u0142a\u0144skie.<\/p>\n<p><strong><b>Zosta\u0142 Ksi\u0105dz mianowany inspektorem w jednym z dziesi\u0119ciu najwi\u0119kszych miast \u015bwiata. Jakie s\u0105 najwi\u0119ksze wyzwania w edukacji m\u0142odzie\u017cy?<br \/>\n<\/b><\/strong>To bardzo du\u017ca odpowiedzialno\u015b\u0107, poniewa\u017c wielkie miasta nios\u0105 ze sob\u0105 z\u0142o\u017cono\u015b\u0107 zada\u0144 i wyzwa\u0144. Ale maj\u0105 te\u017c t\u0119 zalet\u0119, \u017ce mo\u017cna wsp\u00f3\u0142pracowa\u0107 z innymi instytucjami w jednym z g\u0142\u00f3wnych cel\u00f3w, jakim jest edukacja. Edukacja jest jedn\u0105 z najwa\u017cniejszych dr\u00f3g do prawdziwych zmian spo\u0142ecznych.<br \/>\nJednym z wyzwa\u0144 edukacyjnych dla m\u0142odych ludzi jest: posiadanie godnej pracy, kt\u00f3ra da im mo\u017cliwo\u015b\u0107 rozwoju zawodowego i uzyskania godziwego dochodu.<\/p>\n<p><strong><b>Czy m\u00f3g\u0142by Ksi\u0105dz podzieli\u0107 si\u0119 jakim\u015b do\u015bwiadczeniem, kt\u00f3re szczeg\u00f3lnie naznaczy\u0142o Ksi\u0119dza w pracy z m\u0142odzie\u017c\u0105 lub w misji?<br \/>\n<\/b><\/strong>Jednym z najbardziej znacz\u0105cych do\u015bwiadcze\u0144, jakie dzieli\u0142em z m\u0142odymi, jest wsp\u00f3lna praca w duszpasterstwie z dzie\u0107mi ulicy jako wychowawcy; w Oratorium jako animatorzy; na misjach w s\u0142u\u017cbie wsp\u00f3lnotom; w parafii jako ewangelizatorzy; w szko\u0142ach w ramach Salezja\u0144skiego Ruchu M\u0142odzie\u017cowego. Wsp\u00f3lna praca z m\u0142odymi lud\u017ami by\u0142a moj\u0105 najwi\u0119ksz\u0105 satysfakcj\u0105.<\/p>\n<p><strong><b>Jak\u0105 rol\u0119 w Ksi\u0119dza codzienno\u015bci odgrywaj\u0105 modlitwa i \u017cycie we wsp\u00f3lnocie?<br \/>\n<\/b><\/strong>\u017bycie modlitewne jest pokarmem dla zakonnika. Sta\u0142e i warto\u015bciowe chwile modlitwy pozwalaj\u0105 salezjaninowi przygotowa\u0107 si\u0119 do misji. Tylko w ten spos\u00f3b b\u0119dzie m\u00f3g\u0142 ofiarowa\u0107 m\u0142odym autentyczne spotkanie z Bogiem.<\/p>\n<p><strong><b>Jakie miejsce w Ksi\u0119dza \u017cyciu zajmuje Maryja Wspomo\u017cycielka?<br \/>\n<\/b><\/strong>Wychowa\u0142em si\u0119 w rodzinie czcz\u0105c\u0105 Matk\u0119 Bo\u017c\u0105 z Guadalupe. W Meksyku bycie \u201eguadalupano\u201d jest czym\u015b naturalnym i fundamentalnym. W Maryi znajdujemy nasze schronienie, wsparcie, pomoc, si\u0142\u0119 i nadziej\u0119. Dla Meksykan\u00f3w Matka Bo\u017ca z Guadalupe jest nasz\u0105 drug\u0105 matk\u0105.<\/p>\n<p><strong><b>Czy ma Ksi\u0105dz jakie\u015b projekty, kt\u00f3re szczeg\u00f3lnie le\u017c\u0105 Ksi\u0119dzu na sercu?<br \/>\n<\/b><\/strong>Marz\u0119 o dotarciu do stan\u00f3w Guerrero, Veracruz, Campeche, Tabasco. Tam, gdzie nas, salezjan\u00f3w, jeszcze nie ma. Uwa\u017cam, \u017ce mamy wielki d\u0142ug wobec tych wszystkich ludzi, kt\u00f3rzy czekaj\u0105 na dzia\u0142alno\u015b\u0107 salezja\u0144sk\u0105.<\/p>\n<p><strong><b>Jakie przes\u0142anie chcia\u0142by Ksi\u0105dz przekaza\u0107 dzisiejszej m\u0142odzie\u017cy?<br \/>\n<\/b><\/strong>M\u0142odzi nigdy nie przestaj\u0105 by\u0107 przysz\u0142o\u015bci\u0105, czyli nadziej\u0105 w \u015bwiecie coraz bardziej z\u0142o\u017conym pod wzgl\u0119dem zasad, wyzwa\u0144, potrzeb, mo\u017cliwo\u015bci i reali\u00f3w. M\u0142odzi s\u0105 nadziej\u0105 na co\u015b nowego, znacz\u0105cego, lepszego. Jestem przekonany, \u017ce w r\u0119kach wielu m\u0142odych ludzi spoczywa nadzieja na zmian\u0119 i transformacj\u0119.<\/p>\n","protected":false},"excerpt":{"rendered":"<p>Ks. Juan Aaron CEREZO HUERTA, urodzony w mie\u015bcie Meksyk w 1968 roku, jest nowym inspektorem&#8230;<\/p>\n","protected":false},"author":1,"featured_media":48339,"comment_status":"closed","ping_status":"closed","sticky":false,"template":"","format":"standard","meta":{"iawp_total_views":14,"footnotes":""},"categories":[154],"tags":[2196,2576,2048,1916,1958,1850],"class_list":["post-48346","post","type-post","status-publish","format-standard","has-post-thumbnail","hentry","category-gosc","tag-edukacja","tag-ksiadz-bosko","tag-mlodziez","tag-oratorium","tag-salezjanie","tag-wywiady"],"_links":{"self":[{"href":"https:\/\/www.donbosco.press\/pl\/wp-json\/wp\/v2\/posts\/48346","targetHints":{"allow":["GET"]}}],"collection":[{"href":"https:\/\/www.donbosco.press\/pl\/wp-json\/wp\/v2\/posts"}],"about":[{"href":"https:\/\/www.donbosco.press\/pl\/wp-json\/wp\/v2\/types\/post"}],"author":[{"embeddable":true,"href":"https:\/\/www.donbosco.press\/pl\/wp-json\/wp\/v2\/users\/1"}],"replies":[{"embeddable":true,"href":"https:\/\/www.donbosco.press\/pl\/wp-json\/wp\/v2\/comments?post=48346"}],"version-history":[{"count":1,"href":"https:\/\/www.donbosco.press\/pl\/wp-json\/wp\/v2\/posts\/48346\/revisions"}],"predecessor-version":[{"id":48353,"href":"https:\/\/www.donbosco.press\/pl\/wp-json\/wp\/v2\/posts\/48346\/revisions\/48353"}],"wp:featuredmedia":[{"embeddable":true,"href":"https:\/\/www.donbosco.press\/pl\/wp-json\/wp\/v2\/media\/48339"}],"wp:attachment":[{"href":"https:\/\/www.donbosco.press\/pl\/wp-json\/wp\/v2\/media?parent=48346"}],"wp:term":[{"taxonomy":"category","embeddable":true,"href":"https:\/\/www.donbosco.press\/pl\/wp-json\/wp\/v2\/categories?post=48346"},{"taxonomy":"post_tag","embeddable":true,"href":"https:\/\/www.donbosco.press\/pl\/wp-json\/wp\/v2\/tags?post=48346"}],"curies":[{"name":"wp","href":"https:\/\/api.w.org\/{rel}","templated":true}]}}