{"id":47391,"date":"2025-12-05T19:39:32","date_gmt":"2025-12-05T19:39:32","guid":{"rendered":"https:\/\/www.donbosco.press\/?p=47391"},"modified":"2025-12-05T19:41:47","modified_gmt":"2025-12-05T19:41:47","slug":"wywiad-z-radca-regionu-azja-wschodnia-oceania-ks-williamem-matthewsem","status":"publish","type":"post","link":"https:\/\/www.donbosco.press\/pl\/gosc\/wywiad-z-radca-regionu-azja-wschodnia-oceania-ks-williamem-matthewsem\/","title":{"rendered":"Wywiad z radc\u0105 regionu Azja Wschodnia Oceania, ks. Williamem MATTHEWSEM"},"content":{"rendered":"<p><em><i>Poznajmy ks. Williama Matthewsa, salezjanina pochodzenia birma\u0144skiego, kt\u00f3ry wychowa\u0142 si\u0119 w Australii, a w marcu 2025 roku zosta\u0142 mianowany Radc\u0105 Generalnym dla Regionu Azja Wschodnia i Oceania podczas 29. Kapitu\u0142y Generalnej w Turynie. W tym wywiadzie ks. Matthews opowiada o swojej drodze powo\u0142ania, od salezja\u0144skiej parafii w Mandalay, przez migracj\u0119 do Australii, a\u017c po \u015bwi\u0119cenia kap\u0142a\u0144skie i s\u0142u\u017cb\u0119 jako prowincja\u0142 Australii i Prowincji Pacyfiku. Dzieli si\u0119 swoj\u0105 pasj\u0105 wychowywania m\u0142odzie\u017cy, znaczeniem Systemu Prewencyjnego oraz swoim szczeg\u00f3lnym zaanga\u017cowaniem na rzecz uchod\u017ac\u00f3w i migrant\u00f3w, zastanawiaj\u0105c si\u0119 nad wyzwaniami wsp\u00f3\u0142czesnej ewangelizacji i jedno\u015bci\u0105 Rodziny Salezja\u0144skiej<\/i><\/em>.<\/p>\n<p><strong><b><br \/>\nCzy m\u00f3g\u0142by\u015b si\u0119 nam przedstawi\u0107?<br \/>\n<\/b><\/strong>Witajcie! Nazywam si\u0119 ks. William Matthews, Radca Generalny Regionu Azja Wschodnia i Oceania Salezjan\u00f3w Ksi\u0119dza Bosko. Urodzi\u0142em si\u0119 i wychowa\u0142em w salezja\u0144skiej parafii w Mandalay w Birmie, a w 1994 roku wyemigrowa\u0142em z rodzin\u0105 do Australii. Pierwsz\u0105 profesj\u0119 jako salezjanin z\u0142o\u017cy\u0142em 31 stycznia 1997 roku w Melbourne w Australii, a \u015bwi\u0119cenia kap\u0142a\u0144skie przyj\u0105\u0142em w Perth w Australii Zachodniej 9 grudnia 2005 roku. Jako salezjanin wi\u0119kszo\u015b\u0107 czasu sp\u0119dzi\u0142em w szkolnictwie \u015brednim w Melbourne, Adelajdzie i Sydney w Australii. W czerwcu 2017 roku zosta\u0142em mianowany 11 prowincja\u0142em Australii i Prowincji Pacyfiku, pe\u0142ni\u0105c t\u0119 funkcj\u0119 wiernie od 2018 do 2023 roku. Podczas 29. Kapitu\u0142y Generalnej w Turynie w marcu 2025 roku, cho\u0107 nie by\u0142em cz\u0142onkiem Kapitu\u0142y, zosta\u0142em mianowany Radc\u0105 Generalnym Regionu Azja Wschodnia i Oceania.<\/p>\n<p><strong><b>Kto jako pierwszy opowiedzia\u0142 ci histori\u0119 Jezusa?<br \/>\n<\/b><\/strong>Nauczy\u0142em si\u0119 kocha\u0107 i na\u015bladowa\u0107 Jezusa jako dziecko w mojej rodzinie. Moja rodzina by\u0142a bardzo pobo\u017cna, a praktykowanie wiary chrze\u015bcija\u0144skiej z regularnymi celebracjami sakrament\u00f3w by\u0142o wa\u017cn\u0105 cz\u0119\u015bci\u0105 mojego dorastania. Nasi rodzice dbali o to, aby\u015bmy byli dobrymi chrze\u015bcijanami, wiernie na\u015bladuj\u0105c Jezusa.<\/p>\n<p><strong><b>Jak odczyta\u0142e\u015b Bo\u017ce powo\u0142anie i jak si\u0119 ono objawi\u0142o w twoim \u017cyciu? Dlaczego salezjanin?<br \/>\n<\/b><\/strong>Jako ministrant w rodzinnej parafii przez wiele lat, moje zainteresowanie \u017cyciem kap\u0142a\u0144skim kie\u0142kowa\u0142o i rozwija\u0142o si\u0119. Jako nastolatek by\u0142em w stanie prowadzi\u0107 lekcje katechezy pod nieobecno\u015b\u0107 ksi\u0119\u017cy lub si\u00f3str, a tak\u017ce prowadzi\u0107 nabo\u017ce\u0144stwa w mojej lokalnej wsp\u00f3lnocie parafialnej. By\u0142em aktywnie zaanga\u017cowany w duszpasterstwo m\u0142odzie\u017cy w mojej parafii. Bycie liderem lub organizatorem zawsze by\u0142o cz\u0119\u015bci\u0105 mojego \u017cycia. Wybra\u0142em \u017cycie salezja\u0144skie ze wzgl\u0119du na moje parafialne pochodzenie, zwi\u0105zek mojej rodziny z salezjanami i moje prawdziwe zainteresowanie wychowywaniem m\u0142odzie\u017cy. Nigdy nie \u017ca\u0142owa\u0142em, \u017ce wst\u0105pi\u0142em do salezja\u0144skiego seminarium w Birmie. Wierz\u0119, \u017ce Matka Bo\u017ca zaprowadzi\u0142a mnie do Ksi\u0119dza Bosko.<\/p>\n<p><strong><b>Jakie by\u0142y decyduj\u0105ce momenty lub osoby na twojej drodze rozeznawania<\/b><\/strong>?<br \/>\nDu\u017cym wyzwaniem by\u0142o zdanie egzaminu maturalnego w Birmie. Wielu pr\u00f3bowa\u0142o wiele razy i ponios\u0142o pora\u017ck\u0119. Zawar\u0142em kompromis z Bogiem, aby wst\u0105pi\u0107 do seminarium po pomy\u015blnym zdaniu mojej pierwszej pr\u00f3by. B\u00f3g wys\u0142ucha\u0142 mojego wyzwania i otworzy\u0142 mi drog\u0119. Z pomoc\u0105 mojej rodziny i parafian wst\u0105pi\u0142em do salezja\u0144skiego seminarium w Anisakan w Birmie po uko\u0144czeniu szko\u0142y \u015bredniej. \u017bycie jest pe\u0142ne niespodzianek! Zwroty akcji w powo\u0142aniu s\u0105 normalne, poniewa\u017c nie wiemy, dok\u0105d prowadzi nas dobry B\u00f3g. Razem z rodzin\u0105 wyemigrowa\u0142em do Australii w 1994 roku i kontynuowa\u0142em moj\u0105 salezja\u0144sk\u0105 drog\u0119 w Melbourne. Wiem, \u017ce moja rodzina, zw\u0142aszcza moja matka i wielu przyjaci\u00f3\u0142, zawsze mnie wspiera i modli si\u0119 o wytrwa\u0142o\u015b\u0107 w moim powo\u0142aniu.<\/p>\n<p><strong><b>Czy jest jaki\u015b epizod, kt\u00f3ry szczeg\u00f3lnie naznaczy\u0142 twoj\u0105 salezja\u0144sk\u0105 formacj\u0119?<br \/>\n<\/b><\/strong>Salezja\u0144ska formacja, kt\u00f3r\u0105 otrzyma\u0142em jako aspirant w Birmie, zapewni\u0142a mi solidne podstawy. Wielu salezjan\u00f3w, kt\u00f3rych spotka\u0142em w Birmie, zainspirowa\u0142o mnie do \u017cycia jako salezjanina dla dobra m\u0142odzie\u017cy. R\u00f3wnie\u017c wielu starszych salezjan\u00f3w w prowincji australijskiej odegra\u0142o rol\u0119 niezwyk\u0142ych wzorc\u00f3w w moim \u017cyciu. Ich \u015bwi\u0119to\u015b\u0107, hojno\u015b\u0107 i prostota by\u0142y niezr\u00f3wnane, a ja wiele si\u0119 od nich nauczy\u0142em, aby by\u0107 lepszym salezjaninem.<\/p>\n<p><strong><b>Jaka jest najwi\u0119ksza rado\u015b\u0107 twojej pos\u0142ugi? A najwi\u0119ksza trudno\u015b\u0107?<br \/>\n<\/b><\/strong>Najwi\u0119ksz\u0105 rado\u015bci\u0105 mojego \u017cycia jest przebywanie z m\u0142odzie\u017c\u0105, ubogimi, uchod\u017acami i migrantami podczas sprawowania sakrament\u00f3w. S\u0105 oni sensem i celem mojego \u017cycia i mojej pos\u0142ugi. Daje mi wielk\u0105 satysfakcj\u0119 \u015bwiadomo\u015b\u0107, \u017ce spotykamy Jezusa w sobie nawzajem. Jednak s\u0105 trudne chwile, kiedy jestem niezrozumiany przez innych, i musz\u0119 radzi\u0107 sobie z lud\u017ami, kt\u00f3rzy traktuj\u0105 innych inaczej ze wzgl\u0119du na ras\u0119, p\u0142e\u0107, pochodzenie czy kultur\u0119.<\/p>\n<p><strong><b>Jakie wyzwania widzisz dzisiaj w towarzyszeniu m\u0142odzie\u017cy i jakie salezja\u0144skie narz\u0119dzia wydaj\u0105 ci si\u0119 nadal skuteczne?<br \/>\n<\/b><\/strong>Salezjanie musz\u0105 by\u0107 zaakceptowani przez m\u0142odzie\u017c, zanim b\u0119d\u0105 im towarzyszy\u0107. Dlatego Ksi\u0105dz Bosko chce, aby jego salezjanie byli kochani. Obecno\u015b\u0107 salezja\u0144ska jest pierwszym wa\u017cnym krokiem i pomo\u017ce salezjanom pozna\u0107 m\u0142odzie\u017c. Je\u015bli chodzi o narz\u0119dzie, stosowanie Systemu Prewencyjnego jest najlepszym sposobem towarzyszenia m\u0142odzie\u017cy w patrzeniu na Jezusa i bycia jak Jezus dla innych.<\/p>\n<p><strong><b>Czy m\u00f3g\u0142by\u015b podzieli\u0107 si\u0119 szczeg\u00f3lnie znacz\u0105cym do\u015bwiadczeniem z m\u0142odzie\u017c\u0105 lub w twojej misji?<br \/>\n<\/b><\/strong>Znacz\u0105cym do\u015bwiadczeniem z m\u0142odzie\u017c\u0105 w moim \u017cyciu i misji by\u0142o sp\u0119dzanie czasu z uchod\u017acami, migrantami i pracownikami migruj\u0105cymi z Birmy [Myanmar] w Australii, Nowej Zelandii i Tajlandii. Zawsze potrzebuj\u0105 wsparcia duchowego i moralnego, a nawet najmniejszy czas i obecno\u015b\u0107, kt\u00f3r\u0105 z nimi dziel\u0119, ceni\u0105 sobie niezmiernie. Docieranie do nich i sp\u0119dzanie z nimi czasu zawsze by\u0142o dla mnie satysfakcjonuj\u0105cym do\u015bwiadczeniem jako syna Ksi\u0119dza Bosko.<\/p>\n<p><strong><b>Jak zachowujesz duchow\u0105 i ludzk\u0105 r\u00f3wnowag\u0119 w trudno\u015bciach?<br \/>\n<\/b><\/strong>Utrzymywanie aktywno\u015bci i zdrowia zar\u00f3wno duchowego, jak i fizycznego jest bardzo wa\u017cne dla pokonywania \u017cyciowych wyzwa\u0144, zw\u0142aszcza tych, kt\u00f3re s\u0105 poza moj\u0105 kontrol\u0105. Poleganie na spokoju i \u017cyczliwo\u015bci wraz z \u0142ask\u0105 Bo\u017c\u0105 poprzez zdrowe \u017cycie duchowe i fizyczne pomaga mi pokonywa\u0107 trudne chwile.<\/p>\n<p><strong><b>Czy jest jaka\u015b posta\u0107 (opr\u00f3cz Ksi\u0119dza Bosko), kt\u00f3ra szczeg\u00f3lnie ci\u0119 zainspirowa\u0142a w twoim \u017cyciu duchowym<\/b><\/strong>?<br \/>\nOpr\u00f3cz Ksi\u0119dza Bosko, Maryja, Matka Jezusa Chrystusa, zainspirowa\u0142a mnie w moim \u017cyciu s\u0142u\u017cby dla dobra innych. Maryja przyj\u0119\u0142a S\u0142owo Bo\u017ce i uczyni\u0142a je rzeczywisto\u015bci\u0105 bez strachu i dr\u017cenia. By\u0142a ufna, spokojna, \u017cyczliwa i radosna w wype\u0142nianiu woli Bo\u017cej jako pierwsza wierna uczennica. Z Maryj\u0105 jako wzorem i przewodniczk\u0105, salezjanin mo\u017ce zaj\u015b\u0107 daleko w swojej pos\u0142udze.<\/p>\n<p><strong><b>Jakie s\u0105 dzi\u015b wielkie wyzwania ewangelizacji i misji?<br \/>\n<\/b><\/strong>Materializm i indywidualizm to dzi\u015b wielkie wyzwania ewangelizacji i misji. Ludzie musz\u0105 przyj\u0105\u0107 pi\u0119kno i prostot\u0119 cz\u0142owiecze\u0144stwa, aby \u017cy\u0107 w pokoju i harmonii, na\u015bladuj\u0105c nauki Jezusa Chrystusa, kt\u00f3ry jest drog\u0105, prawd\u0105 i \u017cyciem.<\/p>\n<p><strong><b>Czy wsp\u00f3\u0142pracujesz ze \u015bwieckimi, z C\u00f3rkami Maryi Wspomo\u017cycielki (CMW), z innymi cz\u0142onkami Rodziny Salezja\u0144skiej?<br \/>\n<\/b><\/strong>Jako salezjanin, wsp\u00f3\u0142praca z cz\u0142onkami Rodziny Salezja\u0144skiej, zw\u0142aszcza ze \u015bwieckimi, jest bardzo wa\u017cna. Bez nich nie osi\u0105gniemy post\u0119pu. Zach\u0119cam ich, wspieram i wsp\u00f3\u0142pracuj\u0119 z nimi w ka\u017cdy mo\u017cliwy spos\u00f3b.<\/p>\n<p><strong><b>Plany na przysz\u0142o\u015b\u0107? Marzenia? Inicjatywy?<br \/>\n<\/b><\/strong>Moje plany czy marzenia nie s\u0105 osobiste, ale Ksi\u0119dza Bosko, aby pomaga\u0107 m\u0142odzie\u017cy sta\u0107 si\u0119 &#8222;dobrymi chrze\u015bcijanami i uczciwymi obywatelami&#8221; w ka\u017cdym zak\u0105tku \u015bwiata, zw\u0142aszcza w krajach i miejscach, kt\u00f3re borykaj\u0105 si\u0119 z trudno\u015bciami i wyzwaniami.<\/p>\n<p><strong><b>Jakiej rady udzieli\u0142by\u015b m\u0142odemu cz\u0142owiekowi, kt\u00f3ry czuje si\u0119 powo\u0142any do \u017cycia zakonnego?<br \/>\n<\/b><\/strong>Nie b\u00f3jcie si\u0119, ufajcie tylko Panu, kt\u00f3ry b\u0119dzie dzia\u0142a\u0142 przez was dla JEGO wielkiej chwa\u0142y. Przyjd\u017acie i oddajcie si\u0119 ca\u0142kowicie Panu, a On zaprowadzi was w miejsca, gdzie jeste\u015bcie potrzebni.<\/p>\n<p><strong><b>Czy masz jakie\u015b przes\u0142anie dla Rodziny Salezja\u0144skiej?<br \/>\n<\/b><\/strong>Moje przes\u0142anie do Rodziny Salezja\u0144skiej brzmi: pozosta\u0144cie zjednoczeni, m\u00f3dlcie si\u0119 razem i pracujcie razem w duchu \u015bw. Jana Bosko pod matczynym przewodnictwem Matki Bo\u017cej Wspomo\u017cycielki Wiernych.<\/p>\n","protected":false},"excerpt":{"rendered":"<p>Poznajmy ks. Williama Matthewsa, salezjanina pochodzenia birma\u0144skiego, kt\u00f3ry wychowa\u0142 si\u0119 w Australii, a w marcu&#8230;<\/p>\n","protected":false},"author":1,"featured_media":47384,"comment_status":"closed","ping_status":"closed","sticky":false,"template":"","format":"standard","meta":{"iawp_total_views":5,"footnotes":""},"categories":[154],"tags":[1718,2196,2188,2609,1958,2202],"class_list":["post-47391","post","type-post","status-publish","format-standard","has-post-thumbnail","hentry","category-gosc","tag-charyzmat-salezjanski","tag-edukacja","tag-jezus","tag-nasi-przewodnicy","tag-salezjanie","tag-wydarzenia"],"_links":{"self":[{"href":"https:\/\/www.donbosco.press\/pl\/wp-json\/wp\/v2\/posts\/47391","targetHints":{"allow":["GET"]}}],"collection":[{"href":"https:\/\/www.donbosco.press\/pl\/wp-json\/wp\/v2\/posts"}],"about":[{"href":"https:\/\/www.donbosco.press\/pl\/wp-json\/wp\/v2\/types\/post"}],"author":[{"embeddable":true,"href":"https:\/\/www.donbosco.press\/pl\/wp-json\/wp\/v2\/users\/1"}],"replies":[{"embeddable":true,"href":"https:\/\/www.donbosco.press\/pl\/wp-json\/wp\/v2\/comments?post=47391"}],"version-history":[{"count":1,"href":"https:\/\/www.donbosco.press\/pl\/wp-json\/wp\/v2\/posts\/47391\/revisions"}],"predecessor-version":[{"id":47398,"href":"https:\/\/www.donbosco.press\/pl\/wp-json\/wp\/v2\/posts\/47391\/revisions\/47398"}],"wp:featuredmedia":[{"embeddable":true,"href":"https:\/\/www.donbosco.press\/pl\/wp-json\/wp\/v2\/media\/47384"}],"wp:attachment":[{"href":"https:\/\/www.donbosco.press\/pl\/wp-json\/wp\/v2\/media?parent=47391"}],"wp:term":[{"taxonomy":"category","embeddable":true,"href":"https:\/\/www.donbosco.press\/pl\/wp-json\/wp\/v2\/categories?post=47391"},{"taxonomy":"post_tag","embeddable":true,"href":"https:\/\/www.donbosco.press\/pl\/wp-json\/wp\/v2\/tags?post=47391"}],"curies":[{"name":"wp","href":"https:\/\/api.w.org\/{rel}","templated":true}]}}