{"id":44125,"date":"2025-07-14T13:14:07","date_gmt":"2025-07-14T13:14:07","guid":{"rendered":"https:\/\/www.donbosco.press\/bez-kategorii\/venerabile-ottavio-ortiz-arrieta-coya-vescovo\/"},"modified":"2025-07-25T09:41:13","modified_gmt":"2025-07-25T09:41:13","slug":"czcigodny-ottavio-ortiz-arrieta-coya-biskup","status":"publish","type":"post","link":"https:\/\/www.donbosco.press\/pl\/nasi-swieci\/czcigodny-ottavio-ortiz-arrieta-coya-biskup\/","title":{"rendered":"Czcigodny Ottavio Ortiz Arrieta Coya, biskup"},"content":{"rendered":"\r\n<p><em>Octavio Ortiz Arrieta Coya, urodzony w Limie w Peru 19 kwietnia 1878 roku, by\u0142 pierwszym peruwia\u0144skim salezjaninem. W m\u0142odo\u015bci kszta\u0142ci\u0142 si\u0119 na stolarza, ale Pan powo\u0142a\u0142 go do wy\u017cszej misji. Pierwsz\u0105 profesj\u0119 salezja\u0144sk\u0105 z\u0142o\u017cy\u0142 29 stycznia 1900 roku, a na kap\u0142ana zosta\u0142 wy\u015bwi\u0119cony w 1908 roku. W 1922 roku zosta\u0142 konsekrowany na biskupa diecezji Chachapoyas, kt\u00f3r\u0105 to funkcj\u0119 pe\u0142ni\u0142 z oddaniem a\u017c do \u015bmierci 1 marca 1958 roku. Dwukrotnie odrzuca\u0142 nominacj\u0119 na bardziej presti\u017cow\u0105 stolic\u0119 w Limie, wol\u0105c pozosta\u0107 blisko swojego ludu. Jako niestrudzony pasterz przemierza\u0142 ca\u0142\u0105 diecezj\u0119, aby osobi\u015bcie pozna\u0107 wiernych i promowa\u0142 liczne inicjatywy duszpasterskie na rzecz ewangelizacji. 12 listopada 1990 roku, za pontyfikatu \u015bw. Jana Paw\u0142a II, otwarto jego proces kanonizacyjny i nadano mu tytu\u0142 S\u0142ugi Bo\u017cego. 27 lutego 2017 roku papie\u017c Franciszek uzna\u0142 jego heroiczne cnoty, og\u0142aszaj\u0105c go Czcigodnym.<\/em><br \/><br \/><br \/>\u00a0\u00a0\u00a0\u00a0\u00a0\u00a0\u00a0\u00a0\u00a0\u00a0\u00a0 Czcigodny S\u0142uga Bo\u017cy, biskup Ottavio Ortiz Arrieta Coya sp\u0119dzi\u0142 pierwsz\u0105 cz\u0119\u015b\u0107 swojego \u017cycia jako oratorianin, ucze\u0144, a nast\u0119pnie zosta\u0142 salezjaninem, zaanga\u017cowanym w dzie\u0142a Syn\u00f3w Ksi\u0119dza Bosko w Peru. By\u0142 pierwszym salezjaninem wychowanym w pierwszym domu salezja\u0144skim w Peru, za\u0142o\u017conym w Rimac, ubogiej dzielnicy Limy, gdzie nauczy\u0142 si\u0119 surowego \u017cycia w po\u015bwi\u0119ceniu. Dzi\u0119ki grupie pierwszych salezjan\u00f3w, kt\u00f3rzy przybyli do Peru w 1891 r., pozna\u0142 ducha ksi\u0119dza Bosko i system prewencyjny. Jako salezjanin pierwszego pokolenia nauczy\u0142 si\u0119, \u017ce s\u0142u\u017cba i dar z siebie b\u0119d\u0105 horyzontem jego \u017cycia; dlatego jako m\u0142ody salezjanin podejmowa\u0142 wa\u017cne obowi\u0105zki, takie jak otwieranie nowych dzie\u0142 i kierowanie innymi, z prostot\u0105, po\u015bwi\u0119ceniem i ca\u0142kowitym oddaniem ubogim.<br \/>\u00a0\u00a0\u00a0\u00a0\u00a0\u00a0\u00a0\u00a0\u00a0\u00a0\u00a0 Drug\u0105 cz\u0119\u015b\u0107 swojego \u017cycia, od pocz\u0105tku lat dwudziestych XX wieku, prze\u017cy\u0142 jako biskup Chachapoyas, ogromnej diecezji, nieobsadzonej od lat, w kt\u00f3rej zaporowe warunki terytorialne przyczyni\u0142y si\u0119 do pewnego zamkni\u0119cia, zw\u0142aszcza w najbardziej odleg\u0142ych wioskach. Tutaj pole i wyzwania apostolatu by\u0142y ogromne. Ortiz Arrieta mia\u0142 \u017cywy temperament, przyzwyczajony do \u017cycia wsp\u00f3lnotowego; ponadto by\u0142 delikatny duchem, do tego stopnia, \u017ce w m\u0142odo\u015bci nazywano go \u201epecadito\u201d, ze wzgl\u0119du na jego dok\u0142adno\u015b\u0107 w wykrywaniu niedoci\u0105gni\u0119\u0107 i pomaganiu sobie i innym w poprawie. Posiada\u0142 r\u00f3wnie\u017c wrodzone poczucie rygoru i moralnego obowi\u0105zku. Warunki, w jakich przysz\u0142o mu pe\u0142ni\u0107 pos\u0142ug\u0119 biskupi\u0105, by\u0142y jednak diametralnie r\u00f3\u017cne: samotno\u015b\u0107 i niemo\u017cno\u015b\u0107 dzielenia \u017cycia salezja\u0144skiego i kap\u0142a\u0144skiego, pomimo wielokrotnych i niemal b\u0142agalnych pr\u00f3\u015bb kierowanych do w\u0142asnego Zgromadzenia; konieczno\u015b\u0107 pogodzenia w\u0142asnego rygoryzmu moralnego z coraz bardziej uleg\u0142\u0105 i niemal rozbrojon\u0105 stanowczo\u015bci\u0105; szlachetne sumienie moralne nieustannie wystawiane na pr\u00f3b\u0119 przez szorstko\u015b\u0107 wybor\u00f3w i letnio\u015b\u0107 w na\u015bladowaniu, ze strony niekt\u00f3rych wsp\u00f3\u0142pracownik\u00f3w mniej heroicznych ni\u017c on sam, oraz Ludu Bo\u017cego, kt\u00f3ry wiedzia\u0142, jak przeciwstawi\u0107 si\u0119 biskupowi, gdy jego s\u0142owo stawa\u0142o si\u0119 pot\u0119pieniem niesprawiedliwo\u015bci i diagnoz\u0105 duchowego z\u0142a. Droga Czcigodnego S\u0142ugi Bo\u017cego do pe\u0142ni \u015bwi\u0119to\u015bci, w \u0107wiczeniu si\u0119 w cnotach, by\u0142a zatem naznaczona trudami, trudno\u015bciami i ci\u0105g\u0142\u0105 potrzeb\u0105 nawracania swojego spojrzenia i serca pod dzia\u0142aniem Ducha \u015awi\u0119tego.<br \/>\u00a0\u00a0\u00a0\u00a0\u00a0\u00a0\u00a0\u00a0\u00a0\u00a0\u00a0 Chocia\u017c z pewno\u015bci\u0105 znajdujemy w jego \u017cyciu epizody, kt\u00f3re mo\u017cna zdefiniowa\u0107 jako heroiczne w \u015bcis\u0142ym tego s\u0142owa znaczeniu, musimy r\u00f3wnie\u017c, a mo\u017ce przede wszystkim, podkre\u015bli\u0107 te momenty na jego drodze cn\u00f3t, kiedy m\u00f3g\u0142 post\u0105pi\u0107 inaczej, ale tego nie zrobi\u0142; poddaj\u0105c si\u0119 ludzkiej rozpaczy, jednocze\u015bnie odnawiaj\u0105c nadziej\u0119; zadowalaj\u0105c si\u0119 wielk\u0105 mi\u0142o\u015bci\u0105, ale nie w pe\u0142ni chc\u0105c wykonywa\u0107 t\u0119 heroiczn\u0105 mi\u0142o\u015b\u0107, kt\u00f3r\u0105 praktykowa\u0142 z przyk\u0142adn\u0105 wierno\u015bci\u0105 przez kilka dziesi\u0119cioleci. Kiedy dwukrotnie zaproponowano mu zmian\u0119 stolicy biskupiej, a w drugim przypadku zaproponowano mu prymasostwo w Limie, zdecydowa\u0142 si\u0119 pozosta\u0107 w\u015br\u00f3d swoich ubogich, tych, kt\u00f3rych nikt nie chcia\u0142, naprawd\u0119 na peryferiach \u015bwiata, pozostaj\u0105c w diecezji, kt\u00f3r\u0105 zawsze popiera\u0142 i kocha\u0142 tak\u0105, jaka by\u0142a, anga\u017cuj\u0105c si\u0119 ca\u0142ym sercem, aby uczyni\u0107 j\u0105 cho\u0107 troch\u0119 lepsz\u0105. By\u0142 \u201enowoczesnym\u201d duszpasterzem w swoim stylu obecno\u015bci i w wykorzystaniu \u015brodk\u00f3w dzia\u0142ania, takich jak stowarzyszanie si\u0119 i prasa. Jako cz\u0142owiek o zdecydowanym temperamencie i mocnych przekonaniach wiary, biskup Ortiz Arrieta z pewno\u015bci\u0105 wykorzystywa\u0142 to \u201edon de gobierno\u201d w swoim przyw\u00f3dztwie, zawsze jednak w po\u0142\u0105czeniu z szacunkiem i mi\u0142o\u015bci\u0105, wyra\u017canymi z niezwyk\u0142\u0105 konsekwencj\u0105.<br \/>\u00a0\u00a0\u00a0\u00a0\u00a0\u00a0\u00a0\u00a0\u00a0\u00a0\u00a0 Chocia\u017c \u017cy\u0142 przed Soborem Watyka\u0144skim II, spos\u00f3b, w jaki planowa\u0142 i realizowa\u0142 powierzone mu zadania duszpasterskie, jest nadal aktualny: od duszpasterstwa powo\u0142a\u0144 po konkretne wsparcie swoich seminarzyst\u00f3w i kap\u0142an\u00f3w; od formacji katechetycznej i ludzkiej najm\u0142odszych po duszpasterstwo rodzin, poprzez kt\u00f3re spotyka\u0142 si\u0119 z ma\u0142\u017ce\u0144stwami w kryzysie lub konkubinatami niech\u0119tnymi do uregulowania swojego zwi\u0105zku. Biskup Ortiz Arrieta, z drugiej strony, nie tylko wychowuje poprzez swoje konkretne dzia\u0142ania duszpasterskie, ale poprzez swoje zachowanie: przede wszystkim poprzez swoj\u0105 zdolno\u015b\u0107 do rozeznawania, co oznacza i co poci\u0105ga za sob\u0105 odnowienie wierno\u015bci obranej drodze. Naprawd\u0119 wytrwa\u0142 w heroicznym ub\u00f3stwie, w m\u0119stwie w wielu \u017cyciowych pr\u00f3bach i w radykalnej wierno\u015bci diecezji, do kt\u00f3rej zosta\u0142 przydzielony. Pokorny, prosty, zawsze pogodny; mi\u0119dzy powag\u0105 a \u0142agodno\u015bci\u0105; \u0142agodno\u015b\u0107 jego spojrzenia przepuszcza\u0142a ca\u0142y spok\u00f3j jego ducha: to by\u0142a droga \u015bwi\u0119to\u015bci, kt\u00f3r\u0105 pod\u0105\u017ca\u0142.<br \/>\u00a0\u00a0\u00a0\u00a0\u00a0\u00a0\u00a0\u00a0\u00a0\u00a0\u00a0 Pi\u0119kne cechy, kt\u00f3re jego salezja\u0144scy prze\u0142o\u017ceni znale\u017ali w nim przed jego \u015bwi\u0119ceniami kap\u0142a\u0144skimi \u2013 kiedy opisali go jako \u201esalezja\u0144sk\u0105 per\u0142\u0119\u201d i chwalili jego ducha po\u015bwi\u0119cenia \u2013 powraca\u0142y jako sta\u0142e przez ca\u0142e jego \u017cycie, nawet jako Episkopat. Rzeczywi\u015bcie, mo\u017cna powiedzie\u0107, \u017ce Ortiz Arrieta \u201esta\u0142 si\u0119 wszystkim dla wszystkich, aby ocali\u0107 kogo\u015b za wszelk\u0105 cen\u0119\u201d (1 Kor 9, 22): autorytatywny wobec w\u0142adz, prosty wobec dzieci, ubogi w\u015br\u00f3d ubogich; cichy wobec tych, kt\u00f3rzy go obra\u017cali lub pr\u00f3bowali go delegitymizowa\u0107 z urazy; zawsze gotowy, by nie odp\u0142aca\u0107 z\u0142em za z\u0142o, ale z\u0142o dobrem zwyci\u0119\u017ca\u0107 (por. Rz 12, 21). Ca\u0142e jego \u017cycie by\u0142o zdominowane przez prymat zbawienia dusz: zbawienia, kt\u00f3remu chcia\u0142by r\u00f3wnie\u017c aktywnie po\u015bwi\u0119ci\u0107 swoich kap\u0142an\u00f3w, kt\u00f3rych pokus\u0119 wycofania si\u0119 do \u0142atwego bezpiecze\u0144stwa lub okopania si\u0119 na bardziej presti\u017cowych stanowiskach, aby zamiast tego po\u015bwi\u0119ci\u0107 si\u0119 s\u0142u\u017cbie duszpasterskiej, stara\u0142 si\u0119 zwalcza\u0107. Mo\u017cna naprawd\u0119 powiedzie\u0107, \u017ce postawi\u0142 siebie w tej \u201ewysokiej\u201d mierze \u017cycia chrze\u015bcija\u0144skiego, co czyni go duszpasterzem, kt\u00f3ry w oryginalny spos\u00f3b uciele\u015bnia\u0142 mi\u0142o\u015b\u0107 duszpastersk\u0105, szukaj\u0105c komunii mi\u0119dzy ludem Bo\u017cym, docieraj\u0105c do najbardziej potrzebuj\u0105cych i daj\u0105c \u015bwiadectwo ubogiego \u017cycia ewangelicznego.<\/p>\r\n","protected":false},"excerpt":{"rendered":"<p>Octavio Ortiz Arrieta Coya, urodzony w Limie w Peru 19 kwietnia 1878 roku, by\u0142 pierwszym&#8230;<\/p>\n","protected":false},"author":2,"featured_media":44133,"comment_status":"closed","ping_status":"open","sticky":false,"template":"","format":"standard","meta":{"iawp_total_views":2,"footnotes":""},"categories":[153],"tags":[1718,1742,1724,1958,1988,2618,1970,1934],"class_list":["post-44125","post","type-post","status-publish","format-standard","has-post-thumbnail","hentry","category-nasi-swieci","tag-charyzmat-salezjanski","tag-kosciol","tag-milosc-blizniego","tag-salezjanie","tag-solidarnosc","tag-swiadkowie","tag-swieci","tag-ubodzy"],"_links":{"self":[{"href":"https:\/\/www.donbosco.press\/pl\/wp-json\/wp\/v2\/posts\/44125","targetHints":{"allow":["GET"]}}],"collection":[{"href":"https:\/\/www.donbosco.press\/pl\/wp-json\/wp\/v2\/posts"}],"about":[{"href":"https:\/\/www.donbosco.press\/pl\/wp-json\/wp\/v2\/types\/post"}],"author":[{"embeddable":true,"href":"https:\/\/www.donbosco.press\/pl\/wp-json\/wp\/v2\/users\/2"}],"replies":[{"embeddable":true,"href":"https:\/\/www.donbosco.press\/pl\/wp-json\/wp\/v2\/comments?post=44125"}],"version-history":[{"count":2,"href":"https:\/\/www.donbosco.press\/pl\/wp-json\/wp\/v2\/posts\/44125\/revisions"}],"predecessor-version":[{"id":44151,"href":"https:\/\/www.donbosco.press\/pl\/wp-json\/wp\/v2\/posts\/44125\/revisions\/44151"}],"wp:featuredmedia":[{"embeddable":true,"href":"https:\/\/www.donbosco.press\/pl\/wp-json\/wp\/v2\/media\/44133"}],"wp:attachment":[{"href":"https:\/\/www.donbosco.press\/pl\/wp-json\/wp\/v2\/media?parent=44125"}],"wp:term":[{"taxonomy":"category","embeddable":true,"href":"https:\/\/www.donbosco.press\/pl\/wp-json\/wp\/v2\/categories?post=44125"},{"taxonomy":"post_tag","embeddable":true,"href":"https:\/\/www.donbosco.press\/pl\/wp-json\/wp\/v2\/tags?post=44125"}],"curies":[{"name":"wp","href":"https:\/\/api.w.org\/{rel}","templated":true}]}}