{"id":54576,"date":"2026-09-01T06:04:38","date_gmt":"2026-09-01T06:04:38","guid":{"rendered":"https:\/\/www.donbosco.press\/?p=54576"},"modified":"2026-09-01T06:05:01","modified_gmt":"2026-09-01T06:05:01","slug":"saison-de-la-creation-1er-septembre-4-octobre","status":"publish","type":"post","link":"https:\/\/www.donbosco.press\/fr\/pastorale-des-jeunes\/saison-de-la-creation-1er-septembre-4-octobre\/","title":{"rendered":"Saison de la Cr\u00e9ation : 1er septembre &#8211; 4 octobre"},"content":{"rendered":"<p><em><i>Du 1er septembre au 4 octobre, de la Journ\u00e9e de pri\u00e8re pour la Cr\u00e9ation \u00e0 la f\u00eate de saint Fran\u00e7ois d&rsquo;Assise, les communaut\u00e9s chr\u00e9tiennes du monde entier c\u00e9l\u00e8brent le Temps de la Cr\u00e9ation. Le th\u00e8me de 2026, \u00ab Eau vive \u00bb, na\u00eet de la vision d&rsquo;\u00c9z\u00e9chiel : un fleuve qui jaillit du sanctuaire de Dieu et gu\u00e9rit la terre. Une image d&rsquo;esp\u00e9rance qui contraste avec la r\u00e9alit\u00e9 d&rsquo;aujourd&rsquo;hui, o\u00f9 une personne sur quatre n&rsquo;a pas acc\u00e8s \u00e0 l&rsquo;eau potable et o\u00f9 des \u00e9cosyst\u00e8mes aquatiques entiers s&rsquo;effondrent. Pour la Famille Sal\u00e9sienne, c&rsquo;est une occasion pr\u00e9cieuse : \u00e9duquer les jeunes \u2013 les plus touch\u00e9s par l&rsquo;\u00e9co-anxi\u00e9t\u00e9, les moins responsables de la crise \u2013 \u00e0 devenir des gardiens de la cr\u00e9ation, par la pri\u00e8re, la conversion du mode de vie et des actions concr\u00e8tes.<\/i><\/em><\/p>\n<p>&nbsp;<\/p>\n<p>&nbsp;<\/p>\n<p>Les questions environnementales sont clairement au centre de l&rsquo;attention aujourd&rsquo;hui. Dans le monde entier, nous assistons aux effets d\u00e9vastateurs du changement climatique, de la pollution atmosph\u00e9rique, de la contamination des eaux, de la pollution plastique, de l&rsquo;acidification des oc\u00e9ans et de la perte de biodiversit\u00e9. Bien que ces probl\u00e8mes touchent toutes les nations et tous les peuples, ce sont les communaut\u00e9s les plus pauvres qui souffrent de plus en plus de la crise environnementale. De m\u00eame, alors que les probl\u00e8mes environnementaux pr\u00e9occupent les personnes de tous \u00e2ges, ce sont souvent les jeunes qui souffrent d&rsquo;une grave \u00e9co-anxi\u00e9t\u00e9. Malheureusement, les jeunes et les pauvres sont touch\u00e9s de mani\u00e8re disproportionn\u00e9e par la crise environnementale en constante escalade \u2013 une crise dont ils ne sont pas responsables.<\/p>\n<p>&nbsp;<\/p>\n<p>Dans cette situation pr\u00e9occupante, le \u00ab Temps de la Cr\u00e9ation \u00bb est un puissant rappel annuel du fait que Dieu nous a appel\u00e9s \u00e0 \u00eatre des intendants et des gardiens du monde naturel, et non des consommateurs \u00e9go\u00efstes et irr\u00e9fl\u00e9chis de la nature. Cette c\u00e9l\u00e9bration \u0153cum\u00e9nique annuelle, qui se d\u00e9roule du 1er septembre au 4 octobre, rassemble toutes les communaut\u00e9s chr\u00e9tiennes pour prier et agir en faveur de la protection de l&rsquo;environnement et de la durabilit\u00e9. Le Temps de la Cr\u00e9ation commence par la \u00ab Journ\u00e9e de pri\u00e8re pour la Cr\u00e9ation \u00bb et se termine par la f\u00eate de saint Fran\u00e7ois d&rsquo;Assise, patron de l&rsquo;\u00e9cologie. Il s&rsquo;agit d&rsquo;un temps sp\u00e9cial, au cours duquel nous sommes invit\u00e9s \u00e0 renouveler notre relation avec le Cr\u00e9ateur et avec toute la cr\u00e9ation par la c\u00e9l\u00e9bration, la conversion et l&rsquo;engagement commun.<\/p>\n<p>&nbsp;<\/p>\n<p><strong><b>Saison de la Cr\u00e9ation 2026<\/b><\/strong><\/p>\n<p>Chaque ann\u00e9e, le Comit\u00e9 directeur propose un th\u00e8me pour la c\u00e9l\u00e9bration du Temps de la Cr\u00e9ation. L&rsquo;ensemble de la c\u00e9l\u00e9bration se d\u00e9veloppe selon les trois piliers que nous avons d\u00e9j\u00e0 vus : la pri\u00e8re, la r\u00e9flexion et l&rsquo;action. Le th\u00e8me est bas\u00e9 sur un passage biblique qui oriente les moments de pri\u00e8re, la r\u00e9flexion de chacun sur sa vie et les voies d&rsquo;action possibles.<\/p>\n<p>&nbsp;<\/p>\n<p>Le th\u00e8me du Temps de la Cr\u00e9ation 2026 est \u00ab Eau vive \u00bb et s&rsquo;inspire d&rsquo;\u00c9z\u00e9chiel 47, 9-12, une vision biblique d&rsquo;esp\u00e9rance et de gu\u00e9rison. Dans un contexte d&rsquo;exil et de perte, l&rsquo;image de l&rsquo;eau vive qui jaillit du sanctuaire de Dieu r\u00e9v\u00e8le une gu\u00e9rison divine qui renouvelle la terre, l&rsquo;eau, la biodiversit\u00e9 et la responsabilit\u00e9 humaine envers l&rsquo;ensemble de la cr\u00e9ation.<\/p>\n<p>&nbsp;<\/p>\n<p>Malheureusement, la r\u00e9alit\u00e9 d&rsquo;aujourd&rsquo;hui contraste fortement avec la vision d&rsquo;\u00c9z\u00e9chiel de l&rsquo;eau coulant en abondance. Selon les statistiques pr\u00e9sent\u00e9es par les Nations Unies sur la crise actuelle de l&rsquo;eau, 1,7 milliard de personnes ne disposent pas d&rsquo;installations sanitaires de base dans leurs foyers et 2,1 milliards de personnes n&rsquo;ont toujours pas acc\u00e8s \u00e0 l&rsquo;eau potable \u2013 soit 1 personne sur 4 dans le monde ! Avec l&rsquo;intensification du changement climatique et l&rsquo;augmentation des pr\u00e9l\u00e8vements d&rsquo;eaux souterraines, plusieurs pays atteignent d\u00e9sormais ce que l&rsquo;on appelle le \u00ab point de faillite hydrique \u00bb, c&rsquo;est-\u00e0-dire une condition caract\u00e9ris\u00e9e par des pertes irr\u00e9versibles du capital hydrique naturel.<\/p>\n<p>&nbsp;<\/p>\n<p>La crise de l&rsquo;eau dans de nombreuses r\u00e9gions du monde pousse les gens \u00e0 migrer, provoquant la perte de leurs foyers et de leur culture. L&rsquo;impact sur les \u00e9cosyst\u00e8mes et la biodiversit\u00e9 est \u00e9galement d\u00e9vastateur. Selon le \u00ab Fonds mondial pour la nature \u00bb (WWF), nous assistons \u00e0 un d\u00e9clin catastrophique de la faune aquatique, les populations d&rsquo;eau douce ayant diminu\u00e9 d&rsquo;un incroyable 85% et celles marines de 56% au cours des 50 derni\u00e8res ann\u00e9es.<\/p>\n<p>&nbsp;<\/p>\n<p>Cependant, pour en revenir \u00e0 la vision d&rsquo;\u00c9z\u00e9chiel, il est important de se rappeler qu&rsquo;il s&rsquo;agit, en fin de compte, d&rsquo;une vision d&rsquo;esp\u00e9rance. Malgr\u00e9 les situations pr\u00e9occupantes auxquelles nous assistons, nous sommes appel\u00e9s en tant que collaborateurs du Cr\u00e9ateur \u00e0 jouer notre r\u00f4le pour rendre l&rsquo;eau accessible \u00e0 toutes les communaut\u00e9s. Dans de nombreuses r\u00e9gions du monde, nous voyons comment des groupes et des organisations chr\u00e9tiennes ont promu la sauvegarde, la gestion responsable et la distribution \u00e9quitable de l&rsquo;eau pour tous. Des puits sont creus\u00e9s et de l&rsquo;eau est fournie aux paroisses, aux villages et aux centres de sant\u00e9, en partant de la conscience que l&rsquo;eau est un don de Dieu et que l&rsquo;acc\u00e8s \u00e0 l&rsquo;eau potable est un droit humain fondamental. La vision d&rsquo;\u00c9z\u00e9chiel devient r\u00e9alit\u00e9 : nous voyons les rivi\u00e8res recommencer \u00e0 couler, les sources d&rsquo;eau prot\u00e9g\u00e9es de la pollution et les terres arides redevenir verdoyantes. C&rsquo;est ce que nous c\u00e9l\u00e9brons pendant le Temps de la Cr\u00e9ation ! Et tout en nous r\u00e9jouissant du bien qui s&rsquo;accomplit d\u00e9j\u00e0, nous nous engageons \u00e0 faire en sorte que le don de Dieu, l&rsquo;eau vive, continue de couler !<\/p>\n<p>&nbsp;<\/p>\n<p><strong><b>Appel \u00e0 l&rsquo;action<\/b><\/strong><\/p>\n<p>Comme nous l&rsquo;avons observ\u00e9 pr\u00e9c\u00e9demment, le Temps de la Cr\u00e9ation se c\u00e9l\u00e8bre par la pri\u00e8re, la r\u00e9flexion sur notre mode de vie et l&rsquo;action proph\u00e9tique. Cette ann\u00e9e encore, avec le th\u00e8me de l&rsquo;Eau vive, nous sommes appel\u00e9s \u00e0 entreprendre des actions significatives, dont notre \u00e9poque a grand besoin. Il s&rsquo;agit d&rsquo;actions qui pourraient \u00eatre entreprises dans nos oratoires, centres de jeunes, paroisses, \u00e9coles et autres communaut\u00e9s.<\/p>\n<p>&nbsp;<\/p>\n<p>Certaines des \u00ab actions proph\u00e9tiques \u00bb que le <em><i>Guide du Temps de la Cr\u00e9ation<\/i><\/em> de cette ann\u00e9e nous propose sont : s&rsquo;engager pour que toutes les personnes aient acc\u00e8s \u00e0 une alimentation nutritive et s\u00fbre ; s&rsquo;abstenir de toute pollution de l&rsquo;eau nocive et la d\u00e9noncer, tout en exhortant les gouvernements, les autorit\u00e9s locales, l&rsquo;industrie et l&rsquo;agriculture \u00e0 agir de mani\u00e8re responsable et \u00e0 prot\u00e9ger les sources d&rsquo;eau ; agir pour que les familles, les \u00e9coles, les \u00e9tablissements de sant\u00e9 et les lieux de culte aient acc\u00e8s \u00e0 l&rsquo;eau propre et \u00e0 des installations sanitaires ad\u00e9quates ; promouvoir l&rsquo;\u00e9ducation environnementale pour favoriser un soin holistique de la cr\u00e9ation ; s&rsquo;engager \u00e0 planter des arbres, car ceux-ci absorbent la pollution carbon\u00e9e, pr\u00e9viennent l&rsquo;\u00e9rosion, r\u00e9duisent les inondations, fournissent de la nourriture et des m\u00e9dicaments et rafra\u00eechissent les environnements urbains ; trouver des moyens de prendre soin de nos oc\u00e9ans, qui font face \u00e0 des menaces croissantes dues au rejet de d\u00e9chets, \u00e0 la surp\u00eache, \u00e0 la pollution et \u00e0 l&rsquo;exploitation mini\u00e8re en eaux profondes ; et la restauration et la protection des \u00e9cosyst\u00e8mes et de la biodiversit\u00e9 dans nos \u00e9glises, dans nos foyers et dans nos communaut\u00e9s.<\/p>\n<p>&nbsp;<\/p>\n<p>Vivant aujourd&rsquo;hui \u00e0 l&rsquo;\u00e8re num\u00e9rique, le Guide propose en outre que nous \u2013 et en particulier les jeunes \u2013 nous pourrions nous engager dans une campagne de sensibilisation num\u00e9rique, en publiant sur les r\u00e9seaux sociaux avec le hashtag #SeasonofCreation. \u00c0 travers cette campagne num\u00e9rique, nous pourrions mettre en \u00e9vidence des rivi\u00e8res, des lacs ou des zones humides pollu\u00e9s ou menac\u00e9s de disparition ; partager des histoires de communaut\u00e9s touch\u00e9es par la p\u00e9nurie d&rsquo;eau ; demander publiquement une intervention urgente concernant les questions hydriques locales ; et c\u00e9l\u00e9brer les mesures positives prises par les gouvernements et les communaut\u00e9s. Les r\u00e9seaux sociaux sont aujourd&rsquo;hui une plateforme puissante pour soutenir les causes sociales et peuvent amplifier les voix des communaut\u00e9s de foi au-del\u00e0 des murs de l&rsquo;\u00e9glise.<\/p>\n<p>&nbsp;<\/p>\n<p><strong><b>C\u00e9l\u00e9brer la Saison en tant que Famille Sal\u00e9sienne<\/b><\/strong><\/p>\n<p>Comme nous l&rsquo;a rappel\u00e9 le Pape L\u00e9on XIV \u00e0 l&rsquo;occasion de l&rsquo;inauguration du Borgo Laudato Si&rsquo; \u00e0 Castel Gandolfo en septembre 2025 : \u00ab Le soin de la cr\u00e9ation est v\u00e9ritablement une vocation pour chaque \u00eatre humain. Nous sommes des cr\u00e9atures parmi les cr\u00e9atures, \u00e0 qui est confi\u00e9e la responsabilit\u00e9 de prendre soin de tout ce que le Cr\u00e9ateur a fait \u00bb. Il est important de souligner que notre d\u00e9termination \u00e0 prendre soin de la cr\u00e9ation ne doit pas rester seulement au niveau des mots, mais doit se traduire en actions ; c&rsquo;est ce que le Pape L\u00e9on XIV a soulign\u00e9 dans son message \u00e0 la COP30 \u00e0 Bel\u00e9m en novembre 2025 : \u00ab Nous devons transformer les mots et les r\u00e9flexions en choix et en actions fond\u00e9s sur la responsabilit\u00e9, la justice et l&rsquo;\u00e9quit\u00e9 \u00bb.<\/p>\n<p>&nbsp;<\/p>\n<p>Le Temps de la Cr\u00e9ation est une excellente occasion pour nous, sal\u00e9siens, d&rsquo;\u00e9duquer les jeunes \u00e0 leur responsabilit\u00e9 de prendre soin de la cr\u00e9ation de Dieu et de les impliquer activement dans des programmes environnementaux significatifs. Bien qu&rsquo;il y ait de nombreuses fa\u00e7ons dont nous pourrions impliquer les jeunes dans la protection de l&rsquo;environnement en fonction des besoins locaux, voici deux opportunit\u00e9s que nous pourrions saisir en tant que Famille Sal\u00e9sienne mondiale.<\/p>\n<p>&nbsp;<\/p>\n<p>L&rsquo;une des activit\u00e9s en pr\u00e9paration des Journ\u00e9es Mondiales de la Jeunesse 2027 est un projet de plantation d&rsquo;arbres appel\u00e9 \u00ab Campagne Breath of Life \u00bb. Le site officiel des JMJ explique qu&rsquo;\u00ab il s&rsquo;agit de bien plus que d&rsquo;une simple initiative environnementale. C&rsquo;est un acte de foi visant \u00e0 pr\u00e9server l&rsquo;ordre de la cr\u00e9ation et un pas concret vers la neutralit\u00e9 carbone, enracin\u00e9 dans notre foi en Dieu \u00bb. Le Secteur de la Pastorale des Jeunes a invit\u00e9 les membres du Mouvement Sal\u00e9sien des Jeunes du monde entier \u00e0 participer \u00e0 la Campagne \u00ab Breath of Life \u00bb, qui se d\u00e9roulera du 27 septembre 2026 au 4 octobre 2026, c&rsquo;est-\u00e0-dire lors de la derni\u00e8re semaine du Temps de la Cr\u00e9ation. Il s&rsquo;agit d&rsquo;une initiative vraiment significative \u00e0 travers laquelle le Mouvement Sal\u00e9sien des Jeunes peut c\u00e9l\u00e9brer le Temps de la Cr\u00e9ation et se pr\u00e9parer en m\u00eame temps aux Journ\u00e9es Mondiales de la Jeunesse.<\/p>\n<p>&nbsp;<\/p>\n<p>Deuxi\u00e8mement, \u00e0 l&rsquo;occasion de la Journ\u00e9e de la Terre (22 avril) de cette ann\u00e9e, le Secteur de la Pastorale des Jeunes a lanc\u00e9 le \u00ab Guide paroissial Laudato Si&rsquo; \u00bb, un outil pratique pour aider les paroisses sal\u00e9siennes \u00e0 devenir des \u00ab Paroisses Laudato Si&rsquo; \u00bb. Ce guide offre des suggestions concr\u00e8tes pour atteindre chacun des Sept Objectifs propos\u00e9s par la Plateforme d&rsquo;Action Laudato Si&rsquo;. En pr\u00e9sentant ce guide paroissial, le p\u00e8re Rafael Bejarano, Conseiller G\u00e9n\u00e9ral pour la Pastorale des Jeunes, a affirm\u00e9 : \u00ab \u00c0 travers ces lignes directrices pour nos paroisses, nous offrons un parcours sal\u00e9sien pour impliquer les jeunes et tous les membres de la communaut\u00e9 paroissiale afin qu&rsquo;ils jouent un r\u00f4le actif et concret dans le soin de notre maison commune \u00bb.<\/p>\n<p>&nbsp;<\/p>\n<p><strong><b>Conclusion<\/b><\/strong><\/p>\n<p>Dans le Projet sexennal pour la Congr\u00e9gation Sal\u00e9sienne (2025-2031), le Recteur Majeur, le p\u00e8re Fabio Attard, affirme : \u00ab L&rsquo;engagement de l&rsquo;\u00c9glise pour l&rsquo;\u00e9cologie int\u00e9grale a \u00e9t\u00e9 fait sien par la Congr\u00e9gation et doit \u00eatre renforc\u00e9 avec une vision d&rsquo;inspiration charismatique. Puisse l&rsquo;engagement des jeunes pour le bien commun et pour notre maison commune \u00eatre de plus en plus enracin\u00e9 au niveau local, avec les jeunes jouant un r\u00f4le de premier plan, partageant les choix et participant activement et concr\u00e8tement \u00bb (AGC 446).<\/p>\n<p>&nbsp;<\/p>\n<p>Le Temps de la Cr\u00e9ation est pour nous une occasion de mettre en pratique notre d\u00e9termination \u00e0 faire partie de l&rsquo;\u00ab engagement de l&rsquo;\u00c9glise en faveur de l&rsquo;\u00e9cologie int\u00e9grale \u00bb. \u00c0 travers les diverses activit\u00e9s que nous menons pendant ce temps, les jeunes ont la possibilit\u00e9 de jouer un r\u00f4le de premier plan dans le soin concret de notre maison commune et dans la promotion du bien commun. Les moments de pri\u00e8re, une r\u00e9flexion sinc\u00e8re sur notre mode de vie et des actions concr\u00e8tes peuvent certainement nous permettre de red\u00e9couvrir notre place unique dans la cr\u00e9ation de Dieu et nous conduire \u00e0 renouveler notre engagement \u00e0 assumer la responsabilit\u00e9 que Dieu nous a donn\u00e9e d\u2019\u00eatre les gardiens du monde naturel.<\/p>\n<p>&nbsp;<\/p>\n<p>Alors que nous c\u00e9l\u00e9brons cette p\u00e9riode avec nos jeunes, laissons-nous guider par les mots que le Pape L\u00e9on XIV a adress\u00e9s aux jeunes en juillet 2025\u00a0: \u00ab Vous \u00eates jeunes, pleins d&rsquo;id\u00e9es et d&rsquo;enthousiasme. Vous voulez conqu\u00e9rir le monde non pas pour le subjuguer, mais pour servir la vie qui vient de Dieu. L&rsquo;humilit\u00e9, l&rsquo;esprit de service et une relation profonde avec le Christ vous permettent d&rsquo;enraciner en vous-m\u00eames les valeurs chr\u00e9tiennes. Seule la conversion int\u00e9rieure rend possible le changement d&rsquo;habitudes et de mentalit\u00e9, se traduisant par une nouvelle fa\u00e7on de vivre en communion avec l&rsquo;environnement \u00bb.<\/p>\n<p>&nbsp;<\/p>\n<p>&nbsp;<\/p>\n<p><em><i>p\u00e8re Savio Silveira, sdb<\/i><\/em><\/p>\n<p><em><i>Coordinateur : \u00c9cologie int\u00e9grale<\/i><\/em><\/p>\n<p><em><i>Secteur de la Pastorale des Jeunes<\/i><\/em><\/p>\n<p>&nbsp;<\/p>\n","protected":false},"excerpt":{"rendered":"<p>Du 1er septembre au 4 octobre, de la Journ\u00e9e de pri\u00e8re pour la Cr\u00e9ation \u00e0&#8230;<\/p>\n","protected":false},"author":1,"featured_media":54564,"comment_status":"closed","ping_status":"closed","sticky":false,"template":"","format":"standard","meta":{"iawp_total_views":6,"footnotes":""},"categories":[544],"tags":[2580,1836,2028],"class_list":["post-54576","post","type-post","status-publish","format-standard","has-post-thumbnail","hentry","category-pastorale-des-jeunes","tag-evenement","tag-initiatives","tag-vie"],"_links":{"self":[{"href":"https:\/\/www.donbosco.press\/fr\/wp-json\/wp\/v2\/posts\/54576","targetHints":{"allow":["GET"]}}],"collection":[{"href":"https:\/\/www.donbosco.press\/fr\/wp-json\/wp\/v2\/posts"}],"about":[{"href":"https:\/\/www.donbosco.press\/fr\/wp-json\/wp\/v2\/types\/post"}],"author":[{"embeddable":true,"href":"https:\/\/www.donbosco.press\/fr\/wp-json\/wp\/v2\/users\/1"}],"replies":[{"embeddable":true,"href":"https:\/\/www.donbosco.press\/fr\/wp-json\/wp\/v2\/comments?post=54576"}],"version-history":[{"count":1,"href":"https:\/\/www.donbosco.press\/fr\/wp-json\/wp\/v2\/posts\/54576\/revisions"}],"predecessor-version":[{"id":54577,"href":"https:\/\/www.donbosco.press\/fr\/wp-json\/wp\/v2\/posts\/54576\/revisions\/54577"}],"wp:featuredmedia":[{"embeddable":true,"href":"https:\/\/www.donbosco.press\/fr\/wp-json\/wp\/v2\/media\/54564"}],"wp:attachment":[{"href":"https:\/\/www.donbosco.press\/fr\/wp-json\/wp\/v2\/media?parent=54576"}],"wp:term":[{"taxonomy":"category","embeddable":true,"href":"https:\/\/www.donbosco.press\/fr\/wp-json\/wp\/v2\/categories?post=54576"},{"taxonomy":"post_tag","embeddable":true,"href":"https:\/\/www.donbosco.press\/fr\/wp-json\/wp\/v2\/tags?post=54576"}],"curies":[{"name":"wp","href":"https:\/\/api.w.org\/{rel}","templated":true}]}}