{"id":49695,"date":"2026-03-12T07:53:50","date_gmt":"2026-03-12T07:53:50","guid":{"rendered":"https:\/\/www.donbosco.press\/?p=49695"},"modified":"2026-03-31T12:37:42","modified_gmt":"2026-03-31T12:37:42","slug":"vallecrosia-150-ans-de-presence-salesienne-entre-memoire-et-avenir","status":"publish","type":"post","link":"https:\/\/www.donbosco.press\/fr\/maisons-salesiennes\/vallecrosia-150-ans-de-presence-salesienne-entre-memoire-et-avenir\/","title":{"rendered":"Vallecrosia : 150 ans de pr\u00e9sence sal\u00e9sienne entre m\u00e9moire et avenir"},"content":{"rendered":"<p><em><i>En 2026, la communaut\u00e9 sal\u00e9sienne de Vallecrosia c\u00e9l\u00e9brera une \u00e9tape importante : 150 ans de pr\u00e9sence \u00e9ducative et pastorale au c\u0153ur du Ponant ligure. Un anniversaire qui n&rsquo;est pas seulement une occasion de se souvenir, mais aussi de r\u00e9fl\u00e9chir \u00e0 la valeur d&rsquo;une histoire capable de traverser les g\u00e9n\u00e9rations, les changements sociaux et les transformations culturelles sans perdre son identit\u00e9. Des origines directement li\u00e9es \u00e0 l&rsquo;intuition \u00e9ducative de Don Bosco jusqu&rsquo;aux d\u00e9fis actuels, l&rsquo;\u0153uvre sal\u00e9sienne a repr\u00e9sent\u00e9 pour de nombreux jeunes et familles un point de rep\u00e8re stable. Retracer ce parcours, c&rsquo;est d\u00e9couvrir comment une communaut\u00e9 \u00e9ducative, enracin\u00e9e dans son territoire et anim\u00e9e par l&rsquo;esprit sal\u00e9sien, a continu\u00e9 au fil du temps \u00e0 placer les jeunes au centre, en regardant l&rsquo;avenir avec confiance.<br \/>\n<\/i><\/em><\/p>\n<p>En 2026, l&rsquo;\u0153uvre sal\u00e9sienne de Vallecrosia f\u00eatera ses <strong><b>150 ans de pr\u00e9sence \u00e9ducative et pastorale <\/b><\/strong>dans le Ponant ligure. De 1876 \u00e0 aujourd&rsquo;hui, cette institution a travers\u00e9 des \u00e9poques tr\u00e8s diff\u00e9rentes, s&rsquo;adaptant aux mutations de la soci\u00e9t\u00e9 et aux nouveaux besoins des jeunes g\u00e9n\u00e9rations.<br \/>\nEn un si\u00e8cle et demi, l&rsquo;\u0153uvre a chang\u00e9 de visages et d&rsquo;activit\u00e9s, a renouvel\u00e9 ses structures et ses projets \u00e9ducatifs, mais n&rsquo;a jamais perdu le c\u0153ur de sa mission : <strong><b>mettre les jeunes au centre<\/b><\/strong>, les accompagner dans leur croissance humaine et spirituelle et d\u00e9fendre leur dignit\u00e9. Des g\u00e9n\u00e9rations de jeunes, de familles et d&rsquo;\u00e9ducateurs ont trouv\u00e9 dans cette maison sal\u00e9sienne un point de rep\u00e8re stable, capable d&rsquo;\u00e9voluer sans perdre son identit\u00e9.<br \/>\nCette continuit\u00e9 repr\u00e9sente l&rsquo;un des aspects les plus significatifs de la pr\u00e9sence sal\u00e9sienne \u00e0 Vallecrosia : une histoire qui ne s&rsquo;est jamais interrompue et qui se poursuit encore aujourd&rsquo;hui avec le m\u00eame esprit qui animait Jean Bosco, le fondateur des Sal\u00e9siens.<\/p>\n<p><strong><b>Les origines : Don Bosco et le Sanctuaire de Marie Auxiliatrice<br \/>\n<\/b><\/strong>La pr\u00e9sence sal\u00e9sienne dans l&rsquo;extr\u00eame Ponant ligure na\u00eet dans les derni\u00e8res ann\u00e9es de la vie de Don Bosco. En 1876, l&rsquo;\u0153uvre de Vallecrosia prend forme, destin\u00e9e \u00e0 devenir un centre \u00e9ducatif et spirituel de grande importance pour la r\u00e9gion situ\u00e9e entre Vintimille et Sanremo.<br \/>\nD\u00e8s le d\u00e9but, la mission des sal\u00e9siens s&rsquo;entrem\u00eale avec celle des Filles de Marie Auxiliatrice, d\u00e9j\u00e0 pr\u00e9sentes sur le territoire. La collaboration entre les deux congr\u00e9gations a donn\u00e9 naissance \u00e0 une pr\u00e9sence \u00e9ducative compl\u00e9mentaire : celle des sal\u00e9siens pour les gar\u00e7ons et celle des religieuses pour les filles.<br \/>\nCette double pr\u00e9sence, masculine et f\u00e9minine, a contribu\u00e9 \u00e0 cr\u00e9er un vaste r\u00e9seau \u00e9ducatif, capable d&rsquo;accompagner des g\u00e9n\u00e9rations enti\u00e8res dans leur parcours de croissance.<br \/>\nAu centre de cette r\u00e9alit\u00e9 se trouve le Sanctuaire de Marie Auxiliatrice. D\u00e8s ses origines, le sanctuaire est devenu le c\u0153ur spirituel de la communaut\u00e9 : un lieu o\u00f9 la foi se m\u00ealait \u00e0 l&rsquo;engagement \u00e9ducatif et social. Aujourd&rsquo;hui encore, il repr\u00e9sente un espace de rencontre entre la dimension religieuse et la vie quotidienne du territoire.<\/p>\n<p><strong><b>Une \u0153uvre qui grandit avec le territoire<br \/>\n<\/b><\/strong>Au fil des d\u00e9cennies, l&rsquo;\u0153uvre sal\u00e9sienne s&rsquo;est d\u00e9velopp\u00e9e en \u00e9largissant ses activit\u00e9s \u00e9ducatives et pastorales.<br \/>\nAutour de la pr\u00e9sence des sal\u00e9siens sont n\u00e9es diverses r\u00e9alit\u00e9s qui ont marqu\u00e9 la vie de la communaut\u00e9 locale : la paroisse, le patronage, les activit\u00e9s scolaires, les initiatives sportives et culturelles. Plus r\u00e9cemment, l&rsquo;exp\u00e9rience de la formation professionnelle s&rsquo;est \u00e9galement consolid\u00e9e \u00e0 travers le CNOS-FAP, qui offre aux jeunes des opportunit\u00e9s concr\u00e8tes de pr\u00e9paration au monde du travail.<br \/>\nCes initiatives ont permis \u00e0 l&rsquo;\u0153uvre de r\u00e9pondre aux transformations de la soci\u00e9t\u00e9 sans perdre son identit\u00e9 \u00e9ducative.<br \/>\nLa cour du patronage, en particulier, est rest\u00e9e au fil du temps l&rsquo;un des symboles les plus vivants de l&rsquo;esprit sal\u00e9sien : un lieu de rencontre, d&rsquo;amiti\u00e9 et de croissance, o\u00f9 le jeu et le sport deviennent des occasions d&rsquo;\u00e9ducation \u00e0 la responsabilit\u00e9 et \u00e0 la solidarit\u00e9.<br \/>\nDe nombreux anciens \u00e9l\u00e8ves se souviennent de ces ann\u00e9es comme d&rsquo;une exp\u00e9rience d\u00e9terminante pour leur vie. Il n&rsquo;est pas rare qu&rsquo;ils racontent que c&rsquo;est entre les murs du patronage qu&rsquo;ils ont appris des valeurs comme le respect des autres, le sens du devoir et l&rsquo;engagement envers la communaut\u00e9.<\/p>\n<p><strong><b>Un livre pour raconter cent cinquante ans d&rsquo;histoire<br \/>\n<\/b><\/strong>\u00c0 l&rsquo;occasion du 150e anniversaire, un volume intitul\u00e9 <em><i>\u00ab Don Bosco \u00e0 Vallecrosia : hier, aujourd&rsquo;hui et demain \u00bb<\/i><\/em> a \u00e9t\u00e9 publi\u00e9.<br \/>\nLe livre, r\u00e9alis\u00e9 par la direction de l&rsquo;Institut Sal\u00e9sien en collaboration avec le comit\u00e9 d&rsquo;organisation des c\u00e9l\u00e9brations, repr\u00e9sente une v\u00e9ritable reconstitution historique de la pr\u00e9sence sal\u00e9sienne sur le territoire. \u00c0 travers des documents, des lettres, des photographies d&rsquo;\u00e9poque et des t\u00e9moignages personnels, le volume retrace la vie de la paroisse, de l&rsquo;\u00e9cole, du patronage, des activit\u00e9s sportives et des initiatives socioculturelles qui ont caract\u00e9ris\u00e9 ces cent cinquante ans.<br \/>\nLe coordinateur de l&rsquo;ouvrage, Roberto Capaccio, ancien \u00e9l\u00e8ve sal\u00e9sien, a expliqu\u00e9 l&rsquo;esprit de l&rsquo;initiative : recueillir les voix et les exp\u00e9riences de ceux qui ont v\u00e9cu cette histoire pour montrer \u00e0 quel point l&rsquo;\u0153uvre sal\u00e9sienne a profond\u00e9ment marqu\u00e9 la vie de l&rsquo;extr\u00eame Ponant ligure.<br \/>\nSelon Capaccio, l&rsquo;objectif du livre est de t\u00e9moigner de la mani\u00e8re dont les sal\u00e9siens et les Filles de Marie Auxiliatrice ont diffus\u00e9 sur le territoire l&rsquo;esprit \u00e9ducatif de Don Bosco, contribuant \u00e0 former des g\u00e9n\u00e9rations de jeunes capables d&rsquo;assumer des responsabilit\u00e9s dans la soci\u00e9t\u00e9 et de travailler pour le bien commun.<br \/>\nLa r\u00e9alisation du volume a n\u00e9cessit\u00e9 un an de travail, impliquant un comit\u00e9 de r\u00e9daction compos\u00e9 de sal\u00e9siens, d&rsquo;anciens \u00e9l\u00e8ves et de sp\u00e9cialistes de l&rsquo;histoire locale. Le r\u00e9sultat est une mosa\u00efque de souvenirs et de documents qui restitue le visage d&rsquo;une communaut\u00e9 \u00e9ducative enracin\u00e9e dans son territoire.<\/p>\n<p>La postface du livre est sign\u00e9e par <strong><b>Fabio Attard<\/b><\/strong>, onzi\u00e8me successeur de Don Bosco \u00e0 la t\u00eate des <strong><b>Sal\u00e9siens de Don Bosco<\/b><\/strong>.<br \/>\nPr\u00e9sent lors des c\u00e9l\u00e9brations, le p\u00e8re Attard a soulign\u00e9 dans son intervention la signification profonde de la m\u00e9moire historique. Se souvenir du pass\u00e9, a-t-il observ\u00e9, ne signifie pas se r\u00e9fugier dans la nostalgie. Au contraire, la m\u00e9moire doit devenir un \u00e9lan vers l&rsquo;avenir et un appel \u00e0 la responsabilit\u00e9.<br \/>\nL&rsquo;histoire de l&rsquo;\u0153uvre de Vallecrosia d\u00e9montre comment, au fil du temps, la communaut\u00e9 sal\u00e9sienne a su interpr\u00e9ter les d\u00e9fis des diff\u00e9rentes p\u00e9riodes historiques sans perdre de vue l&rsquo;objectif principal : mettre les jeunes au centre de son action \u00e9ducative.<br \/>\nCeci, a affirm\u00e9 le p\u00e8re Attard, est le fil conducteur qui traverse cent cinquante ans de pr\u00e9sence sal\u00e9sienne sur le territoire.<\/p>\n<p><strong><b>Un don pour l&rsquo;\u00c9glise et pour la soci\u00e9t\u00e9<br \/>\n<\/b><\/strong>L&rsquo;\u00e9v\u00eaque du dioc\u00e8se de Vintimille-Sanremo, <strong><b>Mgr Antonio Suetta<\/b><\/strong>, a \u00e9galement tenu \u00e0 souligner la valeur de cet anniversaire.<br \/>\nSelon le pr\u00e9lat, ces cent cinquante ans repr\u00e9sentent un patrimoine de dons inestimables pour l&rsquo;\u00c9glise et pour la soci\u00e9t\u00e9. Seul le temps, a-t-il expliqu\u00e9, peut r\u00e9v\u00e9ler pleinement tout le bien qu&rsquo;a produit la graine sem\u00e9e par Don Bosco dans le c\u0153ur des personnes et dans la vie des communaut\u00e9s.<br \/>\nSes paroles trouvent confirmation dans les nombreuses histoires personnelles li\u00e9es \u00e0 l&rsquo;\u0153uvre sal\u00e9sienne. Chaque fois qu&rsquo;un ancien \u00e9l\u00e8ve raconte ce que le patronage a signifi\u00e9 pour lui, ou qu&rsquo;un jeune en difficult\u00e9 trouve une nouvelle chance dans le centre de formation professionnelle, la profondeur de ce patrimoine \u00e9ducatif se r\u00e9v\u00e8le.<\/p>\n<p><strong><b>Une histoire qui continue<br \/>\n<\/b><\/strong>Cent cinquante ans d&rsquo;histoire ne repr\u00e9sentent pas une ligne d&rsquo;arriv\u00e9e, mais plut\u00f4t une nouvelle \u00e9tape du chemin.<br \/>\nDans son discours de cl\u00f4ture lors des c\u00e9l\u00e9brations, le p\u00e8re Fabio Attard a invit\u00e9 la communaut\u00e9 sal\u00e9sienne et la soci\u00e9t\u00e9 civile \u00e0 regarder l&rsquo;avenir avec confiance.<br \/>\nLa t\u00e2che des \u0153uvres \u00e9ducatives, a-t-il rappel\u00e9, est d&rsquo;\u00e9couter les questions et les inqui\u00e9tudes des jeunes d&rsquo;aujourd&rsquo;hui, en les accompagnant dans la construction d&rsquo;un avenir plus juste et plus humain. Chaque jeune doit pouvoir trouver un environnement o\u00f9 l&rsquo;esp\u00e9rance peut germer, o\u00f9 la personne est toujours respect\u00e9e et o\u00f9 les plus fragiles ne sont pas consid\u00e9r\u00e9s comme un probl\u00e8me, mais comme des protagonistes avec des talents \u00e0 d\u00e9couvrir et \u00e0 d\u00e9velopper.<br \/>\nC&rsquo;est l&rsquo;esprit qui continue d&rsquo;animer l&rsquo;\u0153uvre sal\u00e9sienne de Vallecrosia.<\/p>\n<p>Apr\u00e8s 150 ans d&rsquo;activit\u00e9, la maison sal\u00e9sienne de Vallecrosia demeure une pr\u00e9sence vivante sur le territoire. Son histoire n&rsquo;appartient pas seulement au pass\u00e9, mais continue de s&rsquo;\u00e9crire chaque jour \u00e0 travers le travail des \u00e9ducateurs, l&rsquo;engagement des b\u00e9n\u00e9voles et l&rsquo;enthousiasme des jeunes.<br \/>\nLa m\u00e9moire de ce qui a \u00e9t\u00e9 devient ainsi une ressource pour affronter l&rsquo;avenir.<br \/>\nComme au temps de Don Bosco, aujourd&rsquo;hui encore, la cour du patronage, les salles de classe de la formation professionnelle et les espaces de la communaut\u00e9 continuent d&rsquo;\u00eatre des lieux o\u00f9 les jeunes peuvent grandir, d\u00e9couvrir leurs capacit\u00e9s et construire leur projet de vie.<br \/>\nEt c&rsquo;est bien l\u00e0 le v\u00e9ritable h\u00e9ritage de cent cinquante ans de pr\u00e9sence sal\u00e9sienne \u00e0 Vallecrosia : <strong><b>une communaut\u00e9 qui \u2013 fond\u00e9e sur les valeurs chr\u00e9tiennes \u2013 continue d&rsquo;\u00e9duquer avec fruit.<\/b><\/strong><\/p>\n","protected":false},"excerpt":{"rendered":"<p>En 2026, la communaut\u00e9 sal\u00e9sienne de Vallecrosia c\u00e9l\u00e9brera une \u00e9tape importante : 150 ans de&#8230;<\/p>\n","protected":false},"author":1,"featured_media":49688,"comment_status":"closed","ping_status":"closed","sticky":false,"template":"","format":"standard","meta":{"iawp_total_views":5,"footnotes":""},"categories":[120],"tags":[1764,2580,2587,1728,1908,2028],"class_list":["post-49695","post","type-post","status-publish","format-standard","has-post-thumbnail","hentry","category-maisons-salesiennes","tag-don-bosco","tag-evenement","tag-famille-salesienne","tag-maisons-salesiennes","tag-nouvelles-religieuses","tag-vie"],"_links":{"self":[{"href":"https:\/\/www.donbosco.press\/fr\/wp-json\/wp\/v2\/posts\/49695","targetHints":{"allow":["GET"]}}],"collection":[{"href":"https:\/\/www.donbosco.press\/fr\/wp-json\/wp\/v2\/posts"}],"about":[{"href":"https:\/\/www.donbosco.press\/fr\/wp-json\/wp\/v2\/types\/post"}],"author":[{"embeddable":true,"href":"https:\/\/www.donbosco.press\/fr\/wp-json\/wp\/v2\/users\/1"}],"replies":[{"embeddable":true,"href":"https:\/\/www.donbosco.press\/fr\/wp-json\/wp\/v2\/comments?post=49695"}],"version-history":[{"count":1,"href":"https:\/\/www.donbosco.press\/fr\/wp-json\/wp\/v2\/posts\/49695\/revisions"}],"predecessor-version":[{"id":49703,"href":"https:\/\/www.donbosco.press\/fr\/wp-json\/wp\/v2\/posts\/49695\/revisions\/49703"}],"wp:featuredmedia":[{"embeddable":true,"href":"https:\/\/www.donbosco.press\/fr\/wp-json\/wp\/v2\/media\/49688"}],"wp:attachment":[{"href":"https:\/\/www.donbosco.press\/fr\/wp-json\/wp\/v2\/media?parent=49695"}],"wp:term":[{"taxonomy":"category","embeddable":true,"href":"https:\/\/www.donbosco.press\/fr\/wp-json\/wp\/v2\/categories?post=49695"},{"taxonomy":"post_tag","embeddable":true,"href":"https:\/\/www.donbosco.press\/fr\/wp-json\/wp\/v2\/tags?post=49695"}],"curies":[{"name":"wp","href":"https:\/\/api.w.org\/{rel}","templated":true}]}}