{"id":48344,"date":"2026-01-27T20:38:29","date_gmt":"2026-01-27T20:38:29","guid":{"rendered":"https:\/\/www.donbosco.press\/?p=48344"},"modified":"2026-01-27T20:39:41","modified_gmt":"2026-01-27T20:39:41","slug":"entretien-avec-le-pere-juan-aaron-cerezo-huerta-superieur-de-la-province-salesienne-de-mexico","status":"publish","type":"post","link":"https:\/\/www.donbosco.press\/fr\/linvite\/entretien-avec-le-pere-juan-aaron-cerezo-huerta-superieur-de-la-province-salesienne-de-mexico\/","title":{"rendered":"Entretien avec le p\u00e8re Juan Aaron CEREZO HUERTA, sup\u00e9rieur de la Province Sal\u00e9sienne de Mexico"},"content":{"rendered":"<p><em><i>Le p\u00e8re Juan Aaron CEREZO HUERTA, n\u00e9 \u00e0 Mexico en 1968, est le nouveau provincial sal\u00e9sien de l&rsquo;une des m\u00e9tropoles les plus grandes et les plus complexes du monde. Ordonn\u00e9 pr\u00eatre en 1996, il a consacr\u00e9 sa vie \u00e0 l&rsquo;\u00e9ducation et \u00e0 l&rsquo;accompagnement des jeunes les plus vuln\u00e9rables, des enfants des rues aux adolescents des patronages. Titulaire d&rsquo;un doctorat en Th\u00e9ologie Spirituelle obtenu \u00e0 Rome et fort d&rsquo;une exp\u00e9rience de vingt ans dans diverses \u0153uvres sal\u00e9siennes mexicaines, il apporte avec lui une connaissance profonde du charisme de Don Bosco et une vision claire : \u00e9tendre la pr\u00e9sence sal\u00e9sienne l\u00e0 o\u00f9 elle fait encore d\u00e9faut et offrir aux jeunes des opportunit\u00e9s concr\u00e8tes de croissance et de d\u00e9veloppement professionnel.<br \/>\n<\/i><\/em><\/p>\n<p><strong><b>Peux-tu te pr\u00e9senter ?<br \/>\n<\/b><\/strong>Je suis n\u00e9 le 29 juin 1968 \u00e0 Mexico. J&rsquo;ai fait mes \u00e9tudes primaires \u00e0 l&rsquo;\u00c9cole Normale de l&rsquo;Institut Juan Ponce de Le\u00f3n, \u00e0 Puebla. J&rsquo;ai ensuite \u00e9tudi\u00e9 la Philosophie \u00e0 l&rsquo;Institut Centro Am\u00e9rica, \u00e0 Mexico, et la Th\u00e9ologie \u00e0 l&rsquo;Institut Cristo Risorto, \u00e0 Tlaquepaque, Jalisco.<br \/>\nJ&rsquo;ai prononc\u00e9 ma premi\u00e8re profession religieuse le 15 ao\u00fbt 1989 et j&rsquo;ai \u00e9t\u00e9 ordonn\u00e9 pr\u00eatre le 3 f\u00e9vrier 1996.<br \/>\nJ&rsquo;ai obtenu une licence en Psychologie de l&rsquo;\u00c9ducation \u00e0 l&rsquo;Institut Nueva Galicia, \u00e0 Guadalajara, Jalisco, et j&rsquo;ai suivi des cours de sp\u00e9cialisation en D\u00e9veloppement Humain \u00e0 l&rsquo;Universit\u00e9 Iberoamericana, campus de Quer\u00e9taro. J&rsquo;ai obtenu une licence en Th\u00e9ologie Spirituelle \u00e0 l&rsquo;Universit\u00e9 Pontificale Sal\u00e9sienne (Rome), avec la th\u00e8se \u00ab\u00a0L&rsquo;accompagnement spirituel dans certains \u00e9crits de Don Bosco\u00a0\u00bb, puis un doctorat en Th\u00e9ologie Spirituelle dans la m\u00eame universit\u00e9, avec la th\u00e8se \u00ab\u00a0Les contributions de Don Paolo Albera \u00e0 la spiritualit\u00e9 sal\u00e9sienne\u00a0\u00bb.<br \/>\nAu cours de mon minist\u00e8re, j&rsquo;ai travaill\u00e9 dans diverses communaut\u00e9s et \u0153uvres sal\u00e9siennes, notamment : l&rsquo;Artisanat de Nazareth (enfants des rues) \u00e0 Mexico ; le Coll\u00e8ge Sal\u00e9sien de Quer\u00e9taro ; le Patronage Sal\u00e9sien Alborada \u00e0 M\u00e9rida, Yucat\u00e1n ; la Paroisse Saint-Fran\u00e7ois-d&rsquo;Assise \u00e0 Coacalco, \u00c9tat de Mexico ; les coll\u00e8ges Juan Ponce de Le\u00f3n et Trinidad S\u00e1nchez Santos, le Patronage Miguel R\u00faa et le Sanctuaire Saint-Michel \u00e0 Puebla. De plus, j&rsquo;ai servi comme D\u00e9l\u00e9gu\u00e9 \u00e0 la Pastorale des Jeunes et \u00e0 la Famille Sal\u00e9sienne.<\/p>\n<p><strong><b>Quand as-tu entendu l&rsquo;appel pour la premi\u00e8re fois et qu&rsquo;est-ce qui t\u2019a conduit chez les Sal\u00e9siens ?<br \/>\n<\/b><\/strong>J&rsquo;ai entendu l&rsquo;appel de Dieu au sacerdoce lorsque j&rsquo;ai fait ma premi\u00e8re communion. Quand j&rsquo;ai connu les Sal\u00e9siens au Patronage de Coacalco, je me suis senti vraiment identifi\u00e9 au charisme en voyant les clercs jouer dans la cour avec nous.<\/p>\n<p><strong><b>Quels sont tes plus beaux souvenirs d&rsquo;enfance ?<br \/>\n<\/b><\/strong>Mes plus beaux souvenirs d&rsquo;enfance sont les moments de jeu que je passais avec mes amis qui vivaient pr\u00e8s de chez moi ; ainsi que les excursions que nous faisions en famille dans divers endroits comme la plage ou la for\u00eat.<\/p>\n<p><strong><b>Quel a \u00e9t\u00e9 le moment le plus difficile et le plus gratifiant de ton minist\u00e8re ?<br \/>\n<\/b><\/strong>Les moments les plus difficiles de ma vie ont \u00e9t\u00e9 la mort de mon p\u00e8re quand j&rsquo;\u00e9tais aspirant et celle de ma m\u00e8re \u00e0 mon retour de Rome apr\u00e8s avoir termin\u00e9 ma licence.<br \/>\nLe plus gratifiant a \u00e9t\u00e9 mon ordination sacerdotale.<\/p>\n<p><strong><b>Tu as \u00e9t\u00e9 nomm\u00e9 provincial dans l&rsquo;une des dix plus grandes villes du monde. Quels sont les plus grands d\u00e9fis dans l&rsquo;\u00e9ducation des jeunes ?<br \/>\n<\/b><\/strong>C&rsquo;est une tr\u00e8s grande responsabilit\u00e9 car les grandes villes pr\u00e9sentent une complexit\u00e9 de t\u00e2ches et de d\u00e9fis. Mais elles offrent aussi la possibilit\u00e9 de collaborer avec d&rsquo;autres institutions sur l&rsquo;un des objectifs principaux qu&rsquo;est l&rsquo;\u00e9ducation. L&rsquo;\u00e9ducation est l&rsquo;une des voies les plus importantes pour de v\u00e9ritables changements sociaux.<br \/>\nL&rsquo;un des d\u00e9fis \u00e9ducatifs pour les jeunes est d&rsquo;avoir un travail digne qui leur offre l&rsquo;opportunit\u00e9 de se d\u00e9velopper professionnellement et d&rsquo;obtenir un revenu \u00e9conomique d\u00e9cent.<\/p>\n<p><strong><b>Pourrais-tu partager une exp\u00e9rience qui t\u2019a particuli\u00e8rement marqu\u00e9 avec les jeunes ou dans ta mission ?<br \/>\n<\/b><\/strong>L&rsquo;une des exp\u00e9riences les plus significatives que j&rsquo;ai partag\u00e9es avec les jeunes est de travailler ensemble dans la pastorale avec les enfants de la rue en tant qu&rsquo;\u00e9ducateurs ; au Patronage en tant qu&rsquo;animateurs ; dans les missions au service des communaut\u00e9s ; dans la paroisse en tant qu&rsquo;agents d&rsquo;\u00e9vang\u00e9lisation ; dans les coll\u00e8ges au sein du Mouvement Sal\u00e9sien des Jeunes. Travailler ensemble avec les jeunes a \u00e9t\u00e9 ma plus grande satisfaction.<\/p>\n<p><strong><b>Quel r\u00f4le jouent la pri\u00e8re et la vie en communaut\u00e9 dans ton quotidien ?<br \/>\n<\/b><\/strong>La vie de pri\u00e8re est la nourriture du religieux. Avoir des moments de pri\u00e8re constants et de qualit\u00e9 permet au Sal\u00e9sien de se pr\u00e9parer pour la mission ; c&rsquo;est seulement ainsi qu&rsquo;il pourra offrir aux jeunes une rencontre authentique avec Dieu.<\/p>\n<p><strong><b>Quelle place occupe Marie Auxiliatrice dans ta vie ?<br \/>\n<\/b><\/strong>J&rsquo;ai grandi dans une famille o\u00f9 l&rsquo;on v\u00e9n\u00e9rait la Vierge de Guadalupe. Au Mexique, \u00eatre \u00ab\u00a0guadalupano\u00a0\u00bb est naturel et essentiel. En Marie, nous trouvons notre refuge, notre soutien, notre aide, notre force et notre esp\u00e9rance. Pour les Mexicains, la Vierge de Guadalupe est notre seconde m\u00e8re.<\/p>\n<p><strong><b>As-tu un projet qui te tient particuli\u00e8rement \u00e0 c\u0153ur ?<br \/>\n<\/b><\/strong>Je r\u00eave d&rsquo;arriver dans les \u00c9tats de Guerrero, Veracruz, Campeche, Tabasco. L\u00e0 o\u00f9 nous, les Sal\u00e9siens, ne sommes pas encore pr\u00e9sents. Je crois que nous avons une tr\u00e8s grande dette envers tous ces gens qui attendent la pr\u00e9sence sal\u00e9sienne.<\/p>\n<p><strong><b>Quel message voudrais-tu transmettre aux jeunes d&rsquo;aujourd&rsquo;hui ?<br \/>\n<\/b><\/strong>Les jeunes ne cessent jamais d&rsquo;\u00eatre l&rsquo;avenir, c&rsquo;est-\u00e0-dire l&rsquo;esp\u00e9rance dans un monde de plus en plus complexe au niveau des principes, des d\u00e9fis, des besoins, des opportunit\u00e9s, des r\u00e9alit\u00e9s. Les jeunes incarnent l&rsquo;espoir de quelque chose de nouveau, de significatif, de meilleur. Je suis convaincu que l&rsquo;espoir du changement et de la transformation est dans les mains de nombreux jeunes.<\/p>\n","protected":false},"excerpt":{"rendered":"<p>Le p\u00e8re Juan Aaron CEREZO HUERTA, n\u00e9 \u00e0 Mexico en 1968, est le nouveau provincial&#8230;<\/p>\n","protected":false},"author":1,"featured_media":48337,"comment_status":"closed","ping_status":"closed","sticky":false,"template":"","format":"standard","meta":{"iawp_total_views":15,"footnotes":""},"categories":[126],"tags":[1764,2194,2602,2049,1914,1956],"class_list":["post-48344","post","type-post","status-publish","format-standard","has-post-thumbnail","hentry","category-linvite","tag-don-bosco","tag-education","tag-interviews","tag-jeunes","tag-oratoire","tag-salesiens"],"_links":{"self":[{"href":"https:\/\/www.donbosco.press\/fr\/wp-json\/wp\/v2\/posts\/48344","targetHints":{"allow":["GET"]}}],"collection":[{"href":"https:\/\/www.donbosco.press\/fr\/wp-json\/wp\/v2\/posts"}],"about":[{"href":"https:\/\/www.donbosco.press\/fr\/wp-json\/wp\/v2\/types\/post"}],"author":[{"embeddable":true,"href":"https:\/\/www.donbosco.press\/fr\/wp-json\/wp\/v2\/users\/1"}],"replies":[{"embeddable":true,"href":"https:\/\/www.donbosco.press\/fr\/wp-json\/wp\/v2\/comments?post=48344"}],"version-history":[{"count":1,"href":"https:\/\/www.donbosco.press\/fr\/wp-json\/wp\/v2\/posts\/48344\/revisions"}],"predecessor-version":[{"id":48352,"href":"https:\/\/www.donbosco.press\/fr\/wp-json\/wp\/v2\/posts\/48344\/revisions\/48352"}],"wp:featuredmedia":[{"embeddable":true,"href":"https:\/\/www.donbosco.press\/fr\/wp-json\/wp\/v2\/media\/48337"}],"wp:attachment":[{"href":"https:\/\/www.donbosco.press\/fr\/wp-json\/wp\/v2\/media?parent=48344"}],"wp:term":[{"taxonomy":"category","embeddable":true,"href":"https:\/\/www.donbosco.press\/fr\/wp-json\/wp\/v2\/categories?post=48344"},{"taxonomy":"post_tag","embeddable":true,"href":"https:\/\/www.donbosco.press\/fr\/wp-json\/wp\/v2\/tags?post=48344"}],"curies":[{"name":"wp","href":"https:\/\/api.w.org\/{rel}","templated":true}]}}