{"id":47389,"date":"2025-12-05T19:39:32","date_gmt":"2025-12-05T19:39:32","guid":{"rendered":"https:\/\/www.donbosco.press\/?p=47389"},"modified":"2025-12-05T19:41:42","modified_gmt":"2025-12-05T19:41:42","slug":"entretien-avec-le-conseiller-pour-lasie-de-lest-et-loceanie-le-pere-william-matthews","status":"publish","type":"post","link":"https:\/\/www.donbosco.press\/fr\/linvite\/entretien-avec-le-conseiller-pour-lasie-de-lest-et-loceanie-le-pere-william-matthews\/","title":{"rendered":"Entretien avec le conseiller pour l&rsquo;Asie de l&rsquo;Est et l&rsquo;Oc\u00e9anie, le p\u00e8re William MATTHEWS"},"content":{"rendered":"<p><em>Nous faisons la connaissance du p\u00e8re William Matthews, sal\u00e9sien d&rsquo;origine birmane ayant grandi en Australie, nomm\u00e9 conseiller g\u00e9n\u00e9ral pour la r\u00e9gion de l&rsquo;Asie de l&rsquo;Est et de l&rsquo;Oc\u00e9anie en mars 2025 lors du 29e Chapitre g\u00e9n\u00e9ral \u00e0 Turin. Dans cet entretien, le p\u00e8re Matthews retrace son parcours vocationnel, de la paroisse sal\u00e9sienne de Mandalay \u00e0 l\u2019\u00e9migration en Australie, jusqu&rsquo;\u00e0 l&rsquo;ordination sacerdotale et le service en tant que provincial d&rsquo;Australie et de la province du Pacifique. Il nous partage sa passion pour l&rsquo;\u00e9ducation des jeunes, l&rsquo;importance du Syst\u00e8me Pr\u00e9ventif et son engagement particulier envers les r\u00e9fugi\u00e9s et les migrants, r\u00e9fl\u00e9chissant aux d\u00e9fis de l&rsquo;\u00e9vang\u00e9lisation contemporaine et \u00e0 l&rsquo;unit\u00e9 de la Famille Sal\u00e9sienne.<br \/>\n<\/em><\/p>\n<p><strong>Peux-tu te pr\u00e9senter ?<br \/>\n<\/strong>Bonjour ! Je m&rsquo;appelle le P. William Matthews, conseiller g\u00e9n\u00e9ral pour la r\u00e9gion de l&rsquo;Asie de l&rsquo;Est et de l&rsquo;Oc\u00e9anie des Sal\u00e9siens de Don Bosco. N\u00e9 et \u00e9lev\u00e9 dans une paroisse sal\u00e9sienne \u00e0 Mandalay, en Birmanie, j&rsquo;ai \u00e9migr\u00e9 en Australie avec ma famille en 1994. J&rsquo;ai fait ma premi\u00e8re profession comme Sal\u00e9sien le 31 janvier 1997 \u00e0 Melbourne, en Australie, et j&rsquo;ai \u00e9t\u00e9 ordonn\u00e9 pr\u00eatre \u00e0 Perth, en Australie occidentale, le 9 d\u00e9cembre 2005. En tant que Sal\u00e9sien, j&rsquo;ai pass\u00e9 la majeure partie de mon temps dans l&rsquo;enseignement secondaire entre Melbourne, Ad\u00e9la\u00efde et Sydney en Australie. En juin 2017, j&rsquo;ai \u00e9t\u00e9 nomm\u00e9 11e provincial d&rsquo;Australie et de la province du Pacifique, poste que j&rsquo;ai fid\u00e8lement servi de 2018 \u00e0 2023. Lors du 29e Chapitre g\u00e9n\u00e9ral \u00e0 Turin en mars 2025, bien que n&rsquo;\u00e9tant pas membre du Chapitre, j&rsquo;ai \u00e9t\u00e9 nomm\u00e9 conseiller g\u00e9n\u00e9ral pour la r\u00e9gion de l&rsquo;Asie de l&rsquo;Est et de l&rsquo;Oc\u00e9anie.<\/p>\n<p><strong>Qui t\u2019a racont\u00e9 pour la premi\u00e8re fois l&rsquo;histoire de J\u00e9sus ?<br \/>\n<\/strong>J&rsquo;ai appris \u00e0 aimer et \u00e0 suivre J\u00e9sus d\u00e8s mon enfance au sein de ma famille. Ma famille \u00e9tait tr\u00e8s d\u00e9vote et la pratique de la foi chr\u00e9tienne avec des c\u00e9l\u00e9brations r\u00e9guli\u00e8res des sacrements \u00e9tait une partie importante de mon \u00e9ducation. Nos parents ont veill\u00e9 \u00e0 faire de nous de bons chr\u00e9tiens, suivant fid\u00e8lement J\u00e9sus.<\/p>\n<p><strong>Comment as-tu per\u00e7u l&rsquo;appel de Dieu et comment s&rsquo;est-il manifest\u00e9 dans ta vie ? Pourquoi sal\u00e9sien ?<br \/>\n<\/strong>En tant qu&rsquo;enfant de ch\u0153ur dans ma paroisse pendant de nombreuses ann\u00e9es, mon int\u00e9r\u00eat pour la vie sacerdotale a germ\u00e9 et s&rsquo;est d\u00e9velopp\u00e9. Adolescent, j&rsquo;\u00e9tais capable de diriger des cours de cat\u00e9chisme en l&rsquo;absence de pr\u00eatres ou de religieuses, et m\u00eame de diriger des services de pri\u00e8re dans ma communaut\u00e9 paroissiale locale. J&rsquo;\u00e9tais activement impliqu\u00e9 dans le secteur de la pastorale des jeunes de ma paroisse. \u00catre un leader ou un organisateur a toujours fait partie de ma vie. J&rsquo;ai choisi la vie sal\u00e9sienne en raison de mon milieu paroissial, du lien de ma famille avec les Sal\u00e9siens et de mon int\u00e9r\u00eat sinc\u00e8re pour l&rsquo;\u00e9ducation des jeunes. Je n&rsquo;ai jamais regard\u00e9 en arri\u00e8re apr\u00e8s \u00eatre entr\u00e9 au s\u00e9minaire sal\u00e9sien en Birmanie. Je crois que la Vierge Marie m&rsquo;a conduit \u00e0 Don Bosco.<\/p>\n<p><strong>Quels ont \u00e9t\u00e9 les moments ou les personnes qui t\u2019ont marqu\u00e9 dans ton parcours de discernement ?<br \/>\n<\/strong>Ce fut un beau d\u00e9fi de r\u00e9ussir l&rsquo;examen de fin d&rsquo;\u00e9tudes secondaires en Birmanie. Beaucoup ont essay\u00e9 plusieurs fois et ont \u00e9chou\u00e9. J&rsquo;ai fait un compromis avec Dieu pour entrer au s\u00e9minaire apr\u00e8s avoir r\u00e9ussi mon premier essai. Dieu a \u00e9cout\u00e9 mon d\u00e9fi et m&rsquo;a ouvert la voie. Avec le soutien de ma famille et de mes paroissiens, je suis entr\u00e9 au s\u00e9minaire sal\u00e9sien d&rsquo;Anisakan en Birmanie apr\u00e8s le lyc\u00e9e. La vie est pleine de surprises ! Les rebondissements dans la vocation sont normaux car nous ne savons pas o\u00f9 le bon Dieu nous m\u00e8ne. Avec ma famille, j&rsquo;ai \u00e9migr\u00e9 en Australie en 1994 et j&rsquo;ai poursuivi mon parcours sal\u00e9sien \u00e0 Melbourne. Je sais que ma famille, surtout ma m\u00e8re et de nombreux amis, me soutient toujours et prie pour ma pers\u00e9v\u00e9rance dans la vocation.<\/p>\n<p><strong>Y a-t-il un \u00e9pisode qui t\u2019a particuli\u00e8rement marqu\u00e9 dans ta formation sal\u00e9sienne ?<br \/>\n<\/strong>La formation sal\u00e9sienne que j&rsquo;ai re\u00e7ue en tant qu&rsquo;aspirant en Birmanie m&rsquo;a fourni une base solide. De nombreux Sal\u00e9siens que j&rsquo;ai rencontr\u00e9s en Birmanie m&rsquo;ont inspir\u00e9 \u00e0 vivre ma vie de Sal\u00e9sien pour le bien des jeunes. Un certain nombre de Sal\u00e9siens plus \u00e2g\u00e9s de la province australienne ont \u00e9galement jou\u00e9 un r\u00f4le de mod\u00e8les extraordinaires dans ma vie. Leur saintet\u00e9, leur g\u00e9n\u00e9rosit\u00e9 et leur simplicit\u00e9 \u00e9taient in\u00e9gal\u00e9es et j&rsquo;ai beaucoup appris d&rsquo;eux pour \u00eatre un meilleur Sal\u00e9sien.<\/p>\n<p><strong>Quelle est la plus grande joie de ton minist\u00e8re ? Et la plus grande difficult\u00e9 ?<br \/>\n<\/strong>La plus grande joie de ma vie est d&rsquo;\u00eatre avec les jeunes, les pauvres, les r\u00e9fugi\u00e9s et les migrants dans la c\u00e9l\u00e9bration des sacrements. Ils sont le sens et le but de ma vie et de mon minist\u00e8re. Cela me procure une grande satisfaction de savoir que nous rencontrons J\u00e9sus dans les autres. Pourtant, il y a des moments difficiles o\u00f9 je suis incompris par les autres, et je dois faire face \u00e0 des personnes qui traitent les autres diff\u00e9remment en raison de la race, du sexe, des ant\u00e9c\u00e9dents ou de la culture.<\/p>\n<p><strong>Quels d\u00e9fis vois-tu aujourd&rsquo;hui dans l&rsquo;accompagnement des jeunes, et quels outils sal\u00e9siens te semblent encore efficaces ?<br \/>\n<\/strong>Les Sal\u00e9siens doivent \u00eatre accept\u00e9s par les jeunes avant de les accompagner. C&rsquo;est pourquoi Don Bosco veut que ses Sal\u00e9siens se fassent aimer. La pr\u00e9sence sal\u00e9sienne est la premi\u00e8re \u00e9tape importante et aidera les Sal\u00e9siens \u00e0 se faire conna\u00eetre des jeunes. Quant \u00e0 l&rsquo;outil, l&rsquo;utilisation du Syst\u00e8me Pr\u00e9ventif est le meilleur moyen d&rsquo;accompagner les jeunes \u00e0 voir J\u00e9sus et \u00e0 \u00eatre comme J\u00e9sus pour les autres.<\/p>\n<p><strong>Pourrais-tu partager une exp\u00e9rience particuli\u00e8rement significative avec les jeunes ou dans ta mission ?<br \/>\n<\/strong>Une exp\u00e9rience significative avec les jeunes dans ma vie et ma mission a \u00e9t\u00e9 de passer du temps avec des r\u00e9fugi\u00e9s, des migrants et des travailleurs migrants de Birmanie [Myanmar] en Australie, en Nouvelle-Z\u00e9lande et en Tha\u00eflande. Ils ont toujours besoin de soutien spirituel et moral, et ils appr\u00e9cient immens\u00e9ment m\u00eame le peu de temps et la pr\u00e9sence que je partage avec eux. Les rejoindre et passer du temps avec eux a toujours \u00e9t\u00e9 une exp\u00e9rience enrichissante pour moi en tant que fils de Don Bosco.<br \/>\n<strong><br \/>\nComment te maintiens-tu en forme spirituellement et humainement dans les difficult\u00e9s ?<br \/>\n<\/strong>Rester actif et en bonne sant\u00e9, tant spirituellement que physiquement, est tr\u00e8s important pour surmonter les d\u00e9fis de la vie, en particulier ceux qui \u00e9chappent \u00e0 mon contr\u00f4le. Compter sur le calme et la gentillesse, ainsi que sur la gr\u00e2ce de Dieu \u00e0 travers une vie spirituelle et physique saine, m&rsquo;aide \u00e0 surmonter mes moments difficiles.<\/p>\n<p><strong>Y a-t-il une figure (outre Don Bosco) qui t\u2019a particuli\u00e8rement inspir\u00e9 dans ta vie spirituelle ?<br \/>\n<\/strong>Outre Don Bosco, il y a Marie, la m\u00e8re de J\u00e9sus-Christ, qui m&rsquo;a inspir\u00e9 dans ma vie de service pour le bien des autres. Marie a accept\u00e9 la Parole de Dieu et l&rsquo;a rendue r\u00e9alit\u00e9 sans peur ni tremblement. Elle \u00e9tait confiante, calme, gentille et joyeuse en faisant la volont\u00e9 de Dieu comme premi\u00e8re disciple fid\u00e8le. Avec Marie comme mod\u00e8le et guide, un Sal\u00e9sien peut aller tr\u00e8s loin dans son minist\u00e8re.<\/p>\n<p><strong>Quels sont aujourd&rsquo;hui les grands d\u00e9fis de l&rsquo;\u00e9vang\u00e9lisation et de la mission ?<br \/>\n<\/strong>Le mat\u00e9rialisme et l&rsquo;individualisme sont les grands d\u00e9fis de l&rsquo;\u00e9vang\u00e9lisation et de la mission aujourd&rsquo;hui. Les gens doivent embrasser la beaut\u00e9 et la simplicit\u00e9 de l&rsquo;humanit\u00e9 pour vivre en paix et en harmonie en suivant les enseignements de J\u00e9sus-Christ qui est le chemin, la v\u00e9rit\u00e9 et la vie.<\/p>\n<p><strong>Collabores-tu avec les la\u00efcs, avec les Filles de Marie Auxiliatrice (FMA), avec d&rsquo;autres membres de la Famille Sal\u00e9sienne ?<br \/>\n<\/strong>En tant que Sal\u00e9sien, la collaboration avec les membres de la Famille Sal\u00e9sienne, en particulier les la\u00efcs, est tr\u00e8s importante. Sans eux, nous ne progresserons pas. Je les encourage, les soutiens et travaille avec eux de toutes les mani\u00e8res possibles.<\/p>\n<p><strong>Projets pour l&rsquo;avenir ? R\u00eaves ? Initiatives ?<br \/>\n<\/strong>Mes plans ou r\u00eaves ne sont pas personnels mais ceux de Don Bosco pour aider les jeunes \u00e0 devenir de \u00ab\u00a0bons chr\u00e9tiens et d&rsquo;honn\u00eates citoyens\u00a0\u00bb dans tous les coins du monde, en particulier dans les pays et les lieux o\u00f9 ils rencontrent des difficult\u00e9s et des d\u00e9fis.<\/p>\n<p><strong>Quel conseil donnerais-tu \u00e0 un jeune qui se sent appel\u00e9 \u00e0 la vie religieuse ?<br \/>\n<\/strong>N&rsquo;ayez pas peur, faites seulement confiance au Seigneur qui agira \u00e0 travers vous pour SA grande gloire. Venez et donnez-vous totalement au Seigneur et Il vous m\u00e8nera l\u00e0 o\u00f9 on a besoin de vous.<\/p>\n<p><strong>As-tu un message pour la Famille Sal\u00e9sienne ?<br \/>\n<\/strong>Mon message \u00e0 la Famille Sal\u00e9sienne est de rester unis, de prier ensemble et de travailler ensemble dans l&rsquo;esprit de Saint Jean Bosco sous la direction maternelle de Notre-Dame Auxiliatrice.<\/p>\n","protected":false},"excerpt":{"rendered":"<p>Nous faisons la connaissance du p\u00e8re William Matthews, sal\u00e9sien d&rsquo;origine birmane ayant grandi en Australie,&#8230;<\/p>\n","protected":false},"author":1,"featured_media":47382,"comment_status":"closed","ping_status":"closed","sticky":false,"template":"","format":"standard","meta":{"iawp_total_views":4,"footnotes":""},"categories":[126],"tags":[1716,2194,2580,2186,2606,1956],"class_list":["post-47389","post","type-post","status-publish","format-standard","has-post-thumbnail","hentry","category-linvite","tag-charisme-salesien","tag-education","tag-evenement","tag-jesus","tag-nos-guides","tag-salesiens"],"_links":{"self":[{"href":"https:\/\/www.donbosco.press\/fr\/wp-json\/wp\/v2\/posts\/47389","targetHints":{"allow":["GET"]}}],"collection":[{"href":"https:\/\/www.donbosco.press\/fr\/wp-json\/wp\/v2\/posts"}],"about":[{"href":"https:\/\/www.donbosco.press\/fr\/wp-json\/wp\/v2\/types\/post"}],"author":[{"embeddable":true,"href":"https:\/\/www.donbosco.press\/fr\/wp-json\/wp\/v2\/users\/1"}],"replies":[{"embeddable":true,"href":"https:\/\/www.donbosco.press\/fr\/wp-json\/wp\/v2\/comments?post=47389"}],"version-history":[{"count":1,"href":"https:\/\/www.donbosco.press\/fr\/wp-json\/wp\/v2\/posts\/47389\/revisions"}],"predecessor-version":[{"id":47397,"href":"https:\/\/www.donbosco.press\/fr\/wp-json\/wp\/v2\/posts\/47389\/revisions\/47397"}],"wp:featuredmedia":[{"embeddable":true,"href":"https:\/\/www.donbosco.press\/fr\/wp-json\/wp\/v2\/media\/47382"}],"wp:attachment":[{"href":"https:\/\/www.donbosco.press\/fr\/wp-json\/wp\/v2\/media?parent=47389"}],"wp:term":[{"taxonomy":"category","embeddable":true,"href":"https:\/\/www.donbosco.press\/fr\/wp-json\/wp\/v2\/categories?post=47389"},{"taxonomy":"post_tag","embeddable":true,"href":"https:\/\/www.donbosco.press\/fr\/wp-json\/wp\/v2\/tags?post=47389"}],"curies":[{"name":"wp","href":"https:\/\/api.w.org\/{rel}","templated":true}]}}