{"id":54574,"date":"2026-09-01T06:04:38","date_gmt":"2026-09-01T06:04:38","guid":{"rendered":"https:\/\/www.donbosco.press\/?p=54574"},"modified":"2026-09-01T06:04:55","modified_gmt":"2026-09-01T06:04:55","slug":"tiempo-de-la-creacion-1-de-septiembre-4-de-octubre","status":"publish","type":"post","link":"https:\/\/www.donbosco.press\/es\/pastoral-juvenil-es\/tiempo-de-la-creacion-1-de-septiembre-4-de-octubre\/","title":{"rendered":"Tiempo de la Creaci\u00f3n: 1 de septiembre &#8211; 4 de octubre"},"content":{"rendered":"<p><em><i>Del 1 de septiembre al 4 de octubre, desde la Jornada de Oraci\u00f3n por la Creaci\u00f3n hasta la fiesta de San Francisco de As\u00eds, las comunidades cristianas de todo el mundo celebran el Tiempo de la Creaci\u00f3n. El tema de 2026, \u00abAgua viva\u00bb, nace de la visi\u00f3n de Ezequiel: un r\u00edo que brota del santuario de Dios y sana la tierra. Una imagen de esperanza que contrasta con la realidad de hoy, donde una de cada cuatro personas no tiene acceso a agua potable segura y ecosistemas acu\u00e1ticos enteros est\u00e1n colapsando. Para la Familia Salesiana es una ocasi\u00f3n preciosa: educar a los j\u00f3venes \u2013los m\u00e1s afectados por la eco-ansiedad, los menos responsables de la crisis\u2013 para que se conviertan en custodios de la creaci\u00f3n, a trav\u00e9s de la oraci\u00f3n, la conversi\u00f3n del estilo de vida y acciones concretas.<\/i><\/em><\/p>\n<p>&nbsp;<\/p>\n<p>&nbsp;<\/p>\n<p>Las cuestiones ambientales est\u00e1n claramente en el centro de atenci\u00f3n hoy en d\u00eda. En todo el mundo asistimos a los efectos devastadores del cambio clim\u00e1tico, la contaminaci\u00f3n atmosf\u00e9rica, la contaminaci\u00f3n de las aguas, la contaminaci\u00f3n por pl\u00e1sticos, la acidificaci\u00f3n de los oc\u00e9anos y la p\u00e9rdida de biodiversidad. Aunque estos problemas afectan a todas las naciones y a todos los pueblos, son las comunidades m\u00e1s pobres las que sufren cada vez m\u00e1s a causa de la crisis ambiental. Del mismo modo, mientras que los problemas ambientales preocupan a personas de todas las edades, a menudo son los j\u00f3venes quienes sufren de una grave eco-ansiedad. Lamentablemente, los j\u00f3venes y los pobres se ven afectados de manera desproporcionada por la crisis ambiental en continua escalada, una crisis de la que no son responsables.<\/p>\n<p>&nbsp;<\/p>\n<p>En esta preocupante situaci\u00f3n, el \u00abTiempo de la Creaci\u00f3n\u00bb es un poderoso recordatorio anual de que Dios nos ha llamado a ser administradores y custodios del mundo natural, no consumidores ego\u00edstas e imprudentes de la naturaleza. Esta celebraci\u00f3n ecum\u00e9nica anual, que tiene lugar del 1 de septiembre al 4 de octubre, re\u00fane a todas las comunidades cristianas para orar y actuar a favor de la protecci\u00f3n ambiental y la sostenibilidad. El Tiempo de la Creaci\u00f3n comienza con la \u00abJornada de Oraci\u00f3n por la Creaci\u00f3n\u00bb y concluye con la fiesta de San Francisco de As\u00eds, patr\u00f3n de la ecolog\u00eda. Se trata de un tiempo especial, durante el cual estamos invitados a renovar nuestra relaci\u00f3n con el Creador y con toda la creaci\u00f3n a trav\u00e9s de la celebraci\u00f3n, la conversi\u00f3n y el compromiso com\u00fan.<\/p>\n<p>&nbsp;<\/p>\n<p><strong><b>Tiempo de la Creaci\u00f3n 2026<\/b><\/strong><\/p>\n<p>Cada a\u00f1o, el Comit\u00e9 Directivo propone un tema para la celebraci\u00f3n del Tiempo de la Creaci\u00f3n. Toda la celebraci\u00f3n se desarrolla seg\u00fan los tres pilares que ya hemos visto: oraci\u00f3n, reflexi\u00f3n y acci\u00f3n. El tema se basa en un pasaje b\u00edblico que orienta los momentos de oraci\u00f3n, la reflexi\u00f3n sobre la propia vida y las posibles v\u00edas de acci\u00f3n.<\/p>\n<p>&nbsp;<\/p>\n<p>El tema del Tiempo de la Creaci\u00f3n 2026 es \u00abAgua viva\u00bb y se inspira en Ezequiel 47,9-12, una visi\u00f3n b\u00edblica de esperanza y sanaci\u00f3n. En un contexto de exilio y p\u00e9rdida, la imagen del agua viva que brota del santuario de Dios revela una sanaci\u00f3n divina que renueva la tierra, el agua, la biodiversidad y la responsabilidad humana hacia toda la creaci\u00f3n.<\/p>\n<p>&nbsp;<\/p>\n<p>Lamentablemente, la realidad actual contrasta fuertemente con la visi\u00f3n de Ezequiel del agua que fluye en abundancia. Seg\u00fan las estad\u00edsticas presentadas por las Naciones Unidas sobre la actual crisis h\u00eddrica, 1.700 millones de personas no disponen de servicios de saneamiento b\u00e1sico en sus hogares y 2.100 millones de personas a\u00fan no tienen acceso a agua potable segura, \u00a1es decir, 1 de cada 4 personas en el mundo! Con la intensificaci\u00f3n del cambio clim\u00e1tico y el aumento de la extracci\u00f3n de aguas subterr\u00e1neas, varios pa\u00edses est\u00e1n alcanzando ahora el llamado \u00abpunto de quiebra h\u00eddrica\u00bb, es decir, una condici\u00f3n caracterizada por p\u00e9rdidas irreversibles del capital h\u00eddrico natural.<\/p>\n<p>&nbsp;<\/p>\n<p>La crisis h\u00eddrica en muchas partes del mundo est\u00e1 empujando a las personas a la migraci\u00f3n, causando la p\u00e9rdida de sus hogares y de su cultura. El impacto sobre los ecosistemas y la biodiversidad tambi\u00e9n es devastador. Seg\u00fan el \u00abFondo Mundial para la Naturaleza\u00bb (WWF), estamos asistiendo a un declive catastr\u00f3fico de la fauna acu\u00e1tica, con poblaciones de agua dulce que han disminuido en un incre\u00edble 85 por ciento y las marinas en un 56 por ciento en los \u00faltimos 50 a\u00f1os.<\/p>\n<p>&nbsp;<\/p>\n<p>Sin embargo, volviendo a la visi\u00f3n de Ezequiel, es importante recordar que se trata, en definitiva, de una visi\u00f3n de esperanza. A pesar de las situaciones preocupantes a las que asistimos, como colaboradores del Creador, estamos llamados a desempe\u00f1ar nuestro papel para hacer que el agua sea accesible a todas las comunidades. En muchas partes del mundo, vemos c\u00f3mo grupos y organizaciones cristianas han promovido la salvaguardia, la gesti\u00f3n responsable y la distribuci\u00f3n equitativa del agua para todos. Se excavan pozos y se suministra agua a parroquias, aldeas y centros de salud, partiendo de la conciencia de que el agua es un don de Dios y de que el acceso al agua potable es un derecho humano fundamental. La visi\u00f3n de Ezequiel se est\u00e1 haciendo realidad: vemos r\u00edos que vuelven a fluir, fuentes de agua protegidas de la contaminaci\u00f3n y tierras \u00e1ridas que vuelven a reverdecer. \u00a1Esto es lo que celebramos durante el Tiempo de la Creaci\u00f3n! Y mientras nos alegramos por el bien que ya se est\u00e1 logrando, \u00a1nos comprometemos a garantizar que el don de Dios, el agua viva, siga fluyendo!<\/p>\n<p>&nbsp;<\/p>\n<p><strong><b>Llamado a la acci\u00f3n<\/b><\/strong><\/p>\n<p>Como hemos observado anteriormente, el Tiempo de la Creaci\u00f3n se celebra a trav\u00e9s de la oraci\u00f3n, la reflexi\u00f3n sobre nuestro estilo de vida y la acci\u00f3n prof\u00e9tica. Tambi\u00e9n este a\u00f1o, con el tema del Agua viva, estamos llamados a emprender algunas acciones significativas, de las que hay una gran necesidad en nuestro tiempo. Se trata de acciones que podr\u00edan llevarse a cabo en nuestros oratorios, centros juveniles, parroquias, escuelas y otras comunidades.<\/p>\n<p>&nbsp;<\/p>\n<p>Algunas de las \u00abacciones prof\u00e9ticas\u00bb que la <em><i>Gu\u00eda del Tiempo de la Creaci\u00f3n<\/i><\/em> de este a\u00f1o nos propone son: comprometerse para que todas las personas tengan acceso a alimentos nutritivos y seguros; abstenerse de la contaminaci\u00f3n h\u00eddrica da\u00f1ina y denunciarla, instando al mismo tiempo a los gobiernos, las autoridades locales, la industria y la agricultura a actuar de manera responsable y a proteger las fuentes h\u00eddricas; actuar para que las familias, las escuelas, los centros de salud y los lugares de culto tengan acceso a agua limpia y a servicios de saneamiento adecuados; promover la educaci\u00f3n ambiental para favorecer un cuidado hol\u00edstico de la creaci\u00f3n; comprometerse a plantar \u00e1rboles, ya que estos absorben la contaminaci\u00f3n por carbono, previenen la erosi\u00f3n, reducen las inundaciones, proporcionan alimentos y medicinas y refrescan los entornos urbanos; encontrar formas de cuidar nuestros oc\u00e9anos, que se enfrentan a crecientes amenazas debido al vertido de residuos, la sobrepesca, la contaminaci\u00f3n y la miner\u00eda en aguas profundas; y la restauraci\u00f3n y protecci\u00f3n de los ecosistemas y la biodiversidad en nuestras iglesias, en nuestros hogares y en nuestras comunidades.<\/p>\n<p>&nbsp;<\/p>\n<p>Viviendo hoy en la era digital, la Gu\u00eda propone adem\u00e1s que nosotros \u2013y en particular los j\u00f3venes\u2013 podr\u00edamos involucrarnos en una campa\u00f1a de concienciaci\u00f3n digital, publicando en las redes sociales utilizando el hashtag #SeasonofCreation. A trav\u00e9s de esta campa\u00f1a digital, podr\u00edamos destacar r\u00edos, lagos o humedales contaminados o en peligro de extinci\u00f3n; compartir historias de comunidades afectadas por la escasez de agua; pedir p\u00fablicamente una intervenci\u00f3n urgente respecto a las cuestiones h\u00eddricas locales; y celebrar los pasos positivos dados por los gobiernos y las comunidades. Las redes sociales son hoy una poderosa plataforma para apoyar las causas sociales y pueden amplificar las voces de las comunidades de fe m\u00e1s all\u00e1 de los muros de la iglesia.<\/p>\n<p>&nbsp;<\/p>\n<p><strong><b>Celebrar el Tiempo como Familia Salesiana<\/b><\/strong><\/p>\n<p>Como nos record\u00f3 el Papa Le\u00f3n XIV con motivo de la inauguraci\u00f3n del Borgo Laudato Si&#8217; en Castel Gandolfo en septiembre de 2025: \u00abEl cuidado de la creaci\u00f3n es verdaderamente una vocaci\u00f3n para todo ser humano. Somos criaturas entre las criaturas, a quienes se ha confiado la responsabilidad de cuidar de todo lo que el Creador ha hecho\u00bb. Es importante subrayar que nuestra determinaci\u00f3n de cuidar la creaci\u00f3n no debe quedarse solo en palabras, sino que debe traducirse en acciones; esto es lo que el Papa Le\u00f3n XIV subray\u00f3 en su mensaje a la COP30 en Bel\u00e9m en noviembre de 2025: \u00abDebemos transformar palabras y reflexiones en opciones y acciones basadas en la responsabilidad, la justicia y la equidad\u00bb.<\/p>\n<p>&nbsp;<\/p>\n<p>El Tiempo de la Creaci\u00f3n es una excelente ocasi\u00f3n para nosotros los salesianos para educar a los j\u00f3venes en su responsabilidad de cuidar la creaci\u00f3n de Dios y para involucrarlos activamente en programas ambientales significativos. Aunque hay muchas formas en las que podr\u00edamos involucrar a los j\u00f3venes en el cuidado del medio ambiente seg\u00fan las necesidades locales, aqu\u00ed hay dos oportunidades que podr\u00edamos aprovechar como Familia Salesiana global.<\/p>\n<p>&nbsp;<\/p>\n<p>Una de las actividades en preparaci\u00f3n para la Jornada Mundial de la Juventud 2027 es un proyecto de plantaci\u00f3n de \u00e1rboles denominado \u00abCampa\u00f1a Breath of Life\u00bb. El sitio web oficial de la JMJ explica que \u00abse trata de algo m\u00e1s que una simple iniciativa ambiental. Es un acto de fe destinado a preservar el orden de la creaci\u00f3n y un paso concreto hacia la neutralidad de carbono, arraigado en nuestra fe en Dios\u00bb. El Sector de la Pastoral Juvenil Salesiana ha invitado a los miembros del Movimiento Juvenil Salesiano de todo el mundo a participar en la Campa\u00f1a \u00abBreath of Life\u00bb, que tendr\u00e1 lugar del 27 de septiembre de 2026 al 4 de octubre de 2026, es decir, en la \u00faltima semana del Tiempo de la Creaci\u00f3n. Se trata de una iniciativa verdaderamente significativa a trav\u00e9s de la cual el Movimiento Juvenil Salesiano puede celebrar el Tiempo de la Creaci\u00f3n y prepararse al mismo tiempo para la Jornada Mundial de la Juventud.<\/p>\n<p>&nbsp;<\/p>\n<p>En segundo lugar, con motivo del D\u00eda de la Tierra (22 de abril) de este a\u00f1o, el Sector de la Pastoral Juvenil ha lanzado la \u00abGu\u00eda parroquial Laudato Si'\u00bb, una herramienta pr\u00e1ctica para ayudar a las parroquias salesianas a convertirse en \u00abParroquias Laudato Si'\u00bb. Esta gu\u00eda ofrece sugerencias concretas para alcanzar cada uno de los Siete Objetivos propuestos por la Plataforma de Acci\u00f3n Laudato Si&#8217;. Al presentar esta gu\u00eda parroquial, don Rafael Bejarano, Consejero General para la Pastoral Juvenil, afirm\u00f3: \u00abA trav\u00e9s de estas directrices para nuestras parroquias, ofrecemos un camino salesiano para involucrar a los j\u00f3venes y a todos los miembros de la comunidad parroquial para que desempe\u00f1en un papel activo y concreto en el cuidado de nuestra casa com\u00fan\u00bb.<\/p>\n<p>&nbsp;<\/p>\n<p><strong><b>Conclusi\u00f3n<\/b><\/strong><\/p>\n<p>En el Proyecto sexenal para la Congregaci\u00f3n Salesiana (2025-2031), el Rector Mayor, don Fabio Attard, afirma: \u00abEl compromiso de la Iglesia por la ecolog\u00eda integral ha sido asumido por la Congregaci\u00f3n y debe ser fortalecido con una visi\u00f3n de inspiraci\u00f3n carism\u00e1tica. Que el compromiso de los j\u00f3venes por el bien com\u00fan y por nuestra casa com\u00fan est\u00e9 cada vez m\u00e1s arraigado a nivel local, con los j\u00f3venes desempe\u00f1ando un papel protagonista, compartiendo las opciones y participando activa y concretamente\u00bb (ACG 446).<\/p>\n<p>&nbsp;<\/p>\n<p>El Tiempo de la Creaci\u00f3n es para nosotros una ocasi\u00f3n para poner en pr\u00e1ctica nuestra determinaci\u00f3n de formar parte del \u00abcompromiso de la Iglesia por la ecolog\u00eda integral\u00bb. A trav\u00e9s de las diversas actividades que llevamos a cabo durante este tiempo, los j\u00f3venes tienen la posibilidad de desempe\u00f1ar un papel protagonista en el cuidado concreto de nuestra casa com\u00fan y en la promoci\u00f3n del bien com\u00fan. Los momentos de oraci\u00f3n, una reflexi\u00f3n sincera sobre el propio estilo de vida y acciones concretas pueden sin duda permitirnos redescubrir nuestro lugar \u00fanico en la creaci\u00f3n de Dios y llevarnos a renovar nuestro compromiso de cumplir con nuestra responsabilidad como custodios del mundo natural que Dios nos ha dado.<\/p>\n<p>&nbsp;<\/p>\n<p>Mientras celebramos este per\u00edodo con nuestros j\u00f3venes, dej\u00e9monos guiar por las palabras que el Papa Le\u00f3n XIV dirigi\u00f3 a los j\u00f3venes en julio de 2025. \u00abSois j\u00f3venes, llenos de ideas y entusiasmo. Quer\u00e9is conquistar el mundo no para subyugarlo, sino para servir a la vida que viene de Dios. La humildad, el esp\u00edritu de servicio y una relaci\u00f3n profunda con Cristo os permiten arraigar en vosotros mismos los valores cristianos. Solo la conversi\u00f3n interior hace posible cambiar h\u00e1bitos y mentalidades, traduci\u00e9ndose en una nueva forma de vivir en comuni\u00f3n con el medio ambiente\u00bb.<\/p>\n<p>&nbsp;<\/p>\n<p>&nbsp;<\/p>\n<p><em><i>don Savio Silveira, sdb<\/i><\/em><\/p>\n<p><em><i>Coordinador: Ecolog\u00eda integral<\/i><\/em><\/p>\n<p><em><i>Sector de Pastoral Juvenil<\/i><\/em><\/p>\n<p>&nbsp;<\/p>\n","protected":false},"excerpt":{"rendered":"<p>Del 1 de septiembre al 4 de octubre, desde la Jornada de Oraci\u00f3n por la&#8230;<\/p>\n","protected":false},"author":1,"featured_media":54568,"comment_status":"closed","ping_status":"closed","sticky":false,"template":"","format":"standard","meta":{"iawp_total_views":4,"footnotes":""},"categories":[548],"tags":[2582,1840,2032],"class_list":["post-54574","post","type-post","status-publish","format-standard","has-post-thumbnail","hentry","category-pastoral-juvenil-es","tag-eventos","tag-iniciativas","tag-vida"],"_links":{"self":[{"href":"https:\/\/www.donbosco.press\/es\/wp-json\/wp\/v2\/posts\/54574","targetHints":{"allow":["GET"]}}],"collection":[{"href":"https:\/\/www.donbosco.press\/es\/wp-json\/wp\/v2\/posts"}],"about":[{"href":"https:\/\/www.donbosco.press\/es\/wp-json\/wp\/v2\/types\/post"}],"author":[{"embeddable":true,"href":"https:\/\/www.donbosco.press\/es\/wp-json\/wp\/v2\/users\/1"}],"replies":[{"embeddable":true,"href":"https:\/\/www.donbosco.press\/es\/wp-json\/wp\/v2\/comments?post=54574"}],"version-history":[{"count":1,"href":"https:\/\/www.donbosco.press\/es\/wp-json\/wp\/v2\/posts\/54574\/revisions"}],"predecessor-version":[{"id":54575,"href":"https:\/\/www.donbosco.press\/es\/wp-json\/wp\/v2\/posts\/54574\/revisions\/54575"}],"wp:featuredmedia":[{"embeddable":true,"href":"https:\/\/www.donbosco.press\/es\/wp-json\/wp\/v2\/media\/54568"}],"wp:attachment":[{"href":"https:\/\/www.donbosco.press\/es\/wp-json\/wp\/v2\/media?parent=54574"}],"wp:term":[{"taxonomy":"category","embeddable":true,"href":"https:\/\/www.donbosco.press\/es\/wp-json\/wp\/v2\/categories?post=54574"},{"taxonomy":"post_tag","embeddable":true,"href":"https:\/\/www.donbosco.press\/es\/wp-json\/wp\/v2\/tags?post=54574"}],"curies":[{"name":"wp","href":"https:\/\/api.w.org\/{rel}","templated":true}]}}