{"id":49797,"date":"2026-03-17T08:02:11","date_gmt":"2026-03-17T08:02:11","guid":{"rendered":"https:\/\/www.donbosco.press\/?p=49797"},"modified":"2026-03-31T12:42:46","modified_gmt":"2026-03-31T12:42:46","slug":"don-bosco-y-san-jose","status":"publish","type":"post","link":"https:\/\/www.donbosco.press\/es\/don-bosco\/don-bosco-y-san-jose\/","title":{"rendered":"Don Bosco y san Jos\u00e9"},"content":{"rendered":"<p><em><i>Entre los santos m\u00e1s venerados por Don Bosco, san Jos\u00e9 ocupa un lugar de especial relieve. El Santo Piamont\u00e9s profundiz\u00f3 en su figura a trav\u00e9s de escritos, devociones cotidianas y elecciones concretas, reconociendo en \u00e9l un modelo \u00fanico de humildad y servicio silencioso a Dios. Patr\u00f3n del Oratorio, protector de los artesanos y de los estudiantes, poderoso intercesor por los moribundos: san Jos\u00e9 acompa\u00f1\u00f3 a Don Bosco en cada aspecto de su misi\u00f3n educativa y espiritual. Descubramos juntos c\u00f3mo esta devoci\u00f3n molde\u00f3 a la Familia Salesiana y sigue inspirando hoy a cuantos caminan tras las huellas de Don Bosco.<br \/>\n<\/i><\/em><\/p>\n<p><strong><b>La devoci\u00f3n de Don Bosco<br \/>\n<\/b><\/strong>\u00a0\u00a0\u00a0\u00a0\u00a0\u00a0\u00a0\u00a0\u00a0\u00a0\u00a0 La misi\u00f3n de san Jos\u00e9 era \u00fanica, completamente distinta a la de todos los dem\u00e1s, escribe Don Bosco en el prefacio a la <em><i>Vida de s. Jos\u00e9, Esposo de Mar\u00eda SS. y Padre putativo de J. Cristo<\/i><\/em>:<\/p>\n<p>San Jos\u00e9 hab\u00eda recibido de Dios una misi\u00f3n totalmente opuesta a la de los ap\u00f3stoles. Estos ten\u00edan el encargo de dar a <em><i>conocer<\/i><\/em> a Jes\u00fas; Jos\u00e9 deb\u00eda <em><i>mantenerlo oculto<\/i><\/em>; aquellos deb\u00edan ser <em><i>antorchas<\/i><\/em> que lo mostraran al mundo, este un velo que lo cubriera. Por tanto, Jos\u00e9 no era para s\u00ed, sino para Jesucristo. Estaba, pues, en la econom\u00eda de la Divina Providencia que san Jos\u00e9 se mantuviera en la sombra, mostr\u00e1ndose solo lo necesario para autentificar la legitimidad del matrimonio con Mar\u00eda, y despejar toda sospecha sobre la de Jes\u00fas (OE17 283s).<\/p>\n<p>La primera gran crisis en la vida de Jos\u00e9 ocurri\u00f3 cuando Mar\u00eda regres\u00f3 de la visita a su prima Isabel. Leemos en la misma <em><i>Vida<\/i><\/em>:<\/p>\n<p>El regreso de Mar\u00eda [de casa de Isabel] preparaba a Jos\u00e9 una prueba que ser\u00eda el preludio de muchas otras. No tard\u00f3 en darse cuenta de que Mar\u00eda se encontraba en estado interesante y, por tanto, le atormentaban mortales inquietudes (OE17 311).<\/p>\n<p>\u00bfQu\u00e9 hacer? \u00abEn esta incertidumbre resolvi\u00f3 abandonarla y expatriarse para cargar \u00fanicamente sobre s\u00ed toda la odiosidad de tal separaci\u00f3n. De hecho, ya hab\u00eda hecho sus preparativos para la partida, cuando un \u00e1ngel descendi\u00f3 del cielo para tranquilizarlo\u00bb:<\/p>\n<p>Jos\u00e9, hijo de David \u2014le dijo el mensajero celestial\u2014, no temas recibir a Mar\u00eda por esposa tuya, porque lo que en ella ha sido concebido es <em><i>obra del Esp\u00edritu Santo<\/i><\/em>. Ella dar\u00e1 a luz un hijo al que pondr\u00e1s por nombre Jes\u00fas, porque \u00e9l librar\u00e1 a su pueblo de sus pecados. Desde entonces, Jos\u00e9, completamente tranquilizado, concibi\u00f3 la m\u00e1s alta veneraci\u00f3n por su casta esposa. Vio en ella el <em><i>tabern\u00e1culo viviente<\/i><\/em> del Alt\u00edsimo, y sus cuidados no fueron sino m\u00e1s tiernos y respetuosos (OE17 312).<\/p>\n<p>En los <em><i>Hechos gratos de la vida de P\u00edo IX<\/i><\/em>, Don Bosco recuerda que el bajorrelieve que adorna el pedestal de la columna erigida en Roma en honor a la inmaculada concepci\u00f3n de Mar\u00eda representa a \u00absan Jos\u00e9 advertido por el \u00e1ngel, durante el sue\u00f1o, del misterio de la encarnaci\u00f3n\u00bb (OE23 96).<\/p>\n<p><strong><b>San Jos\u00e9 en la Familia Salesiana<br \/>\n<\/b><\/strong>\u00a0\u00a0\u00a0\u00a0\u00a0\u00a0\u00a0\u00a0\u00a0\u00a0\u00a0 En el d\u00eda de la Solemnidad de San Jos\u00e9, la Familia Salesiana puede mirar a Don Bosco para aprender de \u00e9l c\u00f3mo seguir al <em><i>padre adoptivo<\/i><\/em> de Jes\u00fas.<\/p>\n<p>De muchos escritos de Don Bosco se desprende cu\u00e1nto amaba el Santo Piamont\u00e9s a san Jos\u00e9: lo hab\u00eda nombrado entre los patronos del Oratorio, hab\u00eda puesto a los artesanos bajo su protecci\u00f3n y lo hab\u00eda proclamado\u2026 protector de los ex\u00e1menes para los estudiantes.<br \/>\nDe san Jos\u00e9, Don Bosco subraya en particular la misi\u00f3n de ser el protector de los moribundos. En el texto del <em><i>Joven<\/i><\/em> <em><i>instruido<\/i><\/em>, escribe:<\/p>\n<p>San Jos\u00e9, habiendo tenido la envidiable suerte de morir asistido por Jes\u00fas y Mar\u00eda, es considerado <em><i>Protector de los moribundos<\/i><\/em>. Manifestemos durante nuestra vida devoci\u00f3n a San Jos\u00e9, para tenerlo como ayuda en el momento de la muerte.<\/p>\n<p>En la v\u00edspera del mes de marzo, dedicado a san Jos\u00e9, Don Bosco dec\u00eda a sus j\u00f3venes:<\/p>\n<p>Ma\u00f1ana comienza el <em><i>mes de S. Jos\u00e9<\/i><\/em> y deseo que todos os pong\u00e1is bajo su protecci\u00f3n: si le rez\u00e1is de coraz\u00f3n, \u00e9l os obtendr\u00e1 cualquier gracia, ya sea espiritual o temporal, que pod\u00e1is necesitar. Al levantaros por la ma\u00f1ana, decid: Jes\u00fas, Jos\u00e9 y Mar\u00eda, os doy mi coraz\u00f3n y mi alma. Por la noche, al acostaros: Jes\u00fas, Jos\u00e9 y Mar\u00eda, asistidme <em><i>en la \u00faltima agon\u00eda<\/i><\/em> (MB7 637).<\/p>\n<p>La intercesi\u00f3n de san Jos\u00e9 es muy poderosa. En la citada <em><i>Vida de S. Jos\u00e9<\/i><\/em>, Don Bosco escribe, entre otras cosas:<\/p>\n<p>\u00bfNo debemos creer que, entre los bienaventurados que son objeto de nuestro culto religioso, san Jos\u00e9 es, despu\u00e9s de Mar\u00eda, <em><i>el m\u00e1s poderoso de todos<\/i><\/em> ante Dios, y aquel que merece con m\u00e1s justo t\u00edtulo nuestra confianza y nuestros homenajes? (OE17 362s).<\/p>\n<p>Don Bosco recurr\u00eda a san Jos\u00e9 para todas sus necesidades y exhortaba a los dem\u00e1s a invocarlo. Varias veces al a\u00f1o hablaba de la eficacia de su intercesi\u00f3n.<br \/>\nSe alegr\u00f3 mucho cuando, el 8 de diciembre de 1870, P\u00edo IX lo proclam\u00f3 Patrono de la Iglesia Universal; y en 1871 declar\u00f3 que en todas sus casas salesianas se deb\u00eda observar un d\u00eda festivo el 19 de marzo.<br \/>\nEn las iglesias que construy\u00f3, Don Bosco siempre quiso <em><i>un altar<\/i><\/em> a san Jos\u00e9. As\u00ed, de hecho, los peregrinos que visitan la bas\u00edlica de Mar\u00eda Auxiliadora en Tur\u00edn y la del Sagrado Coraz\u00f3n en Roma, todav\u00eda hoy pueden admirar dos espl\u00e9ndidos lienzos que lo representan, siempre junto a Mar\u00eda y Jes\u00fas.<br \/>\nPara el <em><i>lienzo turin\u00e9s<\/i><\/em>, realizado por Tommaso Lorenzone, fue el propio Don Bosco quien dio indicaciones precisas al pintor sobre la representaci\u00f3n. San Jos\u00e9 aparece representado en el centro, de pie, sobre una nube, llevando en su brazo izquierdo al ni\u00f1o Jes\u00fas, quien sostiene en la mano una cesta llena de rosas. El Salvador entrega las rosas una a una a su padre, que las hace llover como gracias sobre la casa de Valdocco. En el movimiento de intensas miradas de amor entre los tres protagonistas, obviamente, tambi\u00e9n est\u00e1 involucrada Mar\u00eda, y a su alrededor ya se manifiesta la alegr\u00eda del Para\u00edso, con los \u00e1ngeles sirviendo de marco.<br \/>\nY <em><i>en la bas\u00edlica del Sagrado Coraz\u00f3n en Roma<\/i><\/em> \u2014que inicialmente iba a estar dedicada a San Jos\u00e9 y que fue la \u00faltima gran empresa de Don Bosco\u2014 el altar dedicado a san Jos\u00e9 est\u00e1 adornado con un lienzo de Giuseppe Rollini, que representa al esposo de Mar\u00eda de una manera realmente majestuosa. En este caso, \u00e9l cumple claramente su misi\u00f3n de Patrono y protector de la Iglesia Cat\u00f3lica, custodiando desde lo alto con su mano la bas\u00edlica de San Pedro, que un \u00e1ngel arrodillado le presenta.<br \/>\nEn ambas obras, tanto en la de la bas\u00edlica de Mar\u00eda Auxiliadora en Tur\u00edn como en la del Sagrado Coraz\u00f3n en Roma, est\u00e1n representados querubines que sostienen una banda en la que se explicita el mensaje: \u00ab<em><i>Ite ad Joseph<\/i><\/em>\u00bb, \u00ab\u00a1Vayan a Jos\u00e9!\u00bb.<\/p>\n<p><strong><b>Oraci\u00f3n a san Jos\u00e9<br \/>\n<\/b><\/strong>Dios te salve, Jos\u00e9, lleno de gracia,<br \/>\nJes\u00fas y Mar\u00eda est\u00e1n contigo;<br \/>\nbendito t\u00fa eres entre todos los hombres,<br \/>\ny bendito es el fruto del vientre de tu esposa, Jes\u00fas.<br \/>\nSan Jos\u00e9, esposo de Mar\u00eda,<br \/>\nruega por nosotros pecadores<br \/>\nahora y en la hora de nuestra muerte. Am\u00e9n. (cf. OE17 386)<\/p>\n","protected":false},"excerpt":{"rendered":"<p>Entre los santos m\u00e1s venerados por Don Bosco, san Jos\u00e9 ocupa un lugar de especial&#8230;<\/p>\n","protected":false},"author":17,"featured_media":49790,"comment_status":"closed","ping_status":"closed","sticky":false,"template":"","format":"standard","meta":{"iawp_total_views":69,"footnotes":""},"categories":[187],"tags":[2558,1822,2633,1690,1972],"class_list":["post-49797","post","type-post","status-publish","format-standard","has-post-thumbnail","hentry","category-don-bosco","tag-dios","tag-gracia","tag-iglesia","tag-maria","tag-santos"],"_links":{"self":[{"href":"https:\/\/www.donbosco.press\/es\/wp-json\/wp\/v2\/posts\/49797","targetHints":{"allow":["GET"]}}],"collection":[{"href":"https:\/\/www.donbosco.press\/es\/wp-json\/wp\/v2\/posts"}],"about":[{"href":"https:\/\/www.donbosco.press\/es\/wp-json\/wp\/v2\/types\/post"}],"author":[{"embeddable":true,"href":"https:\/\/www.donbosco.press\/es\/wp-json\/wp\/v2\/users\/17"}],"replies":[{"embeddable":true,"href":"https:\/\/www.donbosco.press\/es\/wp-json\/wp\/v2\/comments?post=49797"}],"version-history":[{"count":1,"href":"https:\/\/www.donbosco.press\/es\/wp-json\/wp\/v2\/posts\/49797\/revisions"}],"predecessor-version":[{"id":49800,"href":"https:\/\/www.donbosco.press\/es\/wp-json\/wp\/v2\/posts\/49797\/revisions\/49800"}],"wp:featuredmedia":[{"embeddable":true,"href":"https:\/\/www.donbosco.press\/es\/wp-json\/wp\/v2\/media\/49790"}],"wp:attachment":[{"href":"https:\/\/www.donbosco.press\/es\/wp-json\/wp\/v2\/media?parent=49797"}],"wp:term":[{"taxonomy":"category","embeddable":true,"href":"https:\/\/www.donbosco.press\/es\/wp-json\/wp\/v2\/categories?post=49797"},{"taxonomy":"post_tag","embeddable":true,"href":"https:\/\/www.donbosco.press\/es\/wp-json\/wp\/v2\/tags?post=49797"}],"curies":[{"name":"wp","href":"https:\/\/api.w.org\/{rel}","templated":true}]}}