{"id":49699,"date":"2026-03-12T07:53:50","date_gmt":"2026-03-12T07:53:50","guid":{"rendered":"https:\/\/www.donbosco.press\/?p=49699"},"modified":"2026-03-31T12:37:51","modified_gmt":"2026-03-31T12:37:51","slug":"vallecrosia-150-anos-de-presencia-salesiana-entre-memoria-y-futuro","status":"publish","type":"post","link":"https:\/\/www.donbosco.press\/es\/casas-salesianas-es\/vallecrosia-150-anos-de-presencia-salesiana-entre-memoria-y-futuro\/","title":{"rendered":"Vallecrosia: 150 a\u00f1os de presencia salesiana entre memoria y futuro"},"content":{"rendered":"<p><em><i>En 2026, la comunidad salesiana de Vallecrosia celebra un hito significativo: 150 a\u00f1os de presencia educativa y pastoral en el coraz\u00f3n del Ponente ligur. Un aniversario que no es solo una ocasi\u00f3n para recordar, sino tambi\u00e9n para reflexionar sobre el valor de una historia capaz de atravesar generaciones, cambios sociales y transformaciones culturales sin perder su propia identidad. Desde sus or\u00edgenes, ligados directamente a la intuici\u00f3n educativa de Don Bosco, hasta los desaf\u00edos del presente, la obra salesiana ha representado para muchos j\u00f3venes y familias un punto de referencia estable. Recorrer este camino significa descubrir c\u00f3mo una comunidad educativa, arraigada en el territorio y animada por el esp\u00edritu salesiano, ha continuado a lo largo del tiempo poniendo a los j\u00f3venes en el centro, mirando con confianza al futuro.<br \/>\n<\/i><\/em><\/p>\n<p>En 2026, la obra salesiana de Vallecrosia celebra <strong><b>150 a\u00f1os de presencia educativa y pastoral<\/b><\/strong> en el Ponente ligur. Desde 1876 hasta hoy, esta realidad ha atravesado \u00e9pocas muy diversas, adapt\u00e1ndose a los cambios de la sociedad y a las nuevas necesidades de las generaciones j\u00f3venes.<br \/>\nEn un siglo y medio, la obra ha cambiado de rostros y actividades, ha renovado estructuras y proyectos educativos, pero nunca ha perdido el coraz\u00f3n de su misi\u00f3n: <strong><b>poner a los j\u00f3venes en el centro<\/b><\/strong>, acompa\u00f1\u00e1ndolos en su crecimiento humano y espiritual y defendiendo su dignidad. Generaciones de chicos, familias y educadores han encontrado en esta casa salesiana un punto de referencia estable, capaz de evolucionar sin perder su propia identidad.<br \/>\nEsta continuidad representa uno de los aspectos m\u00e1s significativos de la presencia salesiana en Vallecrosia: una historia que nunca se ha interrumpido y que contin\u00faa todav\u00eda hoy con el mismo esp\u00edritu que animaba a Juan Bosco, el fundador de los Salesianos.<\/p>\n<p><strong><b>Los or\u00edgenes: Don Bosco y el Santuario de Mar\u00eda Auxiliadora<br \/>\n<\/b><\/strong>La presencia salesiana en el territorio del extremo Ponente ligur nace en los \u00faltimos a\u00f1os de la vida de Don Bosco. En 1876 toma forma la obra de Vallecrosia, destinada a convertirse en un centro educativo y espiritual de gran importancia para la zona comprendida entre Ventimiglia y Sanremo.<br \/>\nDesde el principio, la misi\u00f3n de los salesianos se entrelaza con la de las Hijas de Mar\u00eda Auxiliadora, ya presentes en el territorio. La colaboraci\u00f3n entre las dos congregaciones dio origen a una presencia educativa complementaria: la de los salesianos para los chicos y la de las religiosas para las chicas.<br \/>\nEsta doble presencia, masculina y femenina, contribuy\u00f3 a crear una amplia red educativa, capaz de acompa\u00f1ar a generaciones enteras en su camino de crecimiento.<br \/>\nEn el centro de esta realidad se encuentra el Santuario de Mar\u00eda Auxiliadora. Desde sus or\u00edgenes, el santuario se convirti\u00f3 en el coraz\u00f3n espiritual de la comunidad: un lugar donde la fe se entrelazaba con el compromiso educativo y social. A\u00fan hoy representa un espacio de encuentro entre la dimensi\u00f3n religiosa y la vida cotidiana del territorio.<\/p>\n<p><strong><b>Una obra que crece con el territorio<br \/>\n<\/b><\/strong>A lo largo de las d\u00e9cadas, la obra salesiana se ha desarrollado ampliando sus actividades educativas y pastorales.<br \/>\nEn torno a la presencia de los salesianos han nacido diversas realidades que han marcado la vida de la comunidad local: la parroquia, el oratorio, las actividades escolares, las iniciativas deportivas y culturales. En tiempos m\u00e1s recientes, tambi\u00e9n se ha consolidado la experiencia de la formaci\u00f3n profesional a trav\u00e9s del CNOS-FAP, que ofrece a los j\u00f3venes oportunidades concretas de preparaci\u00f3n para el mundo laboral.<br \/>\nEstas iniciativas han permitido a la obra responder a las transformaciones de la sociedad sin perder su identidad educativa.<br \/>\nEl patio del oratorio, en particular, ha permanecido a lo largo del tiempo como uno de los s\u00edmbolos m\u00e1s vivos del esp\u00edritu salesiano: un lugar de encuentro, de amistad y de crecimiento, donde el juego y el deporte se convierten en ocasiones para educar en la responsabilidad y la solidaridad.<br \/>\nMuchos antiguos alumnos recuerdan aquellos a\u00f1os como una experiencia determinante para su vida. No es raro que cuenten que fue precisamente entre los muros del oratorio donde aprendieron valores como el respeto a los dem\u00e1s, el sentido del deber y el compromiso con la comunidad.<\/p>\n<p><strong><b>Un libro para contar ciento cincuenta a\u00f1os de historia<br \/>\n<\/b><\/strong>Con motivo del 150\u00ba aniversario, se ha publicado un volumen titulado <em><i>\u00abDon Bosco en Vallecrosia: ayer, hoy y ma\u00f1ana\u00bb.<\/i><\/em><br \/>\nEl libro, realizado por la direcci\u00f3n del Instituto Salesiano junto con el comit\u00e9 organizador de las celebraciones, representa una aut\u00e9ntica reconstrucci\u00f3n hist\u00f3rica de la presencia salesiana en el territorio. A trav\u00e9s de documentos, cartas, fotograf\u00edas de \u00e9poca y testimonios personales, el volumen recorre la vida de la parroquia, de la escuela, del oratorio, de las actividades deportivas y de las iniciativas socioculturales que han caracterizado estos ciento cincuenta a\u00f1os.<br \/>\nEl editor, Roberto Capaccio, antiguo alumno salesiano, ha explicado el esp\u00edritu de la iniciativa: recoger las voces y las experiencias de quienes han vivido esta historia para mostrar cu\u00e1n profundamente ha influido la obra salesiana en la vida del extremo Ponente ligur.<br \/>\nSeg\u00fan Capaccio, el objetivo del libro es testimoniar c\u00f3mo los salesianos y las Hijas de Mar\u00eda Auxiliadora han difundido en el territorio el esp\u00edritu educativo de Don Bosco, contribuyendo a formar generaciones de j\u00f3venes capaces de asumir responsabilidades en la sociedad y de trabajar por el bien com\u00fan.<br \/>\nLa realizaci\u00f3n del volumen ha requerido un a\u00f1o de trabajo, involucrando a un grupo de redacci\u00f3n formado por salesianos, antiguos alumnos y estudiosos de la historia local. El resultado es un mosaico de memorias y documentos que devuelve el rostro de una comunidad educativa arraigada en el territorio.<\/p>\n<p>El ep\u00edlogo del libro est\u00e1 firmado por <strong><b>Fabio Attard<\/b><\/strong>, und\u00e9cimo sucesor de Don Bosco al frente de los <strong><b>Salesianos de Don Bosco<\/b><\/strong>.<br \/>\nPresente en las celebraciones, Don Attard subray\u00f3 en su intervenci\u00f3n el profundo significado de la memoria hist\u00f3rica. Recordar el pasado, observ\u00f3, no significa refugiarse en la nostalgia. Al contrario, la memoria debe convertirse en un impulso hacia el futuro y una llamada a la responsabilidad.<br \/>\nLa historia de la obra de Vallecrosia demuestra c\u00f3mo, a lo largo del tiempo, la comunidad salesiana ha sabido interpretar los desaf\u00edos de los diferentes periodos hist\u00f3ricos sin perder de vista el objetivo principal: poner a los j\u00f3venes en el centro de su acci\u00f3n educativa.<br \/>\nEste, afirm\u00f3 Don Attard, es el hilo conductor que atraviesa ciento cincuenta a\u00f1os de presencia salesiana en el territorio.<\/p>\n<p><strong><b>Un don para la Iglesia y para la sociedad<br \/>\n<\/b><\/strong>Tambi\u00e9n el obispo de la di\u00f3cesis de Ventimiglia-Sanremo, <strong><b>monse\u00f1or Antonio Suetta<\/b><\/strong>, ha querido subrayar el valor de este aniversario.<br \/>\nSeg\u00fan el prelado, estos ciento cincuenta a\u00f1os representan un patrimonio de dones incalculables para la Iglesia y para la sociedad. Solo el tiempo, explic\u00f3, puede revelar plenamente cu\u00e1nto bien ha producido la semilla plantada por Don Bosco en el coraz\u00f3n de las personas y en la vida de las comunidades.<br \/>\nSus palabras encuentran confirmaci\u00f3n en las muchas historias personales ligadas a la obra salesiana. Cada vez que un antiguo alumno cuenta lo que signific\u00f3 para \u00e9l el oratorio, o cuando un joven en dificultades encuentra en el centro de formaci\u00f3n profesional una nueva oportunidad, emerge la profundidad de este patrimonio educativo.<\/p>\n<p><strong><b>Una historia que contin\u00faa<br \/>\n<\/b><\/strong>Ciento cincuenta a\u00f1os de historia no representan una meta definitiva, sino m\u00e1s bien una nueva etapa del camino.<br \/>\nEn su intervenci\u00f3n final durante las celebraciones, Don Fabio Attard invit\u00f3 a la comunidad salesiana y a la sociedad civil a mirar al futuro con confianza.<br \/>\nLa tarea de las obras educativas, record\u00f3, es escuchar las preguntas y las inquietudes de los j\u00f3venes de hoy, acompa\u00f1\u00e1ndolos en la construcci\u00f3n de un ma\u00f1ana m\u00e1s justo y humano. Cada chico debe poder encontrar un ambiente donde la esperanza pueda germinar, donde la persona sea siempre respetada y donde los m\u00e1s fr\u00e1giles no sean considerados un problema, sino protagonistas con talentos por descubrir y desarrollar.<br \/>\nEste es el esp\u00edritu que contin\u00faa animando la obra salesiana de Vallecrosia.<\/p>\n<p>Despu\u00e9s de 150 a\u00f1os de actividad, la casa salesiana de Vallecrosia sigue siendo una presencia viva en el territorio. Su historia no pertenece solo al pasado, sino que contin\u00faa escribi\u00e9ndose cada d\u00eda a trav\u00e9s del trabajo de los educadores, el compromiso de los voluntarios y el entusiasmo de los j\u00f3venes.<br \/>\nLa memoria de lo que fue se convierte as\u00ed en un recurso para afrontar el futuro.<br \/>\nComo ocurr\u00eda en tiempos de Don Bosco, tambi\u00e9n hoy el patio del oratorio, las aulas de formaci\u00f3n profesional y los espacios de la comunidad contin\u00faan siendo lugares donde los j\u00f3venes pueden crecer, descubrir sus capacidades y construir su proyecto de vida.<br \/>\nY esta es precisamente la verdadera herencia de ciento cincuenta a\u00f1os de presencia salesiana en Vallecrosia: <strong><b>una comunidad que \u2014fundada en los valores cristianos\u2014 contin\u00faa educando con fruto.<\/b><\/strong><\/p>\n","protected":false},"excerpt":{"rendered":"<p>En 2026, la comunidad salesiana de Vallecrosia celebra un hito significativo: 150 a\u00f1os de presencia&#8230;<\/p>\n","protected":false},"author":1,"featured_media":49692,"comment_status":"closed","ping_status":"closed","sticky":false,"template":"","format":"standard","meta":{"iawp_total_views":5,"footnotes":""},"categories":[176],"tags":[1732,1768,2582,2593,1912,2032],"class_list":["post-49699","post","type-post","status-publish","format-standard","has-post-thumbnail","hentry","category-casas-salesianas-es","tag-casas-salesianas","tag-don-bosco","tag-eventos","tag-familia-salesiana","tag-noticias-religiosas","tag-vida"],"_links":{"self":[{"href":"https:\/\/www.donbosco.press\/es\/wp-json\/wp\/v2\/posts\/49699","targetHints":{"allow":["GET"]}}],"collection":[{"href":"https:\/\/www.donbosco.press\/es\/wp-json\/wp\/v2\/posts"}],"about":[{"href":"https:\/\/www.donbosco.press\/es\/wp-json\/wp\/v2\/types\/post"}],"author":[{"embeddable":true,"href":"https:\/\/www.donbosco.press\/es\/wp-json\/wp\/v2\/users\/1"}],"replies":[{"embeddable":true,"href":"https:\/\/www.donbosco.press\/es\/wp-json\/wp\/v2\/comments?post=49699"}],"version-history":[{"count":1,"href":"https:\/\/www.donbosco.press\/es\/wp-json\/wp\/v2\/posts\/49699\/revisions"}],"predecessor-version":[{"id":49702,"href":"https:\/\/www.donbosco.press\/es\/wp-json\/wp\/v2\/posts\/49699\/revisions\/49702"}],"wp:featuredmedia":[{"embeddable":true,"href":"https:\/\/www.donbosco.press\/es\/wp-json\/wp\/v2\/media\/49692"}],"wp:attachment":[{"href":"https:\/\/www.donbosco.press\/es\/wp-json\/wp\/v2\/media?parent=49699"}],"wp:term":[{"taxonomy":"category","embeddable":true,"href":"https:\/\/www.donbosco.press\/es\/wp-json\/wp\/v2\/categories?post=49699"},{"taxonomy":"post_tag","embeddable":true,"href":"https:\/\/www.donbosco.press\/es\/wp-json\/wp\/v2\/tags?post=49699"}],"curies":[{"name":"wp","href":"https:\/\/api.w.org\/{rel}","templated":true}]}}