{"id":47393,"date":"2025-12-05T19:39:32","date_gmt":"2025-12-05T19:39:32","guid":{"rendered":"https:\/\/www.donbosco.press\/?p=47393"},"modified":"2025-12-05T19:41:52","modified_gmt":"2025-12-05T19:41:52","slug":"entrevista-al-consejero-para-asia-oriental-y-oceania-don-william-matthews","status":"publish","type":"post","link":"https:\/\/www.donbosco.press\/es\/el-invitado\/entrevista-al-consejero-para-asia-oriental-y-oceania-don-william-matthews\/","title":{"rendered":"Entrevista al Consejero para Asia Oriental y Ocean\u00eda, Don William MATTHEWS"},"content":{"rendered":"<p><em>Conocemos a Don William Matthews, salesiano de origen birmano criado en Australia, quien en marzo de 2025 fue nombrado Consejero General para la Regi\u00f3n de Asia Oriental y Ocean\u00eda durante el Cap\u00edtulo General 29 en Tur\u00edn. En esta entrevista, Don Matthews repasa su camino vocacional, desde la parroquia salesiana de Mandalay hasta la migraci\u00f3n a Australia, pasando por la ordenaci\u00f3n sacerdotal y el servicio como Provincial de Australia y la Provincia del Pac\u00edfico. Comparte su pasi\u00f3n por la educaci\u00f3n de los j\u00f3venes, la importancia del Sistema Preventivo y su particular compromiso con los refugiados y migrantes, reflexionando sobre los desaf\u00edos de la evangelizaci\u00f3n contempor\u00e1nea y la unidad de la Familia Salesiana.<br \/>\n<\/em><\/p>\n<p><strong>\u00bfPodr\u00eda presentarse?<br \/>\n<\/strong>\u00a1Hola! Mi nombre es P. William Matthews, Consejero General para la Regi\u00f3n de Asia Oriental y Ocean\u00eda de los Salesianos de Don Bosco. Nacido y criado en una parroquia salesiana en Mandalay, Birmania, emigr\u00e9 a Australia con mi familia en 1994. Hice mi primera profesi\u00f3n como Salesiano el 31 de enero de 1997 en Melbourne, Australia, y fui ordenado sacerdote en Perth, Australia Occidental, el 9 de diciembre de 2005. Como Salesiano, he pasado la mayor parte de mi tiempo en la educaci\u00f3n secundaria entre Melbourne, Adelaida y S\u00eddney en Australia. En junio de 2017, fui nombrado 11\u00ba Provincial de Australia y la Provincia del Pac\u00edfico, cargo que serv\u00ed fielmente de 2018 a 2023. Durante el Cap\u00edtulo General 29 en Tur\u00edn en marzo de 2025, aunque no era miembro del Cap\u00edtulo, fui nombrado Consejero General para la Regi\u00f3n de Asia Oriental y Ocean\u00eda.<\/p>\n<p><strong>\u00bfQui\u00e9n le cont\u00f3 por primera vez la historia de Jes\u00fas?<br \/>\n<\/strong>Aprend\u00ed a amar y seguir a Jes\u00fas de ni\u00f1o dentro de mi familia. Mi familia era muy devota y practicar la fe cristiana con celebraciones regulares de los sacramentos era una parte importante de mi crecimiento. Nuestros padres se aseguraron de que fu\u00e9ramos buenos cristianos, siguiendo fielmente a Jes\u00fas.<\/p>\n<p><strong>\u00bfC\u00f3mo percibi\u00f3 la llamada de Dios y c\u00f3mo se manifest\u00f3 en su vida? \u00bfPor qu\u00e9 salesiano?<br \/>\n<\/strong>Como monaguillo en mi parroquia local durante muchos a\u00f1os, mi inter\u00e9s por la vida sacerdotal germin\u00f3 y se desarroll\u00f3. De adolescente, era capaz de dirigir clases de catecismo en ausencia de sacerdotes o monjas, y tambi\u00e9n de dirigir servicios de oraci\u00f3n en mi comunidad parroquial local. Estaba activamente involucrado en el sector de la pastoral juvenil de mi parroquia. Ser un l\u00edder u organizador siempre ha sido parte de mi vida. Eleg\u00ed la vida salesiana por mi trasfondo parroquial, el v\u00ednculo de mi familia con los Salesianos y mi genuino inter\u00e9s por la educaci\u00f3n de los j\u00f3venes. Nunca mir\u00e9 hacia atr\u00e1s despu\u00e9s de ingresar al seminario salesiano en Birmania. Creo que la Virgen me llev\u00f3 a Don Bosco.<\/p>\n<p><strong>\u00bfCu\u00e1les fueron los momentos o personas decisivas en su camino de discernimiento?<br \/>\n<\/strong>Fue un gran desaf\u00edo aprobar el examen de matriculaci\u00f3n en Birmania. Muchos lo intentaron varias veces y fracasaron. Hice un compromiso con Dios para ingresar al seminario despu\u00e9s de aprobar con \u00e9xito mi primer intento. Dios escuch\u00f3 mi desaf\u00edo y me abri\u00f3 el camino. Con el apoyo de mi familia y mis feligreses, ingres\u00e9 al seminario salesiano de Anisakan en Birmania despu\u00e9s de la escuela secundaria. \u00a1La vida est\u00e1 llena de sorpresas! Los giros y vueltas en la propia vocaci\u00f3n son normales porque no sabemos a d\u00f3nde nos lleva el buen Dios. Junto con mi familia, emigr\u00e9 a Australia en 1994 y continu\u00e9 mi camino salesiano en Melbourne. S\u00e9 que mi familia, especialmente mi madre y muchos amigos, siempre me apoyan y oran por la perseverancia en mi vocaci\u00f3n.<\/p>\n<p><strong>\u00bfHay alg\u00fan episodio que le haya marcado especialmente en su formaci\u00f3n salesiana?<br \/>\n<\/strong>La formaci\u00f3n salesiana que recib\u00ed como aspirante en Birmania me proporcion\u00f3 una base s\u00f3lida. Muchos salesianos que conoc\u00ed en Birmania me inspiraron a vivir mi vida como salesiano por el bien de los j\u00f3venes. Tambi\u00e9n varios salesianos mayores en la provincia australiana desempe\u00f1aron un papel de modelos extraordinarios en mi vida. Su santidad, generosidad y sencillez eran insuperables y aprend\u00ed mucho de ellos para ser un salesiano mejor.<\/p>\n<p><strong>\u00bfCu\u00e1l es la mayor alegr\u00eda de su ministerio? \u00bfY la mayor dificultad?<br \/>\n<\/strong>La mayor alegr\u00eda de mi vida es estar con los j\u00f3venes, los pobres, los refugiados y los migrantes en la celebraci\u00f3n de los sacramentos. Ellos son el significado y el prop\u00f3sito de mi vida y mi ministerio. Me da una gran satisfacci\u00f3n saber que nos encontramos con Jes\u00fas el uno en el otro. Sin embargo, hay momentos dif\u00edciles en los que soy incomprendido por los dem\u00e1s, y tengo que enfrentarme a personas que tratan a los dem\u00e1s de manera diferente debido a la raza, el g\u00e9nero, el origen o la cultura.<\/p>\n<p><strong>\u00bfQu\u00e9 desaf\u00edos ve hoy en el acompa\u00f1amiento de los j\u00f3venes, y qu\u00e9 herramientas salesianas le parecen a\u00fan eficaces?<br \/>\n<\/strong>Los salesianos deben ser aceptados por los j\u00f3venes antes de acompa\u00f1arlos. Por eso Don Bosco quiere que sus salesianos se hagan amar. La presencia salesiana es el primer paso importante y ayudar\u00e1 a los salesianos a darse a conocer entre los j\u00f3venes. En cuanto a la herramienta, el uso del Sistema Preventivo es la mejor manera de acompa\u00f1ar a los j\u00f3venes a ver a Jes\u00fas y a ser como Jes\u00fas para los dem\u00e1s.<\/p>\n<p><strong>\u00bfPodr\u00eda compartir una experiencia particularmente significativa con los j\u00f3venes o en su misi\u00f3n?<br \/>\n<\/strong>Una experiencia significativa con los j\u00f3venes en mi vida y misi\u00f3n ha sido pasar tiempo con refugiados, migrantes y trabajadores migrantes de Birmania [Myanmar] en Australia, Nueva Zelanda y Tailandia. Siempre necesitan apoyo espiritual y moral, y aprecian inmensamente incluso el m\u00e1s m\u00ednimo tiempo y la presencia que comparto con ellos. Acercarme a ellos y pasar tiempo con ellos siempre ha sido una experiencia gratificante para m\u00ed como hijo de Don Bosco.<\/p>\n<p><strong>\u00bfC\u00f3mo se mantiene espiritual y humanamente firme en las dificultades?<br \/>\n<\/strong>Mantenerse activo y sano tanto espiritual como f\u00edsicamente es muy importante para superar los desaf\u00edos de la vida, especialmente aquellos que est\u00e1n fuera de mi control. Confiar en la calma y la amabilidad junto con la gracia de Dios a trav\u00e9s de una vida espiritual y f\u00edsica saludable me ayuda a superar mis momentos de dificultad.<\/p>\n<p><strong>\u00bfHay alguna figura (adem\u00e1s de Don Bosco) que le haya inspirado particularmente en su vida espiritual?<br \/>\n<\/strong>Adem\u00e1s de Don Bosco, Mar\u00eda, la madre de Jesucristo, me ha inspirado en mi vida de servicio por el bien de los dem\u00e1s. Mar\u00eda acept\u00f3 la Palabra de Dios y la hizo realidad sin miedo ni temblor. Era confiada, tranquila, amable y alegre al hacer la voluntad de Dios como primera disc\u00edpula fiel. Con Mar\u00eda como modelo y gu\u00eda, un salesiano puede llegar muy lejos en su ministerio.<\/p>\n<p><strong>\u00bfCu\u00e1les son hoy los grandes desaf\u00edos de la evangelizaci\u00f3n y la misi\u00f3n?<br \/>\n<\/strong>El materialismo y el individualismo son los grandes desaf\u00edos de la evangelizaci\u00f3n y la misi\u00f3n hoy. Las personas deben abrazar la belleza y la sencillez de la humanidad para vivir en paz y armon\u00eda siguiendo las ense\u00f1anzas de Jesucristo, que es el camino, la verdad y la vida.<\/p>\n<p><strong>\u00bfColabora con laicos, con las Hijas de Mar\u00eda Auxiliadora (FMA), con otros miembros de la Familia Salesiana?<br \/>\n<\/strong>Como salesiano, la colaboraci\u00f3n con los miembros de la Familia Salesiana, especialmente los laicos, es muy importante. Sin ellos, no progresaremos. Los animo, los apoyo y trabajo con ellos de todas las formas posibles.<\/p>\n<p><strong>\u00bfPlanes para el futuro? \u00bfSue\u00f1os? \u00bfIniciativas?<br \/>\n<\/strong>Mis planes o sue\u00f1os no son personales, sino de Don Bosco para ayudar a los j\u00f3venes a convertirse en \u00abbuenos cristianos y honestos ciudadanos\u00bb en todos los rincones del mundo, especialmente en pa\u00edses y lugares que enfrentan dificultades y desaf\u00edos.<\/p>\n<p><strong>\u00bfQu\u00e9 consejo le dar\u00eda a un joven que se siente llamado a la vida religiosa?<br \/>\n<\/strong>No teng\u00e1is miedo, confiad solo en el Se\u00f1or que obrar\u00e1 a trav\u00e9s de vosotros para SU gran gloria. Venid y entregaos totalmente al Se\u00f1or y \u00c9l os llevar\u00e1 a lugares donde sois necesarios.<\/p>\n<p><strong>\u00bfTiene un mensaje para la Familia Salesiana?<br \/>\n<\/strong>Mi mensaje a la Familia Salesiana es que permanezcan unidos, oren juntos y trabajen juntos en el esp\u00edritu de San Juan Bosco bajo la gu\u00eda maternal de Nuestra Se\u00f1ora Auxiliadora de los Cristianos.<\/p>\n","protected":false},"excerpt":{"rendered":"<p>Conocemos a Don William Matthews, salesiano de origen birmano criado en Australia, quien en marzo&#8230;<\/p>\n","protected":false},"author":1,"featured_media":47386,"comment_status":"closed","ping_status":"closed","sticky":false,"template":"","format":"standard","meta":{"iawp_total_views":8,"footnotes":""},"categories":[181],"tags":[1720,2198,2582,2190,2612,1960],"class_list":["post-47393","post","type-post","status-publish","format-standard","has-post-thumbnail","hentry","category-el-invitado","tag-carisma-salesiano","tag-educacion","tag-eventos","tag-jesus","tag-nuestros-guias","tag-salesianos"],"_links":{"self":[{"href":"https:\/\/www.donbosco.press\/es\/wp-json\/wp\/v2\/posts\/47393","targetHints":{"allow":["GET"]}}],"collection":[{"href":"https:\/\/www.donbosco.press\/es\/wp-json\/wp\/v2\/posts"}],"about":[{"href":"https:\/\/www.donbosco.press\/es\/wp-json\/wp\/v2\/types\/post"}],"author":[{"embeddable":true,"href":"https:\/\/www.donbosco.press\/es\/wp-json\/wp\/v2\/users\/1"}],"replies":[{"embeddable":true,"href":"https:\/\/www.donbosco.press\/es\/wp-json\/wp\/v2\/comments?post=47393"}],"version-history":[{"count":1,"href":"https:\/\/www.donbosco.press\/es\/wp-json\/wp\/v2\/posts\/47393\/revisions"}],"predecessor-version":[{"id":47396,"href":"https:\/\/www.donbosco.press\/es\/wp-json\/wp\/v2\/posts\/47393\/revisions\/47396"}],"wp:featuredmedia":[{"embeddable":true,"href":"https:\/\/www.donbosco.press\/es\/wp-json\/wp\/v2\/media\/47386"}],"wp:attachment":[{"href":"https:\/\/www.donbosco.press\/es\/wp-json\/wp\/v2\/media?parent=47393"}],"wp:term":[{"taxonomy":"category","embeddable":true,"href":"https:\/\/www.donbosco.press\/es\/wp-json\/wp\/v2\/categories?post=47393"},{"taxonomy":"post_tag","embeddable":true,"href":"https:\/\/www.donbosco.press\/es\/wp-json\/wp\/v2\/tags?post=47393"}],"curies":[{"name":"wp","href":"https:\/\/api.w.org\/{rel}","templated":true}]}}