{"id":47053,"date":"2025-11-09T18:25:20","date_gmt":"2025-11-09T18:25:20","guid":{"rendered":"https:\/\/www.donbosco.press\/?p=47053"},"modified":"2026-03-31T10:22:36","modified_gmt":"2026-03-31T10:22:36","slug":"150-anos-de-la-primera-expedicion-misionera-agradecer-repensar-relanzar","status":"publish","type":"post","link":"https:\/\/www.donbosco.press\/es\/misiones\/150-anos-de-la-primera-expedicion-misionera-agradecer-repensar-relanzar\/","title":{"rendered":"150 A\u00f1os de la Primera Expedici\u00f3n Misionera. Agradecer, repensar, relanzar"},"content":{"rendered":"<p><em>Han pasado 150 a\u00f1os de la Primera Expedici\u00f3n Misionera Salesiana. Pero la 150\u00aa Expedici\u00f3n Misionera Salesiana es mucho m\u00e1s que un aniversario num\u00e9rico. Es un evento que narra la fidelidad en el tiempo a un carisma nacido del coraz\u00f3n de Don Bosco y entregado a la Iglesia para el bien de los j\u00f3venes. Era 1875 cuando, desde Valdocco, Don Juan Bosco enviaba a la Patagonia a los primeros diez misioneros liderados por Don Juan Cagliero. Desde entonces, ininterrumpidamente, cada a\u00f1o, la Congregaci\u00f3n Salesiana repite ese gesto misionero que no es una simple tradici\u00f3n, sino expresi\u00f3n de una identidad profunda: llevar el Evangelio a los j\u00f3venes, especialmente a los m\u00e1s pobres, all\u00ed donde la vida llama.<br \/>\n<\/em><\/p>\n<p><strong><em>150 A\u00f1os de la Primera Expedici\u00f3n Misionera. Agradecer el pasado, repensar el presente, relanzar para el futuro<br \/>\n<\/em><br \/>\n<\/strong>Con los 150 a\u00f1os de Expediciones Misioneras, los Salesianos de Don Bosco reviven ese momento fundacional en el esp\u00edritu de hoy, con la conciencia de que el mundo ha cambiado, que las misiones ya no son solo \u00abpartidas\u00bb hacia lugares lejanos, sino testimonios vivos tambi\u00e9n en contextos urbanos, secularizados y digitales. Este aniversario se convierte as\u00ed en una gran oportunidad para <strong>agradecer, repensar<\/strong> y <strong>relanzar<\/strong> la vocaci\u00f3n misionera salesiana.<\/p>\n<p><strong>Agradecer: un tesoro de audacia y fe<br \/>\n<\/strong>Celebrar 150 expediciones misioneras es ante todo un acto de gratitud. Es mirar hacia atr\u00e1s con gratitud hacia una historia que ha visto el coraje convertirse en gesto concreto y el sue\u00f1o convertirse en vida.<\/p>\n<p><em>Gratitud por el coraje misionero de Don Bosco<\/em>. Enviar misioneros a la Patagonia en 1875 no fue una elecci\u00f3n obvia. Requiri\u00f3 fe, coraje y capacidad de mirar lejos. Don Bosco no dud\u00f3 en arriesgarse, sostenido por una confianza inquebrantable en Mar\u00eda Auxiliadora y en una pasi\u00f3n ardiente por la salvaci\u00f3n de las almas.<\/p>\n<p><em>Gratitud por los 10.700 misioneros salesianos<\/em> que, desde 1875 hasta hoy, han sido enviados a todo el mundo. Con ellos, miles de FMA, cooperadores, voluntarios y laicos misioneros han compartido la misma pasi\u00f3n educativa y evangelizadora, a menudo en condiciones de pobreza, guerra, aislamiento o incomprensi\u00f3n.<\/p>\n<p><em>Gratitud por millones de j\u00f3venes alcanzados<\/em>, alfabetizados, acompa\u00f1ados en la fe, arrancados de la miseria, el abandono o la violencia. Cada oratorio fundado, cada escuela abierta, cada casa de acogida construida es un signo concreto del amor de Dios que se hace presencia a trav\u00e9s de la caridad educativa de Don Bosco.<\/p>\n<p><em>Gratitud por la presencia salesiana hoy en 137 pa\u00edses del mundo<\/em>, testimonio vivo de un carisma que ha sabido atravesar fronteras geogr\u00e1ficas y culturales, adapt\u00e1ndose sin perder su alma: el \u00ab<em>Da mihi animas, cetera tolle<\/em>\u00ab.<\/p>\n<p><strong>Repensar: leer los signos de los tiempos para ser misioneros hoy<br \/>\n<\/strong>Sin embargo, el tiempo de la gratitud no es suficiente. El mundo misionero est\u00e1 cambiando y los Salesianos est\u00e1n llamados a <strong>repensar<\/strong> su presencia para ser fieles al Evangelio y al mismo tiempo atentos a las necesidades reales de los j\u00f3venes de hoy.<\/p>\n<p><em>Repensar significa tener una visi\u00f3n renovada de las misiones<\/em>. La misi\u00f3n no es solo \u00ab<em>ad gentes<\/em>\u00ab, sino tambi\u00e9n \u00ab<em>inter gentes<\/em>\u00bb e \u00ab<em>inter culturas<\/em>\u00ab. Hoy la misi\u00f3n es profundizaci\u00f3n cultural y di\u00e1logo educativo. Es construir puentes y no barreras, es anunciar a Cristo tambi\u00e9n a trav\u00e9s de la promoci\u00f3n de lo humano.<\/p>\n<p><em>Presencia entre los creyentes de otras religiones<\/em>. Los misioneros salesianos viven a menudo en contextos de mayor\u00eda musulmana, hind\u00fa o budista. Aqu\u00ed la misi\u00f3n pasa a trav\u00e9s del di\u00e1logo, la fraternidad y el testimonio silencioso de una vida entregada, donde la escuela y el oratorio se convierten en lugares privilegiados de paz y convivencia.<\/p>\n<p><em>Vivir en contextos secularizados<\/em>. Tambi\u00e9n las grandes metr\u00f3polis occidentales son hoy tierra de misi\u00f3n. Aqu\u00ed los j\u00f3venes sufren soledades digitales, crisis de sentido, adicciones y desempleo. La presencia misionera salesiana no puede ignorar estos desaf\u00edos urbanos, donde el Evangelio debe volver a hablar al coraz\u00f3n de una sociedad fragmentada.<\/p>\n<p><em>Afrontar nuevos desaf\u00edos y perspectivas<\/em>. Migraciones, pobreza educativa, emergencias humanitarias y crisis ambientales marcan este tiempo. La misi\u00f3n salesiana est\u00e1 llamada a ser profec\u00eda de esperanza, con obras concretas que eduquen en la fe, la justicia, la ciudadan\u00eda y el cuidado de la creaci\u00f3n.<\/p>\n<p><strong>Relanzar: reavivar el celo misionero<br \/>\n<\/strong>La celebraci\u00f3n de los 150 a\u00f1os de misi\u00f3n no es una meta: es un <strong>nuevo comienzo<\/strong>. El futuro misionero de la Congregaci\u00f3n depende de la capacidad de <strong>relanzar<\/strong> con coraje, creatividad y profec\u00eda.<\/p>\n<p><em>Relanzar el celo misionero entre los j\u00f3venes pobres<\/em>. Ellos siguen siendo el centro de la misi\u00f3n salesiana. Son los chicos de las periferias urbanas, los j\u00f3venes sin trabajo, los migrantes sin derechos, los menores v\u00edctimas de trata, los chicos de las favelas, de las villas miseria y de los barrios de chabolas. El carisma de Don Bosco nace para ellos y con ellos seguir\u00e1 viviendo.<\/p>\n<p><em>Estar presentes en las nuevas \u00e1reas de misi\u00f3n<\/em>. Hay regiones que a\u00fan esperan la presencia salesiana: \u00e1reas rurales de \u00c1frica, pueblos aislados de Asia, comunidades ind\u00edgenas de la Amazon\u00eda, periferias olvidadas de Europa. El futuro de la misi\u00f3n pasa por la capacidad de salir de nuevo, de ponerse en camino con humildad y audacia.<\/p>\n<p><em>Renovar la misi\u00f3n en las \u00e1reas donde el carisma debe ser reavivado.<\/em> No se trata solo de abrir nuevas obras, sino tambi\u00e9n de regenerar las existentes. Muchas comunidades misioneras piden hoy nuevas energ\u00edas, m\u00e1s presencia entre los j\u00f3venes, m\u00e1s comuni\u00f3n entre consagrados y laicos, m\u00e1s creatividad evangelizadora. La misi\u00f3n es ante todo conversi\u00f3n del coraz\u00f3n.<\/p>\n<p>Los 150 a\u00f1os de la primera Expedici\u00f3n Misionera son una invitaci\u00f3n a volver a poner a Cristo y a los j\u00f3venes en el centro. Agradecer el pasado, repensar el presente y relanzar el futuro son tres verbos que custodian el sentido de esta celebraci\u00f3n. Don Bosco sigue diciendo a sus hijos e hijas: \u00ab<em>Vuestra patria es el mundo entero<\/em>\u00ab. Con este esp\u00edritu, los misioneros salesianos seguir\u00e1n caminando por las calles del mundo, para que cada joven pueda sentirse amado y encontrar el rostro bueno de Dios.<\/p>\n<p>La misi\u00f3n es una sola: la recibida de Jes\u00fas, de anunciar el Evangelio seg\u00fan el carisma salesiano. La grandeza de este mandato se reconoce tambi\u00e9n en la generosidad de tantos salesianos que, en el transcurso de 150 a\u00f1os, han respondido con su \u00abs\u00ed\u00bb a esta llamada. Tambi\u00e9n los n\u00fameros atestiguan el impacto extraordinario de esta obra. Presentamos, pues, los misioneros enviados por Don Bosco hasta hoy:<\/p>\n<table width=\"295\">\n<tbody>\n<tr>\n<td width=\"112\"><strong>Rectorado<\/strong><\/td>\n<td width=\"86\"><strong>Per\u00edodo<\/strong><\/td>\n<td colspan=\"2\" width=\"97\"><strong>Misioneros<\/strong><\/td>\n<\/tr>\n<tr>\n<td width=\"112\">Don Bosco<\/td>\n<td width=\"86\">1875-1888<\/td>\n<td width=\"88\">153<\/td>\n<td width=\"9\"><\/td>\n<\/tr>\n<tr>\n<td width=\"112\">Don Rua<\/td>\n<td width=\"86\">1888-1910<\/td>\n<td width=\"88\">1528<\/td>\n<td width=\"9\"><\/td>\n<\/tr>\n<tr>\n<td width=\"112\">Don Albera<\/td>\n<td width=\"86\">1910-1921<\/td>\n<td width=\"88\">501<\/td>\n<td width=\"9\"><\/td>\n<\/tr>\n<tr>\n<td width=\"112\">Don Rinaldi<\/td>\n<td width=\"86\">1922-1931<\/td>\n<td width=\"88\">1984<\/td>\n<td width=\"9\"><\/td>\n<\/tr>\n<tr>\n<td width=\"112\">Don Ricaldone<\/td>\n<td width=\"86\">1932-1951<\/td>\n<td width=\"88\">2665<\/td>\n<td width=\"9\"><\/td>\n<\/tr>\n<tr>\n<td width=\"112\">Don Ziggiotti<\/td>\n<td width=\"86\">1952-1965<\/td>\n<td width=\"88\">1455<\/td>\n<td width=\"9\"><\/td>\n<\/tr>\n<tr>\n<td width=\"112\">Don Ricceri<\/td>\n<td width=\"86\">1965-1977<\/td>\n<td width=\"88\">740<\/td>\n<td width=\"9\"><\/td>\n<\/tr>\n<tr>\n<td width=\"112\">Don Vigan\u00f2<\/td>\n<td width=\"86\">1977-1995<\/td>\n<td width=\"88\">870<\/td>\n<td width=\"9\"><\/td>\n<\/tr>\n<tr>\n<td width=\"112\">Don Vecchi<\/td>\n<td width=\"86\">1996-2002<\/td>\n<td width=\"88\">196<\/td>\n<td width=\"9\"><\/td>\n<\/tr>\n<tr>\n<td width=\"112\">Don Ch\u00e1vez<\/td>\n<td width=\"86\">2002-2014<\/td>\n<td width=\"88\">355<\/td>\n<td width=\"9\"><\/td>\n<\/tr>\n<tr>\n<td width=\"112\">Don Fern\u00e1ndez<\/td>\n<td width=\"86\">2014-2024<\/td>\n<td width=\"88\">253<\/td>\n<td width=\"9\"><\/td>\n<\/tr>\n<tr>\n<td width=\"112\">Total<\/td>\n<td width=\"86\">1875-2024<\/td>\n<td width=\"88\">10700<\/td>\n<td width=\"9\"><\/td>\n<\/tr>\n<\/tbody>\n<\/table>\n<p>Y a\u00f1adimos tambi\u00e9n los 19 misioneros de este a\u00f1o, 2025, doblemente jubilar:<\/p>\n<table width=\"484\">\n<tbody>\n<tr>\n<td width=\"115\"><strong>Pa\u00eds de origen<\/strong><\/td>\n<td width=\"225\"><strong>Nombre<\/strong><\/td>\n<td width=\"144\"><strong>Destino<\/strong><\/td>\n<\/tr>\n<tr>\n<td width=\"115\">Rep. Dem. Congo<\/td>\n<td width=\"225\">Josue NGUSU NSIMBA<\/td>\n<td width=\"144\">Grecia<\/td>\n<\/tr>\n<tr>\n<td width=\"115\">Rep. Dem. Congo<\/td>\n<td width=\"225\">Jean NTUMBA LILEY<\/td>\n<td width=\"144\">PGS-Vanuatu<\/td>\n<\/tr>\n<tr>\n<td width=\"115\">Rep. Dem. Congo<\/td>\n<td width=\"225\">Michel MBUNGU MAKUTUBU<\/td>\n<td width=\"144\">CIL<\/td>\n<\/tr>\n<tr>\n<td width=\"115\">Kenia<\/td>\n<td width=\"225\">Solomon BALIKUDDEMBE<\/td>\n<td width=\"144\">INC &#8211; Bangladesh<\/td>\n<\/tr>\n<tr>\n<td width=\"115\">Uganda<\/td>\n<td width=\"225\">Isaac OFOYRWOTH<\/td>\n<td width=\"144\">PGS-Vanuatu<\/td>\n<\/tr>\n<tr>\n<td width=\"115\">Bolivia<\/td>\n<td width=\"225\">Paolo Estefano LENAZ<\/td>\n<td width=\"144\">BMA<\/td>\n<\/tr>\n<tr>\n<td width=\"115\">Jap\u00f3n<\/td>\n<td width=\"225\">Chihiro MORITO<\/td>\n<td width=\"144\">AFE-Sud\u00e1n<\/td>\n<\/tr>\n<tr>\n<td width=\"115\">India<\/td>\n<td width=\"225\">Zabenthung Dominic HUMTSOE LOTHA<\/td>\n<td width=\"144\">INE-Ruman\u00eda\/Moldavia<\/td>\n<\/tr>\n<tr>\n<td width=\"115\">India<\/td>\n<td width=\"225\">Molson Hubert UTTAM<\/td>\n<td width=\"144\">AFM<\/td>\n<\/tr>\n<tr>\n<td width=\"115\">Madagascar<\/td>\n<td width=\"225\">Charles NIRINA RASENDRAMANANA<\/td>\n<td width=\"144\">GER-Turqu\u00eda<\/td>\n<\/tr>\n<tr>\n<td width=\"115\">Polonia<\/td>\n<td width=\"225\">Marcin WOSIEK<\/td>\n<td width=\"144\">Grecia<\/td>\n<\/tr>\n<tr>\n<td width=\"115\">Zambia<\/td>\n<td width=\"225\">Mwila MUMBA<\/td>\n<td width=\"144\">INC &#8211; Bangladesh<\/td>\n<\/tr>\n<tr>\n<td width=\"115\">Zambia<\/td>\n<td width=\"225\">Musa NG\u2019ANDWE<\/td>\n<td width=\"144\">INE-Ruman\u00eda\/ Moldavia<\/td>\n<\/tr>\n<tr>\n<td width=\"115\">Timor Oriental<\/td>\n<td width=\"225\">Tobias Freitas DO NASCIMENTO<\/td>\n<td width=\"144\">MOZ<\/td>\n<\/tr>\n<tr>\n<td width=\"115\">Angola<\/td>\n<td width=\"225\">Francisco Miguel DA GRA\u00c7A<\/td>\n<td width=\"144\">BMA<\/td>\n<\/tr>\n<tr>\n<td width=\"115\">Vietnam<\/td>\n<td width=\"225\">Francis TRAN VAN NHO<\/td>\n<td width=\"144\">THA\/Camboya<\/td>\n<\/tr>\n<tr>\n<td width=\"115\">Vietnam<\/td>\n<td width=\"225\">Simon NGUY\u1ec4N THANH SANG<\/td>\n<td width=\"144\">KOR-Mongolia<\/td>\n<\/tr>\n<tr>\n<td width=\"115\">Vietnam<\/td>\n<td width=\"225\">Vincent NGUYEN TIEN NAM<\/td>\n<td width=\"144\">CIL<\/td>\n<\/tr>\n<tr>\n<td width=\"115\">Vietnam<\/td>\n<td width=\"225\">Chuyen NGUYEN<\/td>\n<td width=\"144\">AFM<\/td>\n<\/tr>\n<\/tbody>\n<\/table>\n<p>Otros nueve salesianos que por diversos motivos no participaron en los env\u00edos misioneros pasados, se unir\u00e1n para recibir la cruz misionera.<\/p>\n<p>Presentamos tambi\u00e9n el programa dise\u00f1ado para este evento, que se celebrar\u00e1 en Valdocco &#8211; Tur\u00edn, entre el 8 y el 12 de noviembre.<\/p>\n<p><strong>El programa del 150\u00ba aniversario de la Primera Expedici\u00f3n Misionera Salesiana<br \/>\n<\/strong><br \/>\n8-9 de noviembre: Encuentro de los j\u00f3venes de la Animaci\u00f3n Misionera italiana, BeAMission<br \/>\n8-11 de noviembre: Encuentro mundial DIAM (<strong>D<\/strong>elegados <strong>I<\/strong>nspectoriales para la <strong>A<\/strong>nimaci\u00f3n <strong>M<\/strong>isionera)<\/p>\n<p><strong>1<em>1 de noviembre: 156\u00aa Expedici\u00f3n Misionera Salesiana SDB y 148\u00aa FMA.<\/em> <\/strong>La Santa Misa se celebrar\u00e1 a las 17:00, en la Bas\u00edlica Mar\u00eda Auxiliadora y se transmitir\u00e1 en directo por el canal de <a href=\"https:\/\/www.youtube.com\/ANSchannel\">Youtube ANS<\/a>, de la Agencia Info Salesiana<br \/>\n12 de noviembre: Inauguraci\u00f3n del <a href=\"https:\/\/www.google.com\/maps\/place\/Via+Angelo+Carrara,+260,+16147+Genova+GE\/@44.3961542,8.9942613,212m\/data=!3m1!1e3!4m6!3m5!1s0x12d3433c41ae712f:0xa65a034cb6735df!8m2!3d44.3963114!4d8.9949396!16s%2Fg%2F11b8y63pyh?entry=ttu&amp;g_ep=EgoyMDI1MTAwOC4wIKXMDSoASAFQAw%3D%3D\">Museo de las Expediciones Misioneras Salesianas<\/a> en G\u00e9nova<br \/>\n13-15 de noviembre: Consulta del Sector para las Misiones<\/p>\n<p><strong>Programa detallado<br \/>\n<\/strong><br \/>\n<strong><em>BeAMission<br \/>\n<\/em><\/strong>8 de noviembre, 14:00: Lanzamiento de actividades e inicio del programa<br \/>\n8 de noviembre, 20:45: Fiesta misionera<br \/>\n9 de noviembre, ma\u00f1ana: Living libraries y di\u00e1logo con los nuevos misioneros<br \/>\n9 de noviembre, 15:00: Misa y env\u00edo misionero de los j\u00f3venes<br \/>\n9 de noviembre, 16:30: Refrigerio y saludos<\/p>\n<p><strong><em>Encuentro mundial DIAM<br \/>\n<\/em><\/strong>9 de noviembre, 19:00: V\u00edsperas e inicio del encuentro<br \/>\n10 de noviembre: Formaci\u00f3n, intercambio y reflexi\u00f3n<br \/>\n10 de noviembre, tarde: Presentaci\u00f3n Bosco Food<br \/>\n11 de noviembre, ma\u00f1ana: Encuentros continentales y regionales DIAM<br \/>\n11 de noviembre, 15:00: Encuentro con el Rector Mayor, Don Fabio ATTARD<br \/>\n11 de noviembre, 17:00: 156\u00aa Expedici\u00f3n Misionera Salesiana SDB y 148\u00aa FMA en la Bas\u00edlica Mar\u00eda Auxiliadora<br \/>\n12 de noviembre: Jornada en G\u00e9nova e inauguraci\u00f3n del Museo de las Expediciones Misioneras Salesianas<br \/>\n12 de noviembre, tarde: Conclusi\u00f3n del encuentro DIAM<\/p>\n","protected":false},"excerpt":{"rendered":"<p>Han pasado 150 a\u00f1os de la Primera Expedici\u00f3n Misionera Salesiana. Pero la 150\u00aa Expedici\u00f3n Misionera&#8230;<\/p>\n","protected":false},"author":1,"featured_media":47047,"comment_status":"closed","ping_status":"closed","sticky":false,"template":"","format":"standard","meta":{"iawp_total_views":72,"footnotes":""},"categories":[185],"tags":[1720,2558,2593,2184,2633,1894,1912,1924,1960,2020,2637],"class_list":["post-47053","post","type-post","status-publish","format-standard","has-post-thumbnail","hentry","category-misiones","tag-carisma-salesiano","tag-dios","tag-familia-salesiana","tag-hijas-de-maria-auxiliadora","tag-iglesia","tag-misiones","tag-noticias-religiosas","tag-paises","tag-salesianos","tag-viajes","tag-vocaciones"],"_links":{"self":[{"href":"https:\/\/www.donbosco.press\/es\/wp-json\/wp\/v2\/posts\/47053","targetHints":{"allow":["GET"]}}],"collection":[{"href":"https:\/\/www.donbosco.press\/es\/wp-json\/wp\/v2\/posts"}],"about":[{"href":"https:\/\/www.donbosco.press\/es\/wp-json\/wp\/v2\/types\/post"}],"author":[{"embeddable":true,"href":"https:\/\/www.donbosco.press\/es\/wp-json\/wp\/v2\/users\/1"}],"replies":[{"embeddable":true,"href":"https:\/\/www.donbosco.press\/es\/wp-json\/wp\/v2\/comments?post=47053"}],"version-history":[{"count":3,"href":"https:\/\/www.donbosco.press\/es\/wp-json\/wp\/v2\/posts\/47053\/revisions"}],"predecessor-version":[{"id":47063,"href":"https:\/\/www.donbosco.press\/es\/wp-json\/wp\/v2\/posts\/47053\/revisions\/47063"}],"wp:featuredmedia":[{"embeddable":true,"href":"https:\/\/www.donbosco.press\/es\/wp-json\/wp\/v2\/media\/47047"}],"wp:attachment":[{"href":"https:\/\/www.donbosco.press\/es\/wp-json\/wp\/v2\/media?parent=47053"}],"wp:term":[{"taxonomy":"category","embeddable":true,"href":"https:\/\/www.donbosco.press\/es\/wp-json\/wp\/v2\/categories?post=47053"},{"taxonomy":"post_tag","embeddable":true,"href":"https:\/\/www.donbosco.press\/es\/wp-json\/wp\/v2\/tags?post=47053"}],"curies":[{"name":"wp","href":"https:\/\/api.w.org\/{rel}","templated":true}]}}