{"id":43890,"date":"2025-06-16T07:12:23","date_gmt":"2025-06-16T07:12:23","guid":{"rendered":"https:\/\/exciting-knuth.178-32-140-152.plesk.page\/?p=43890"},"modified":"2025-07-28T09:06:23","modified_gmt":"2025-07-28T09:06:23","slug":"don-bosco-y-las-procesiones-eucaristicas","status":"publish","type":"post","link":"https:\/\/www.donbosco.press\/es\/don-bosco\/don-bosco-y-las-procesiones-eucaristicas\/","title":{"rendered":"Don Bosco y las procesiones eucar\u00edsticas"},"content":{"rendered":"\r\n<p><em>Un aspecto poco conocido pero importante del carisma de san Juan Bosco son las procesiones eucar\u00edsticas. Para el santo de los j\u00f3venes, la Eucarist\u00eda no era solo una devoci\u00f3n personal, sino una herramienta pedag\u00f3gica y un testimonio p\u00fablico. En una Tur\u00edn en transformaci\u00f3n, don Bosco vio en las procesiones una oportunidad para fortalecer la fe de los j\u00f3venes y anunciar a Cristo en las calles. La experiencia salesiana, que continu\u00f3 en todo el mundo, muestra c\u00f3mo la fe puede encarnarse en la cultura y responder a los desaf\u00edos sociales. A\u00fan hoy, vividas con autenticidad y apertura, estas procesiones pueden convertirse en signos prof\u00e9ticos de fe.<br \/><\/em><br \/><br \/>Cuando se habla de san Juan Bosco (1815-1888) se piensa inmediatamente en sus oratorios populares, en la pasi\u00f3n educativa por los j\u00f3venes y en la familia salesiana nacida de su carisma. Menos conocido, pero no por ello menos decisivo, es el papel que la devoci\u00f3n eucar\u00edstica \u2014y en particular las procesiones eucar\u00edsticas\u2014 tuvo en su obra. Para Don Bosco, la Eucarist\u00eda no era solo el coraz\u00f3n de la vida interior; tambi\u00e9n constitu\u00eda una poderosa herramienta pedag\u00f3gica y un signo p\u00fablico de renovaci\u00f3n social en una Tur\u00edn en r\u00e1pida transformaci\u00f3n industrial. Recorrer el v\u00ednculo entre el santo de los j\u00f3venes y las procesiones con el Sant\u00edsimo significa entrar en un laboratorio pastoral donde liturgia, catequesis, educaci\u00f3n c\u00edvica y promoci\u00f3n humana se entrelazan de manera original y, en ocasiones, sorprendente.<br \/><br \/><strong>Las procesiones eucar\u00edsticas en el contexto del siglo XIX<br \/><\/strong>Para comprender a Don Bosco es necesario recordar que el siglo XIX italiano vivi\u00f3 un intenso debate sobre el papel p\u00fablico de la religi\u00f3n. Tras la \u00e9poca napole\u00f3nica y del movimiento risorgimentista, las manifestaciones religiosas en las calles de la ciudad ya no eran algo dado por sentado: en muchas regiones se estaba delineando un estado liberal que miraba con recelo cualquier expresi\u00f3n p\u00fablica del catolicismo, temiendo concentraciones masivas o resurgimientos \u201creaccionarios\u201d. Sin embargo, las procesiones eucar\u00edsticas manten\u00edan una fuerza simb\u00f3lica muy poderosa: recordaban la se\u00f1or\u00eda de Cristo sobre toda la realidad y, al mismo tiempo, hac\u00edan emerger una Iglesia popular, visible e encarnada en los barrios. Contra este trasfondo se destaca la obstinaci\u00f3n de Don Bosco, que nunca renunci\u00f3 a acompa\u00f1ar a sus j\u00f3venes en el testimonio de la fe fuera de los muros del oratorio, ya fueran las calles de Valdocco o los campos circundantes.<br \/><br \/>Desde los a\u00f1os de formaci\u00f3n en el seminario de Chieri, Giovanni Bosco desarroll\u00f3 una sensibilidad eucar\u00edstica de sabor \u201cmisionero\u201d. Las cr\u00f3nicas cuentan que a menudo se deten\u00eda en la capilla, despu\u00e9s de las clases, largo tiempo en oraci\u00f3n ante el tabern\u00e1culo. En las \u201cMemorias del Oratorio\u201d \u00e9l mismo reconoce haber aprendido de su director espiritual, don Cafasso, el valor de \u201chacerse pan\u201d para los dem\u00e1s: contemplar a Jes\u00fas que se entrega en la Hostia significaba, para \u00e9l, aprender la l\u00f3gica del amor gratuito. Esta l\u00ednea atraviesa toda su historia: \u201cMant\u00e9nganse amigos de Jes\u00fas sacramentado y Mar\u00eda Auxiliadora\u201d repetir\u00e1 a los j\u00f3venes, se\u00f1alando la comuni\u00f3n frecuente y la adoraci\u00f3n silenciosa como pilares de un camino de santidad laical y cotidiana.<br \/><br \/><strong>El oratorio de Valdocco y las primeras procesiones internas<br \/><\/strong>En los primeros a\u00f1os cuarenta del siglo XIX, el oratorio turin\u00e9s a\u00fan no pose\u00eda una iglesia propiamente dicha. Las celebraciones se realizaban en barracas de madera o en patios adaptados. Don Bosco, sin embargo, no renunci\u00f3 a organizar peque\u00f1as procesiones internas, casi \u201censayos generales\u201d de lo que se convertir\u00eda en una pr\u00e1ctica establecida. Los j\u00f3venes llevaban cirios y estandartes, cantaban alabanzas marianas y, al final, se deten\u00edan alrededor de un altar improvisado para la bendici\u00f3n eucar\u00edstica. Estos primeros intentos ten\u00edan una funci\u00f3n eminentemente pedag\u00f3gica: acostumbrar a los j\u00f3venes a una participaci\u00f3n devota pero alegre, uniendo disciplina y espontaneidad. En la Tur\u00edn obrera, donde a menudo la miseria desembocaba en violencia, desfilar ordenados con el pa\u00f1uelo rojo al cuello ya era una se\u00f1al contracorriente: mostraba que la fe pod\u00eda educar al respeto de uno mismo y de los dem\u00e1s.<br \/><br \/>Don Bosco sab\u00eda bien que una procesi\u00f3n no se improvisa: se necesitan signos, cantos, gestos que hablen al coraz\u00f3n antes que a la mente. Por eso cuidaba personalmente la explicaci\u00f3n de los s\u00edmbolos. El baldaquino se convert\u00eda en la imagen de la tienda del encuentro, signo de la presencia divina que acompa\u00f1a al pueblo en camino. Las flores esparcidas a lo largo del recorrido recordaban la belleza de las virtudes cristianas que deben adornar el alma. Los faroles, indispensables en las salidas nocturnas, alud\u00edan a la luz de la fe que ilumina las tinieblas del pecado. Cada elemento era objeto de una peque\u00f1a \u201cpredicaci\u00f3n\u201d convivencial en el refectorio o en la recreaci\u00f3n, de modo que la preparaci\u00f3n log\u00edstica se entrelazara con la catequesis sistem\u00e1tica. \u00bfEl resultado? Para los j\u00f3venes, la procesi\u00f3n no era un deber ritual sino una ocasi\u00f3n de fiesta cargada de significado.<br \/><br \/>Uno de los aspectos m\u00e1s caracter\u00edsticos de las procesiones salesianas era la presencia de la banda formada por los mismos alumnos. Don Bosco consideraba la m\u00fasica un ant\u00eddoto contra el ocio y, al mismo tiempo, una poderosa herramienta de evangelizaci\u00f3n: \u201cUna marcha alegre bien ejecutada \u2014escrib\u00eda\u2014 atrae a la gente como el im\u00e1n atrae al hierro\u201d. La banda preced\u00eda al Sant\u00edsimo, alternando piezas sacras con arias populares adaptadas con textos religiosos. Este \u201cdi\u00e1logo\u201d entre fe y cultura popular reduc\u00eda las distancias con los transe\u00fantes y creaba alrededor de la procesi\u00f3n un aura de fiesta compartida. No pocos cronistas laicos testimoniaron haber sido \u201cintrigados\u201d por aquel grupo de j\u00f3venes m\u00fasicos disciplinados, tan diferente de las bandas militares o filarm\u00f3nicas de la \u00e9poca.<br \/><br \/><strong>Procesiones como respuesta a las crisis sociales<br \/><\/strong>La Tur\u00edn del siglo XIX conoci\u00f3 epidemias de c\u00f3lera (1854 y 1865), huelgas, hambrunas y tensiones anticlericales. Don Bosco reaccion\u00f3 a menudo proponiendo procesiones extraordinarias de reparaci\u00f3n o de s\u00faplica. Durante el c\u00f3lera de 1854 llev\u00f3 a los j\u00f3venes por las calles m\u00e1s afectadas, recitando en voz alta las letan\u00edas por los enfermos y repartiendo pan y medicinas. En ese momento naci\u00f3 la promesa \u2014luego cumplida\u2014 de construir la iglesia de Mar\u00eda Auxiliadora: \u201cSi la Madonna salva a mis chicos, le levantar\u00e9 un templo\u201d. Las autoridades civiles, inicialmente contrarias a los cortejos religiosos por temor al contagio, tuvieron que reconocer la eficacia de la red de asistencia salesiana, alimentada espiritualmente precisamente por las procesiones. La Eucarist\u00eda, llevada entre los enfermos, se convert\u00eda as\u00ed en un signo tangible de la compasi\u00f3n cristiana.<br \/><br \/>Contrariamente a ciertos modelos devocionales cerrados en las sacrist\u00edas, las procesiones de Don Bosco reivindicaban un derecho de ciudadan\u00eda de la fe en el espacio p\u00fablico. No se trataba de \u201cocupar\u201d las calles, sino de devolverlas a su vocaci\u00f3n comunitaria. Pasar bajo los balcones, atravesar plazas y p\u00f3rticos significaba recordar que la ciudad no es solo lugar de intercambio econ\u00f3mico o de enfrentamiento pol\u00edtico, sino de encuentro fraterno. Por eso Don Bosco insist\u00eda en un orden impecable: capas cepilladas, zapatos limpios, filas regulares. Quer\u00eda que la imagen de la procesi\u00f3n comunicara belleza y dignidad, persuadiendo incluso a los observadores m\u00e1s esc\u00e9pticos de que la propuesta cristiana elevaba a la persona.<br \/><br \/><strong>La herencia salesiana de las procesiones<br \/><\/strong>Despu\u00e9s de la muerte de Don Bosco, sus hijos espirituales difundieron la pr\u00e1ctica de las procesiones eucar\u00edsticas en todo el mundo: desde las escuelas agr\u00edcolas de Emilia hasta las misiones de la Patagonia, desde los colegios asi\u00e1ticos hasta los barrios obreros de Bruselas. Lo que importaba no era duplicar fielmente un rito piamont\u00e9s, sino transmitir el n\u00facleo pedag\u00f3gico: protagonismo juvenil, catequesis simb\u00f3lica, apertura a la sociedad circundante. As\u00ed, en Am\u00e9rica Latina, los salesianos incorporaron danzas tradicionales al inicio del cortejo; en India adoptaron alfombras de flores seg\u00fan el arte local; en \u00c1frica subsahariana alternaron cantos gregorianos con ritmos polif\u00f3nicos tribales. La Eucarist\u00eda se convert\u00eda en puente entre culturas, realizando el sue\u00f1o de Don Bosco de \u201chacer de todos los pueblos una sola familia\u201d.<br \/><br \/>Desde el punto de vista teol\u00f3gico, las procesiones de Don Bosco encarnan una fuerte visi\u00f3n de la presencia real de Cristo. Llevar el Sant\u00edsimo \u201cafuera\u201d significa proclamar que el Verbo no se hizo carne para quedarse encerrado, sino para \u201cplantar su tienda en medio de nosotros\u201d (cf. Jn 1,14). Tal presencia pide ser anunciada en formas comprensibles, sin reducirse a un gesto intimista. En Don Bosco, la din\u00e1mica centr\u00edpeta de la adoraci\u00f3n (reunir los corazones alrededor de la Hostia) genera una din\u00e1mica centr\u00edfuga: los j\u00f3venes, alimentados en el altar, se sienten enviados a servir. De la procesi\u00f3n surgen micro-compromisos: asistir a un compa\u00f1ero enfermo, pacificar una pelea, estudiar con mayor diligencia. La Eucarist\u00eda se prolonga en las \u201cprocesiones invisibles\u201d de la caridad cotidiana.<br \/><br \/>Hoy, en contextos secularizados o multirreligiosos, las procesiones eucar\u00edsticas pueden plantear interrogantes: \u00bfsiguen siendo comunicativas? \u00bfNo corren el riesgo de parecer folclore nost\u00e1lgico? La experiencia de Don Bosco sugiere que la clave est\u00e1 en la calidad relacional m\u00e1s que en la cantidad de incienso o de ornamentos. Una procesi\u00f3n que involucra a familias, explica los s\u00edmbolos, integra lenguajes art\u00edsticos contempor\u00e1neos y, sobre todo, se conecta con gestos concretos de solidaridad, mantiene una sorprendente fuerza prof\u00e9tica. El reciente S\u00ednodo sobre los j\u00f3venes (2018) ha subrayado varias veces la importancia de \u201csalir\u201d y de \u201cmostrar la fe con la carne\u201d. La tradici\u00f3n salesiana, con su liturgia itinerante, ofrece un paradigma ya probado de \u201cIglesia en salida\u201d.<br \/><br \/><br \/>Las procesiones eucar\u00edsticas no eran para Don Bosco simples tradiciones lit\u00fargicas, sino verdaderos actos educativos, espirituales y sociales. Representaban una s\u00edntesis entre fe vivida, comunidad educativa y testimonio p\u00fablico. A trav\u00e9s de ellas, Don Bosco formaba j\u00f3venes capaces de adorar, respetar, servir y testimoniar.<br \/><br \/>Hoy, en un mundo fragmentado y distra\u00eddo, reapropiarse del valor de las procesiones eucar\u00edsticas a la luz del carisma salesiano puede ser una forma eficaz de reencontrar el sentido de lo esencial: Cristo presente en medio de su pueblo, que camina con \u00e9l, lo adora, lo sirve y lo anuncia.<br \/>En una \u00e9poca que busca autenticidad, visibilidad y relaciones, la procesi\u00f3n eucar\u00edstica \u2014si se vive seg\u00fan el esp\u00edritu de Don Bosco\u2014 puede ser un signo poderoso de esperanza y renovaci\u00f3n.<br \/><br \/><br \/><em>Photo : Shutterstock<\/em><\/p>","protected":false},"excerpt":{"rendered":"<p>Un aspecto poco conocido pero importante del carisma de san Juan Bosco son las procesiones&#8230;<\/p>\n","protected":false},"author":1,"featured_media":43867,"comment_status":"closed","ping_status":"open","sticky":false,"template":"","format":"standard","meta":{"iawp_total_views":56,"footnotes":""},"categories":[187],"tags":[2636,1768,2198,2582,2593,1822,2633,2190,1816],"class_list":["post-43890","post","type-post","status-publish","format-standard","has-post-thumbnail","hentry","category-don-bosco","tag-consejos","tag-don-bosco","tag-educacion","tag-eventos","tag-familia-salesiana","tag-gracia","tag-iglesia","tag-jesus","tag-jovenes"],"_links":{"self":[{"href":"https:\/\/www.donbosco.press\/es\/wp-json\/wp\/v2\/posts\/43890","targetHints":{"allow":["GET"]}}],"collection":[{"href":"https:\/\/www.donbosco.press\/es\/wp-json\/wp\/v2\/posts"}],"about":[{"href":"https:\/\/www.donbosco.press\/es\/wp-json\/wp\/v2\/types\/post"}],"author":[{"embeddable":true,"href":"https:\/\/www.donbosco.press\/es\/wp-json\/wp\/v2\/users\/1"}],"replies":[{"embeddable":true,"href":"https:\/\/www.donbosco.press\/es\/wp-json\/wp\/v2\/comments?post=43890"}],"version-history":[{"count":4,"href":"https:\/\/www.donbosco.press\/es\/wp-json\/wp\/v2\/posts\/43890\/revisions"}],"predecessor-version":[{"id":44415,"href":"https:\/\/www.donbosco.press\/es\/wp-json\/wp\/v2\/posts\/43890\/revisions\/44415"}],"wp:featuredmedia":[{"embeddable":true,"href":"https:\/\/www.donbosco.press\/es\/wp-json\/wp\/v2\/media\/43867"}],"wp:attachment":[{"href":"https:\/\/www.donbosco.press\/es\/wp-json\/wp\/v2\/media?parent=43890"}],"wp:term":[{"taxonomy":"category","embeddable":true,"href":"https:\/\/www.donbosco.press\/es\/wp-json\/wp\/v2\/categories?post=43890"},{"taxonomy":"post_tag","embeddable":true,"href":"https:\/\/www.donbosco.press\/es\/wp-json\/wp\/v2\/tags?post=43890"}],"curies":[{"name":"wp","href":"https:\/\/api.w.org\/{rel}","templated":true}]}}