{"id":35297,"date":"2025-03-04T17:19:52","date_gmt":"2025-03-04T17:19:52","guid":{"rendered":"https:\/\/exciting-knuth.178-32-140-152.plesk.page\/?p=35297"},"modified":"2025-03-04T17:22:41","modified_gmt":"2025-03-04T17:22:41","slug":"somos-nosotros-don-bosco-hoy","status":"publish","type":"post","link":"https:\/\/www.donbosco.press\/es\/comunicaciones-del-rector-mayor\/somos-nosotros-don-bosco-hoy\/","title":{"rendered":"Somos nosotros, don Bosco, hoy"},"content":{"rendered":"\n<p><em>\u00abT\u00fa llevar\u00e1s a cabo el trabajo que estoy comenzando; yo har\u00e9 los bocetos, t\u00fa dibujar\u00e1s los colores\u00bb (Don Bosco)<br><\/em><br><br>Queridos amigos y lectores, miembros de la Familia Salesiana, en el saludo de este mes en el Bolet\u00edn Salesiano me centrar\u00e9 en un evento muy importante que est\u00e1 viviendo la Congregaci\u00f3n Salesiana: el 29\u00b0 Cap\u00edtulo General. En el camino de la Congregaci\u00f3n Salesiana, cada seis a\u00f1os se lleva a cabo esta asamblea, la m\u00e1s importante que puede vivir la Congregaci\u00f3n.<br>Muchas cosas forman parte de nuestra vida, y muchos eventos importantes este a\u00f1o jubilar nos est\u00e1 regalando; sin embargo, deseo centrarme en esto porque, aunque aparentemente est\u00e1 lejos de nosotros, nos concierne a todos.<br>Don Bosco, nuestro Fundador, era consciente de que no todo terminar\u00eda con \u00e9l, sino que su obra ser\u00eda solo el comienzo de un largo camino por recorrer. A los sesenta a\u00f1os, un d\u00eda de 1875, le dijo a don Julio Barberis, uno de sus colaboradores m\u00e1s cercanos: \u201cT\u00fa llevar\u00e1s a cabo el trabajo que estoy comenzando; yo har\u00e9 los bocetos, t\u00fa dibujar\u00e1s los colores [&#8230;] Har\u00e9 una copia aproximada de la Congregaci\u00f3n y dejar\u00e9 a aquellos que vendr\u00e1n despu\u00e9s de m\u00ed la tarea de embellecerla\u201d.<br><br>Con esta feliz y prof\u00e9tica expresi\u00f3n, don Bosco trazaba el camino que todos estamos llamados a seguir; y en su m\u00e1xima expresi\u00f3n se est\u00e1 llevando a cabo el Cap\u00edtulo General de los Salesianos de don Bosco en estos tiempos en Valdocco.<br><br><strong>La profec\u00eda de los caramelos<br><\/strong>El mundo de hoy no es el de don Bosco, pero hay una caracter\u00edstica com\u00fan: es un tiempo de profundas mutaciones. La humanizaci\u00f3n completa, equilibrada y responsable en sus componentes materiales y espirituales era el verdadero objetivo de don Bosco. Se preocupaba por llenar el \u201cespacio interior\u201d de los chicos, formar \u201ccabezas bien hechas\u201d, \u201cciudadanos honestos\u201d. En esto es m\u00e1s actual que nunca. El mundo hoy necesita de don Bosco.<br>Al principio, para todos hay una pregunta muy simple: \u00ab\u00bfQuieres una vida cualquiera o quieres cambiar el mundo?\u00bb Pero, \u00bfse puede a\u00fan hablar de metas e ideales, hoy? Cuando deja de correr, el r\u00edo se convierte en un pantano. Tambi\u00e9n el hombre.<br>Don Bosco no ha dejado de caminar. Hoy lo hace con nuestros pies.<br>Ten\u00eda una convicci\u00f3n respecto a los j\u00f3venes: \u00abEsta porci\u00f3n la m\u00e1s delicada y la m\u00e1s preciosa de la sociedad humana, sobre la cual se fundamentan las esperanzas de un futuro feliz, no es por s\u00ed misma de \u00edndole perversa&#8230; porque si a veces ocurre que ya est\u00e1n da\u00f1ados a esa edad, lo son m\u00e1s bien por imprudencia, que no por malicia consumada. Estos j\u00f3venes realmente necesitan una mano ben\u00e9fica, que se ocupe de ellos, los cultive, los gu\u00ede&#8230;\u00bb.<br>En 1882, en una conferencia a los Cooperadores en G\u00e9nova: \u00abAl retirar, instruir, educar a los j\u00f3venes en peligro se hace un bien a toda la sociedad civil. Si la juventud est\u00e1 bien educada, con el tiempo tendremos una generaci\u00f3n mejor\u00bb. Es como decir: solo la educaci\u00f3n puede cambiar el mundo.<br>Don Bosco ten\u00eda una capacidad de visi\u00f3n casi aterradora. Nunca dice \u201chasta ahora\u201d. Siempre dice \u201cde ahora en adelante\u201d.<br>Guy Avanzini, eminente profesor universitario, contin\u00faa repitiendo: \u00abLa pedagog\u00eda del siglo veintiuno ser\u00e1 salesiana, o no ser\u00e1\u00bb.<br>Una noche de 1851, desde una ventana del primer piso, don Bosco lanz\u00f3 entre los chicos un pu\u00f1ado de caramelos. Se encendi\u00f3 una gran alegr\u00eda, y un chico, al verlo sonre\u00edr desde la ventana, le grit\u00f3: \u00ab\u00a1Oh don Bosco, si pudiera ver todas las partes del mundo, y en cada una de ellas tantos oratorios!\u00bb.<br>Don Bosco fij\u00f3 en el aire su mirada serena y respondi\u00f3: \u00abQui\u00e9n sabe si no debe llegar el d\u00eda en que los hijos del oratorio no est\u00e9n realmente esparcidos por todo el mundo\u00bb.<br><br><strong>Mirar lejos<br><\/strong>Pero, \u00bfqu\u00e9 es un Cap\u00edtulo General? \u00bfPor qu\u00e9 ocupar estas l\u00edneas en un tema que es espec\u00edficamente de la Congregaci\u00f3n Salesiana?<br>Las constituciones de vida de los Salesianos de don Bosco, en el art\u00edculo 146, definen as\u00ed el Cap\u00edtulo General:<br>\u201c<em>El Cap\u00edtulo General es el principal signo de la unidad de la Congregaci\u00f3n en su diversidad. Es el encuentro fraterno en el cual los salesianos realizan una reflexi\u00f3n comunitaria para mantenerse fieles al Evangelio y al carisma del Fundador y sensibles a las necesidades de los tiempos y lugares.<br>A trav\u00e9s del Cap\u00edtulo General, toda la Sociedad, dej\u00e1ndose guiar por el Esp\u00edritu del Se\u00f1or, busca conocer, en un momento determinado de la historia, la voluntad de Dios para un mejor servicio a la Iglesia<\/em>\u201d.<br>El Cap\u00edtulo General no es, por lo tanto, un hecho privado de los salesianos consagrados, sino una asamblea important\u00edsima que a todos nos concierne, que toca a toda la Familia Salesiana y a aquellos que llevan a don Bosco dentro de s\u00ed, porque en el centro est\u00e1n las personas, la misi\u00f3n, el Carisma de don Bosco, la Iglesia y cada uno de nosotros, de ustedes.<br>En el centro est\u00e1 la fidelidad a Dios y a don Bosco, en la capacidad de ver los signos de los tiempos y de los diferentes lugares. Fidelidad que es un continuo movimiento, renovaci\u00f3n, capacidad de mirar lejos y, al mismo tiempo, mantener los pies bien plantados en la tierra.<br>Por eso se han reunido alrededor de 250 hermanos salesianos, de todas partes del mundo, para orar, pensar, confrontarse y mirar lejos&#8230; en fidelidad a don Bosco.<br>Y luego, a partir de la construcci\u00f3n de esta visi\u00f3n, elegir al nuevo Rector Mayor, el sucesor de don Bosco y su Consejo General.<br>No es algo ajeno a tu vida, querido amigo\/a que lees, sino dentro de tu existencia y en tu \u201cafecto\u201d a don Bosco. \u00bfPor qu\u00e9 te digo esto? Porque t\u00fa acompa\u00f1as todo esto con tu oraci\u00f3n. La oraci\u00f3n al Esp\u00edritu Santo que ayude a todos los capitulares a conocer la voluntad de Dios para un mejor servicio a la Iglesia.<br><br>Creo que el CG29, estoy seguro, ser\u00e1 todo esto. Una experiencia de Dios para limpiar otras partes del boceto que Don Bosco nos ha dejado, como siempre se ha hecho en todos los Cap\u00edtulos Generales de la historia de la Congregaci\u00f3n, siempre fieles a su dise\u00f1o.<br>Seguros de que tambi\u00e9n hoy podemos seguir siendo iluminados para ser fieles al Se\u00f1or Jes\u00fas en la fidelidad al carisma original, con los rostros, la m\u00fasica y los colores de hoy.<br>No estamos solos en esta misi\u00f3n y sabemos y sentimos que Mar\u00eda, la Madre Auxiliadora de los cristianos, la Auxiliadora de la Iglesia, modelo de fidelidad, sostendr\u00e1 los pasos de todos nosotros.<\/p>\n","protected":false},"excerpt":{"rendered":"<p>\u00abT\u00fa llevar\u00e1s a cabo el trabajo que estoy comenzando; yo har\u00e9 los bocetos, t\u00fa dibujar\u00e1s&#8230;<\/p>\n","protected":false},"author":19,"featured_media":35289,"comment_status":"closed","ping_status":"open","sticky":false,"template":"","format":"standard","meta":{"iawp_total_views":18,"footnotes":""},"categories":[184],"tags":[1720,1768,2198,2233,1816,2612,1960],"class_list":["post-35297","post","type-post","status-publish","format-standard","has-post-thumbnail","hentry","category-comunicaciones-del-rector-mayor","tag-carisma-salesiano","tag-don-bosco","tag-educacion","tag-esperanza","tag-jovenes","tag-nuestros-guias","tag-salesianos"],"_links":{"self":[{"href":"https:\/\/www.donbosco.press\/es\/wp-json\/wp\/v2\/posts\/35297","targetHints":{"allow":["GET"]}}],"collection":[{"href":"https:\/\/www.donbosco.press\/es\/wp-json\/wp\/v2\/posts"}],"about":[{"href":"https:\/\/www.donbosco.press\/es\/wp-json\/wp\/v2\/types\/post"}],"author":[{"embeddable":true,"href":"https:\/\/www.donbosco.press\/es\/wp-json\/wp\/v2\/users\/19"}],"replies":[{"embeddable":true,"href":"https:\/\/www.donbosco.press\/es\/wp-json\/wp\/v2\/comments?post=35297"}],"version-history":[{"count":0,"href":"https:\/\/www.donbosco.press\/es\/wp-json\/wp\/v2\/posts\/35297\/revisions"}],"wp:featuredmedia":[{"embeddable":true,"href":"https:\/\/www.donbosco.press\/es\/wp-json\/wp\/v2\/media\/35289"}],"wp:attachment":[{"href":"https:\/\/www.donbosco.press\/es\/wp-json\/wp\/v2\/media?parent=35297"}],"wp:term":[{"taxonomy":"category","embeddable":true,"href":"https:\/\/www.donbosco.press\/es\/wp-json\/wp\/v2\/categories?post=35297"},{"taxonomy":"post_tag","embeddable":true,"href":"https:\/\/www.donbosco.press\/es\/wp-json\/wp\/v2\/tags?post=35297"}],"curies":[{"name":"wp","href":"https:\/\/api.w.org\/{rel}","templated":true}]}}