{"id":29693,"date":"2024-08-14T10:10:58","date_gmt":"2024-08-14T10:10:58","guid":{"rendered":"https:\/\/exciting-knuth.178-32-140-152.plesk.page\/?p=29693"},"modified":"2024-09-02T15:36:54","modified_gmt":"2024-09-02T15:36:54","slug":"entrevista-con-nelson-javier-moreno-ruiz-inspector-en-chile","status":"publish","type":"post","link":"https:\/\/www.donbosco.press\/es\/el-invitado\/entrevista-con-nelson-javier-moreno-ruiz-inspector-en-chile\/","title":{"rendered":"Entrevista con Nelson Javier MORENO RUIZ, Inspector en Chile"},"content":{"rendered":"\n<p><em><em>El P. Nelson tiene 57 a\u00f1os y naci\u00f3 en la ciudad de Concepci\u00f3n el 11 de septiembre de 1965. Conoci\u00f3 a los salesianos en el Colegio Salesiano de Concepci\u00f3n, donde fue alumno y particip\u00f3 de los grupos juveniles y de las actividades pastorales.<br>Sus padres Fabriciano Moreno y Mar\u00eda Mercedes Ruiz viven actualmente en la ciudad de Concepci\u00f3n.<br>Realiz\u00f3 toda su formaci\u00f3n inicial en la ciudad de Santiago. Hizo la Profesi\u00f3n Perpetua el 08 de agosto de 1992 en Santiago (La Florida). Fue ordenado sacerdote el 06 de agosto de 1994 en Santiago. Sus primeros a\u00f1os de sacerdote los vivi\u00f3 en la presencia salesiana del Colegio San Jos\u00e9 de Punta Arenas y en el colegio salesiano de Concepci\u00f3n, donde trabaj\u00f3 en la pastoral. Del 2001 al 2006 fue director de la presencia salesiana de Puerto Natales y del 2006 al 2012 director de la presencia salesiana de Puerto Montt.<br>Entre los a\u00f1os 2012 y 2017 asumi\u00f3 el servicio de ec\u00f3nomo inspectorial, a la vez que director de la casa inspectorial. En el a\u00f1o 2018 fue director de la presencia salesiana de la Gratitud Nacional en el centro de la ciudad de Santiago y desde el 2019 director la obra de Puerto Montt donde se encuentra en este momento.<br>El P. Moreno Ruiz sucede al P. Carlo Lira Airola, que concluy\u00f3 su mandato de seis a\u00f1os en enero de 2024.<\/em><\/em><br><br><br><strong>\u00bfPuedes hacernos una auto presentaci\u00f3n?<br><\/strong>Soy un salesiano agradecido de la vida, que en la vocaci\u00f3n religiosa salesiana he encontrado la presencia de Dios en los j\u00f3venes, a quienes sirvo y acompa\u00f1o como educador pastor.<br>Soy, el padre Nelson Moreno Ruiz, provincial de la inspector\u00eda chilena. He sido llamado a este servicio de animaci\u00f3n por el Rector Mayor Obispo y Cardenal don \u00c1ngel Fern\u00e1ndez Artime, asumiendo esta responsabilidad desde el mes de enero de este a\u00f1o.<br>He conocido a los salesianos desde temprana edad al ingresar al colegio salesiano de la ciudad de Concepci\u00f3n, que es la primera obra en nuestro pa\u00eds, donde llegaron los misioneros enviados por don Bosco, pasan desde Argentina a Chile en el a\u00f1o 1887.<br>En este ambiente escolar salesiano fui creciendo entorno a la propuesta educativa pastoral que ofrec\u00eda el colegio; encuentros deportivos, actividades pastorales de misiones y acci\u00f3n social de servicio muchas, todo esto, fue hacinado eco en mi vida de joven, importante tambi\u00e9n fue, ver y conocer a los salesianos en el patio de la escuela y con estas experiencias se fue gestando mi vocaci\u00f3n y con el tiempo me sent\u00ed llamado a seguir los pasos de don Bosco como salesiano.<br>Mi grupo familiar lo componen mis padres, hoy adultos de la tercera edad, mi padre Fabriciano de 93 a\u00f1os y madre de 83 a\u00f1os de edad, mis 4 hermanos, lo tres varones estudiamos en el colegio salesiano y mi hermana mayor, que tuvo muchas veces la tarea de cuidarnos. Somos una familia relativamente peque\u00f1a que ser complementan con cuatro sobrinos, que hoy ya son j\u00f3venes profesionales.<br>Como salesiano realice mi primera profesi\u00f3n religiosa el 31 de enero del 1987, de modo que ya tengo 37 a\u00f1os de Vida Religiosa, y fui ordenado sacerdote el 06 de agosto de 1994. En mi vida religiosa me ha tocado animar algunas comunidades como director de obra, adem\u00e1s de desempe\u00f1ar el servicio como ec\u00f3nomo provincial antes de ser provincial.<br>Considero que una de mis caracter\u00edsticas, es estar atento a prestar un buen servicio donde el Se\u00f1or lo quiera, es as\u00ed, que he dedicado tiempo a prepararme y a estudiar para la misi\u00f3n. Despu\u00e9s de egresar de la Ense\u00f1anza Media en el colegio salesiano de Concepci\u00f3n, ingrese a la Congregaci\u00f3n donde realice los estudios de Filosof\u00eda en la Congregaci\u00f3n, luego la Licenciatura en Teolog\u00eda en la Pontificia Universidad Cat\u00f3lica de Chile, Pedagog\u00eda en Religi\u00f3n y Licenciatura en Educaci\u00f3n en Gesti\u00f3n Escolar en la Universidad Cat\u00f3lica Ra\u00fal Silva Henr\u00edquez; posteriormente realice el Magister en Gesti\u00f3n educativa en la Universidad de Concepci\u00f3n de Chile, y el Mag\u00edster en Calidad y Excelencia Educativa en la Universidad de Santiago de Compostela en Espa\u00f1a y el doctorado en Ciencias de la Educaci\u00f3n por la Universidad de Sevilla, Espa\u00f1a.<br>Y en estos momentos, con humildad y sencillez, sirvo a mi Provincia, en los hermanos y en la animaci\u00f3n de las obras.<br><br><strong>\u00bfCon qu\u00e9 so\u00f1abas de ni\u00f1o?<br><\/strong>De ni\u00f1o, junto a mis hermanos y amigos tuve una infancia muy normal y feliz, me gustaba mucho hacer deportes, practicaba en forma regular futbol en un club del sector y esto me llevo a ilusionarme en dedicarme al deporte en mi futuro, lo que m\u00e1s me agradaba, era el compartir y tener amigos y esto me lo ofrec\u00eda el deporte.<br>Cuando me incorpore al colegio y me integre a las diversas actividades de pastoral, me di cuenta de que tambi\u00e9n me gustaba mucho ense\u00f1ar a ni\u00f1os y j\u00f3venes con los cuales ten\u00eda contacto en estas actividades pastorales. El tema educativo y pedag\u00f3gico, me hac\u00eda mucho sentido, y se fue haciendo parte de mi proyecto de vida, ya que lo ve\u00eda como un sue\u00f1o posible de realizar.<br>Estas inquietudes, se mezclaron con mi inclinaci\u00f3n por estudiar algo relacionado con el \u00e1rea de la salud, esta motivaci\u00f3n estaba muy presente, ya que en mi familia algunos ejerc\u00edan profesiones en esta \u00e1rea.<br>Veo como el hilo conductor de estas inclinaciones que sent\u00ed desde ni\u00f1o hasta mi adolescencia, estaban siempre orientadas al trabajo con personas, estar al servicio de ellas, y ser \u00fatil para ellos, sirvi\u00e9ndoles, ense\u00f1\u00e1ndoles, acompa\u00f1\u00e1ndolos.<br><br><strong>\u00bfCu\u00e1l es la historia de tu vocaci\u00f3n?<br><\/strong>Mi historia vocacional, sin duda, se inicia en mi familia, provengo de un hogar donde se viv\u00eda la fe, a trav\u00e9s de la devoci\u00f3n a san Sebasti\u00e1n y santa Rita de Casia, y fueron mis padres quienes nos inculcaron la fe, al permitirnos recibir el sacramento del bautismo y la Confirmaci\u00f3n. Mi vocaci\u00f3n comienza en torno al hogar, en forma muy sencilla, con sentido de Dios que se percib\u00eda en forma natural y sin grandes pr\u00e1cticas religiosas, pero con un profundo sentido de gratitud a Dios en lo cotidiano del d\u00eda a d\u00eda.<br>Ya en el colegio salesiano de Concepci\u00f3n, descubro un mundo nuevo, pues era un colegio enorme y de gran prestigio en la ciudad. Al llegar me sent\u00ed de inmediato acogido, y motivado a participar en las propuestas que ten\u00eda para sus estudiantes, sobre todo las actividades pastorales, en las que me integro paulatinamente, adem\u00e1s del deporte que era parte importante para m\u00ed en esa edad.<br>Cuando estaba estudiando en el colegio salesiano, me llamaron mucho la atenci\u00f3n todas las actividades pastorales y en el \u00faltimo a\u00f1o de la primaria, tuve la posibilidad de participar como monitor, en las \u201cColonias de verano \u2013 Villa Feliz\u201d, donde descubr\u00ed que pod\u00eda ser \u00fatil y entregar algo a los ni\u00f1os m\u00e1s pobres, desde ese momento asum\u00ed el compromiso de seguir en ese camino de servicio, el que me daba mucho sentido a mis inquietudes de adolescente.<br><br>Fue en los grupos juveniles donde se va definiendo m\u00e1s la vocaci\u00f3n a la vida religiosa, me incorporo en la Pastoral sacramental, siendo monitor de Confirmaci\u00f3n donde reafirmo el llamado a servir.<br>Toda esta vida pastor, me dan la posibilidad de conocer y compartir con salesianos que, con su testimonio y cercan\u00eda, me van presentando una propuesta vocacional que me llama la atenci\u00f3n, ya que fueron testimonios hermosos de servicio cercano a los j\u00f3venes, esto es ya el germen de mi vocaci\u00f3n religiosa, lo que me da el impulso para decidirme a ingresar a la Congregaci\u00f3n, inicio del camino vocacional en el llamado que el Se\u00f1or me hace, donde llevo ya, 30 a\u00f1os como sacerdote salesiano, acompa\u00f1ado por el lema que eleg\u00ed para mi ordenaci\u00f3n sacerdotal: \u201cSe\u00f1or, t\u00fa lo sabes todo, t\u00fa sabes que te quiero\u201d (Jn. 21,17),<br><br><strong>\u00bfPor qu\u00e9 salesiano?<br><\/strong>\u00bfPor qu\u00e9 Salesiano? Porque fue en un colegio de la Congregaci\u00f3n donde estudie, donde me forme, donde fui creciendo, se fueron formando mis convicciones, certezas y mi proyecto de vida.<br>Con los salesianos, a trav\u00e9s de las actividades pastoral, conoc\u00ed la misi\u00f3n de la Iglesia con mayor profundidad, todo este ambiente le daba pleno sentido a mi vida, confirmando que el carisma de la alegr\u00eda, de los j\u00f3venes y de la educaci\u00f3n, era el camino que el Se\u00f1or me presentaba, en el que participaba activamente, porque respond\u00eda a mis inquietudes y anhelos, y me hac\u00eda feliz, no hab\u00eda posibilidad de otra respuesta, porque los salesianos eran lo que cubr\u00eda todo lo que buscaba y anhelaba y a quienes conoc\u00ed desde mi ni\u00f1ez.<br>En mi formaci\u00f3n, tuve contacto con otras congregaciones y carismas, lo que me ayud\u00f3 a confirmar, a\u00fan m\u00e1s, que la espiritualidad salesiana, era mi estilo, lo que cubr\u00eda el sentido en lo que quer\u00eda hacer; la vida de don Bosco, el trabajo con los j\u00f3venes, el trabajo pastoral, todo, fruto de la experiencia que realice con ellos, donde me forme, donde preste servicio y donde se form\u00f3 y consolido mi vocaci\u00f3n.<br>El Se\u00f1or me regalo conocer a don Bosco y la espiritualidad salesiana, era la propuesta que \u00e9l me invitaba a seguir y yo la tom\u00e9, aqu\u00ed consagr\u00e9 mi vida, y hasta el d\u00eda de hoy siento que mi vocaci\u00f3n de salesiano me hace ser todo lo que soy.<br><br><strong>\u00bfC\u00f3mo reaccion\u00f3 tu familia?<br><\/strong>Una vez que tome la decisi\u00f3n de dar el paso de ingresar a los salesianos, se lo comunic\u00f3 a la familia, especialmente a mis padres, ellos se sorprendieron y fue la mam\u00e1 la que primero me entendi\u00f3, me apoyo y acompa\u00f1o, invit\u00e1ndome a dar ese paso.<br>El pap\u00e1, inquieto pregunt\u00f3; si estaba realmente seguro, si era lo que realmente quer\u00eda, lo que me hac\u00eda feliz y si era mi camino, a todas estas preguntas respond\u00ed que s\u00ed. El, ratificando que si era lo que quer\u00eda y estaba dispuesto a ver si era realmente mi futuro, y dejando en claro que siempre pod\u00eda contar con ellos y que no olvidara que siempre tendr\u00eda mi casa, ante la eventualidad de que no fuera mi camino, me dice que cuente con todo su apoyo.<br>Sentir tan claramente el apoyo de mis padres fue muy bonito, me dio mucha alegr\u00eda y tranquilidad, ya que iniciaba un camino sin tener la certeza de que realmente era el camino para un joven que reci\u00e9n iniciaba su proceso.<br>Mis hermanos, tambi\u00e9n se sorprendieron, porque yo ten\u00eda una vida muy natural, ligada al deporte, con amigos y amigas, pero cuando se aseguraron que de verdad quer\u00eda seguir el llamado del Se\u00f1or me estaba haciendo, me apoyaron.<br>Siempre me sent\u00ed muy acompa\u00f1ado y respaldado por mis padres y hermanos, lo que me dio mucha tranquilidad para iniciar los procesos de formaci\u00f3n, hasta el d\u00eda de hoy, cuento con ellos, s\u00e9 que me acompa\u00f1an con el cari\u00f1o hecho oraci\u00f3n.<br><br><strong>\u00bfCu\u00e1les son las necesidades locales y juveniles m\u00e1s urgentes?<br><\/strong>En el Chile actual, la cantidad de poblaci\u00f3n de 0 a 17 a\u00f1os es de 4.259.115 habitantes, lo que significa que es el 24% del total de la poblaci\u00f3n del pa\u00eds. Y los salesianos nos dedicamos especialmente a la educaci\u00f3n formal de este segmento de la poblaci\u00f3n. Tenemos 22 colegios, donde estudian los ni\u00f1os y j\u00f3venes de 4 a 19 a\u00f1os, siendo un total de 31 mil estudiantes que se educan en nuestras obras. Hoy es la red escolar m\u00e1s grande del pa\u00eds que ofrece este servicio a la juventud.<br>A esto se suma una Universidad, que atiende aproximadamente a 7 mil estudiantes, y la Fundaci\u00f3n don Bosco, dedicada a acoger y acompa\u00f1ar a ni\u00f1os en situaci\u00f3n de calle, el segmento m\u00e1s vulnerable de entre ellos, que atiende a m\u00e1s de 7 mil ni\u00f1os y j\u00f3venes.<br>Las necesidades m\u00e1s urgentes, que viven y padecen nuestros j\u00f3venes es que, est\u00e1n muy expuestos al consumo de alcohol y droga, como tambi\u00e9n al uso indiscriminado de la tecnolog\u00eda, esto junto a la soledad que viven por la desintegraci\u00f3n de las familias, los lleva muchas veces a padecer situaciones de \u201csalud mental\u201d, de depresi\u00f3n, ansiedad, angustia y crisis de p\u00e1nico u otros similares.<br>Esta realidad, nos apremia, impuls\u00e1ndonos a buscar con ah\u00ednco, acompa\u00f1arlos en su b\u00fasqueda de sentido, bienestar emocional y estabilidad afectiva, todas necesidades b\u00e1sicas del ser humano, mucho m\u00e1s de quienes est\u00e1n en desarrollo y crecimiento. Adem\u00e1s de buscar entregarles los valores cristianos y que paso a paso vayan comprometi\u00e9ndose a vivir su fe dentro de comunidades juveniles y en la Iglesia chilena, as\u00ed tambi\u00e9n como entregar la educaci\u00f3n necesaria para insertarse en la sociedad.<br>Son los j\u00f3venes la porci\u00f3n preferida de don Bosco, y a ellos, nos debemos, por lo que en ese empe\u00f1o estamos, entregarles, educaci\u00f3n y herramientas para que lleguen a ser, \u201cBuenos cristianos y honestos ciudadanos\u201d.<br><br><strong>\u00bfCu\u00e1les son las obras m\u00e1s significativas de tu zona?<br><\/strong>La Inspector\u00eda chilena, tiene una variada propuesta de obras que atiende; Parroquias, Centros Pastorales juveniles, Centros de acogida, colegios y Universidad. Pero la propuesta pastoral se ha centrado fundamentalmente en la Educaci\u00f3n formal en colegios, que imparten educaci\u00f3n desde pre escolar \u2013 4 a\u00f1os &#8211; a la ense\u00f1anza media \u2013 19 a\u00f1os.<br>La educaci\u00f3n chilena, permite dar formaci\u00f3n tanto para preparar a los j\u00f3venes al ingreso a la Educaci\u00f3n superior, universidades, como impartir educaci\u00f3n T\u00e9cnico Profesional, en la que los estudiantes egresan con un t\u00edtulo t\u00e9cnico en alguna carrera que ellos hayan elegido.<br>Podemos decir que la educaci\u00f3n T\u00e9cnico Profesional, es una de las obras m\u00e1s significativas que tenemos, porque constituye una real promoci\u00f3n de los j\u00f3venes, permiti\u00e9ndoles insertarse en el mundo laboral con un t\u00edtulo t\u00e9cnico que si bien es cierto no lo es todo, les facilita la posibilidad de colaborar con sus familias, y muchas veces financiar su continuidad de estudios superiores.<br>Destaco, igualmente, la obra que llevamos adelante en la \u201cFundaci\u00f3n don Bosco\u201d, la que atiende a ni\u00f1os en situaci\u00f3n de calle, que no cuentan o no tienen familia, realizando con ellos una labor de contenci\u00f3n, rehabilitaci\u00f3n y promoci\u00f3n e inserci\u00f3n social, logrando \u2013 como lo hac\u00eda don Bosco \u2013 ni\u00f1os y j\u00f3venes evangelizados y con valores.<br><br><strong>\u00bfOs comunic\u00e1is en revistas, blogs, Facebook u otros medios?<br><\/strong>Los medios de comunicaci\u00f3n social, son hoy, muy importantes y de gran ayuda para llegar a muchos j\u00f3venes y adultos. Regularmente, me comunico con la Familia salesiana, a trav\u00e9s de la Revista del Bolet\u00edn Salesiano, el blog del \u201c\u00c1gora\u201d\u2018, los sitios oficiales de la Provincia, p\u00e1gina Web e Instagram.<br><br><strong>\u00bfCu\u00e1les son los \u00e1mbitos m\u00e1s relevantes?<br><\/strong>De la misi\u00f3n que me toca realizar hoy en la Inspector\u00eda, creo que lo m\u00e1s relevante es acompa\u00f1ar y animar la vida de mis hermanos, especialmente de aquellos con los que trabajo y comparto la responsabilidad de la Inspector\u00eda como consejeros, y a los hermanos que tienen la responsabilidad de animar y acompa\u00f1ar a los hermanos siendo directores de las comunidades y obras. En definitiva, la prioridad es acompa\u00f1ar a mis hermanos salesianos.<br>Igualmente, me parece relevante, la tarea de animar la vida de la Familia Salesiana, tarea importante, animando en la fidelidad al carisma, todos los que somos parte de ella; Salesianos consagrados, Hijas de Mar\u00eda Auxiliadora, Salesianos Cooperadores, Voluntarias de don Bosco, Asociaci\u00f3n de Mar\u00eda Auxiliadora y otros.<br>No podemos dejar de mencionar como tarea relevante, la de animar la vida de los j\u00f3venes, a trav\u00e9s de la Pastoral juvenil, las asociaciones y los diferentes grupos de puedan existir al alero del carisma salesiano, dando un lugar importante de entre ellos, a la pastoral vocacional, y aquellos j\u00f3venes que sienten la inquietud por responder al llamado del Se\u00f1or en nuestra Congregaci\u00f3n.<br><br><strong>\u00bfC\u00f3mo ves el futuro?<br><\/strong>Ante una sociedad sedienta de sentido de lo que es y hace, me parece que los salesianos estamos llamados a dar respuesta a esas b\u00fasquedas y dar sentido a lo que uno est\u00e1 realizando, dar sentido a la vida, especialmente de los j\u00f3venes.<br>Nos toca realizar una tarea que es fundamental, que es la de educar a los j\u00f3venes y quien educa y trabaja con ellos, ciertamente tiene que ser portador de sue\u00f1os y esperanza.<br>El mundo est\u00e1 en constante proceso de construcci\u00f3n, y nos toca precisamente a los salesianos contribuir; con nuestra vida, acciones y misi\u00f3n, a su construcci\u00f3n, a trav\u00e9s de la educaci\u00f3n de los j\u00f3venes del hoy, para que sabi\u00e9ndose amados, valiosos, capaces y sacando lo mejor de ellos, puedan darles sentido a sus vidas y ser constructores de esperanza en sus familias y sociedad.<br><br><strong>\u00bfTienes alg\u00fan mensaje para la Familia Salesiana?<br><\/strong>El mensaje que puedo compartir con toda la Familia Salesiana, en primer lugar, es que; somos depositarios y portadores de un regalo, de un don que Dios da a la Iglesia, que es el Carisma Salesiano, don y tarea para cada uno de nosotros.<br>Este a\u00f1o, el Cardenal y rector mayor de la Congregaci\u00f3n, padre \u00c1ngel Fern\u00e1ndez Artime, nos invita a so\u00f1ar, a imitaci\u00f3n de nuestro padre Don Bosco, un padre so\u00f1ador. Don Bosco so\u00f1\u00f3 cosas que parec\u00edan imposibles, sin embargo, su gran confianza en Mar\u00eda Auxiliadora y su trabajo perseverante y tenaz, lo llevaron a ser sus sue\u00f1os realidad. Nosotros tambi\u00e9n, dignos hijos de este padre, estamos llamados a so\u00f1ar y sumar a los j\u00f3venes a estos sue\u00f1os, que no son otros que querer para ellos un mundo mejor, donde se inserten construyendo una sociedad m\u00e1s amable y sensible a los valores humanos y cristianos, junto a ellos queremos contribuir y llegar a ser buenos cristianos y honestos ciudadanos, sinti\u00e9ndonos profundamente amados por Dios.<\/p>\n","protected":false},"excerpt":{"rendered":"<p>El P. Nelson tiene 57 a\u00f1os y naci\u00f3 en la ciudad de Concepci\u00f3n el 11&#8230;<\/p>\n","protected":false},"author":1,"featured_media":29687,"comment_status":"closed","ping_status":"closed","sticky":false,"template":"","format":"standard","meta":{"iawp_total_views":29,"footnotes":""},"categories":[181],"tags":[1720,1852,1858,2612,1960,2620,2637],"class_list":["post-29693","post","type-post","status-publish","format-standard","has-post-thumbnail","hentry","category-el-invitado","tag-carisma-salesiano","tag-entrevistas","tag-inspectorias-salesianas","tag-nuestros-guias","tag-salesianos","tag-testigos","tag-vocaciones"],"_links":{"self":[{"href":"https:\/\/www.donbosco.press\/es\/wp-json\/wp\/v2\/posts\/29693","targetHints":{"allow":["GET"]}}],"collection":[{"href":"https:\/\/www.donbosco.press\/es\/wp-json\/wp\/v2\/posts"}],"about":[{"href":"https:\/\/www.donbosco.press\/es\/wp-json\/wp\/v2\/types\/post"}],"author":[{"embeddable":true,"href":"https:\/\/www.donbosco.press\/es\/wp-json\/wp\/v2\/users\/1"}],"replies":[{"embeddable":true,"href":"https:\/\/www.donbosco.press\/es\/wp-json\/wp\/v2\/comments?post=29693"}],"version-history":[{"count":0,"href":"https:\/\/www.donbosco.press\/es\/wp-json\/wp\/v2\/posts\/29693\/revisions"}],"wp:featuredmedia":[{"embeddable":true,"href":"https:\/\/www.donbosco.press\/es\/wp-json\/wp\/v2\/media\/29687"}],"wp:attachment":[{"href":"https:\/\/www.donbosco.press\/es\/wp-json\/wp\/v2\/media?parent=29693"}],"wp:term":[{"taxonomy":"category","embeddable":true,"href":"https:\/\/www.donbosco.press\/es\/wp-json\/wp\/v2\/categories?post=29693"},{"taxonomy":"post_tag","embeddable":true,"href":"https:\/\/www.donbosco.press\/es\/wp-json\/wp\/v2\/tags?post=29693"}],"curies":[{"name":"wp","href":"https:\/\/api.w.org\/{rel}","templated":true}]}}