{"id":54570,"date":"2026-09-01T06:04:38","date_gmt":"2026-09-01T06:04:38","guid":{"rendered":"https:\/\/www.donbosco.press\/?p=54570"},"modified":"2026-09-01T06:04:43","modified_gmt":"2026-09-01T06:04:43","slug":"zeit-der-schopfung-1-september-4-oktober","status":"publish","type":"post","link":"https:\/\/www.donbosco.press\/de\/jugendministerium\/zeit-der-schopfung-1-september-4-oktober\/","title":{"rendered":"Zeit der Sch\u00f6pfung: 1. September &#8211; 4. Oktober"},"content":{"rendered":"<p><em><i>Vom 1. September bis zum 4. Oktober, vom Weltgebetstag f\u00fcr die Bewahrung der Sch\u00f6pfung bis zum Fest des heiligen Franz von Assisi, feiern christliche Gemeinschaften auf der ganzen Welt die Zeit der Sch\u00f6pfung. Das Thema f\u00fcr 2026, \u201eLebendiges Wasser\u201c, entspringt der Vision Ezechiels: ein Fluss, der aus dem Heiligtum Gottes entspringt und die Erde heilt. Ein Bild der Hoffnung, das im Widerspruch zur heutigen Realit\u00e4t steht, in der jeder vierte Mensch keinen Zugang zu sicherem Trinkwasser hat und ganze aquatische \u00d6kosysteme zusammenbrechen. F\u00fcr die Don-Bosco-Familie ist dies eine wertvolle Gelegenheit: junge Menschen \u2013 die am st\u00e4rksten von \u00d6ko-Angst betroffen und am wenigsten f\u00fcr die Krise verantwortlich sind \u2013 dazu zu erziehen, durch Gebet, \u00c4nderung des Lebensstils und konkrete Aktionen zu H\u00fctern der Sch\u00f6pfung zu werden.<\/i><\/em><\/p>\n<p>&nbsp;<\/p>\n<p>&nbsp;<\/p>\n<p>Umweltfragen stehen heute eindeutig im Mittelpunkt der Aufmerksamkeit. Weltweit erleben wir die verheerenden Auswirkungen von Klimawandel, Luftverschmutzung, Wasserverschmutzung, Plastikverschmutzung, Versauerung der Ozeane und dem Verlust der biologischen Vielfalt. Obwohl diese Probleme alle Nationen und V\u00f6lker betreffen, sind es die \u00e4rmsten Gemeinschaften, die zunehmend unter der Umweltkrise leiden. Ebenso, w\u00e4hrend Umweltprobleme Menschen jeden Alters beunruhigen, sind es oft junge Menschen, die unter schwerer \u00d6ko-Angst leiden. Leider sind junge Menschen und die Armen unverh\u00e4ltnism\u00e4\u00dfig stark von der st\u00e4ndig eskalierenden Umweltkrise betroffen \u2013 einer Krise, f\u00fcr die sie nicht verantwortlich sind.<\/p>\n<p>&nbsp;<\/p>\n<p>In dieser besorgniserregenden Situation ist die \u201eZeit der Sch\u00f6pfung\u201c eine kraftvolle j\u00e4hrliche Erinnerung daran, dass Gott uns dazu berufen hat, Verwalter und H\u00fcter der nat\u00fcrlichen Welt zu sein, und nicht egoistische und r\u00fccksichtslose Konsumenten der Natur. Diese j\u00e4hrliche \u00f6kumenische Feier, die vom 1. September bis zum 4. Oktober stattfindet, bringt alle christlichen Gemeinschaften zusammen, um f\u00fcr den Umweltschutz und die Nachhaltigkeit zu beten und zu handeln. Die Zeit der Sch\u00f6pfung beginnt mit dem \u201eWeltgebetstag f\u00fcr die Bewahrung der Sch\u00f6pfung\u201c und endet mit dem Fest des heiligen Franz von Assisi, dem Schutzpatron der \u00d6kologie. Es ist eine besondere Zeit, in der wir eingeladen sind, unsere Beziehung zum Sch\u00f6pfer und zur gesamten Sch\u00f6pfung durch Feier, Umkehr und gemeinsames Engagement zu erneuern.<\/p>\n<p>&nbsp;<\/p>\n<p><strong><b>Zeit der Sch\u00f6pfung 2026<\/b><\/strong><\/p>\n<p>Jedes Jahr schl\u00e4gt der Lenkungsausschuss ein Thema f\u00fcr die Feier der Zeit der Sch\u00f6pfung vor. Die gesamte Feier entwickelt sich entlang der drei S\u00e4ulen, die wir bereits gesehen haben: Gebet, Reflexion und Handeln. Das Thema basiert auf einer Bibelstelle, die die Momente des Gebets, die Reflexion \u00fcber das eigene Leben und m\u00f6gliche Handlungswege leitet.<\/p>\n<p>&nbsp;<\/p>\n<p>Das Thema der Zeit der Sch\u00f6pfung 2026 lautet \u201eLebendiges Wasser\u201c und l\u00e4sst sich von Ezechiel 47,9-12 inspirieren, einer biblischen Vision der Hoffnung und Heilung. In einem Kontext von Exil und Verlust offenbart das Bild des lebendigen Wassers, das aus dem Heiligtum Gottes flie\u00dft, eine g\u00f6ttliche Heilung, die die Erde, das Wasser, die biologische Vielfalt und die menschliche Verantwortung f\u00fcr die gesamte Sch\u00f6pfung erneuert.<\/p>\n<p>&nbsp;<\/p>\n<p>Leider steht die heutige Realit\u00e4t in starkem Kontrast zu Ezechiels Vision von Wasser, das im \u00dcberfluss flie\u00dft. Nach den von den Vereinten Nationen vorgelegten Statistiken zur aktuellen Wasserkrise verf\u00fcgen 1,7 Milliarden Menschen nicht \u00fcber grundlegende sanit\u00e4re Einrichtungen in ihren H\u00e4usern und 2,1 Milliarden Menschen haben immer noch keinen Zugang zu sicherem Trinkwasser \u2013 das ist 1 von 4 Menschen weltweit! Mit der Intensivierung des Klimawandels und der zunehmenden Entnahme von Grundwasser erreichen mehrere L\u00e4nder nun den sogenannten \u201eWasserbankrott\u201c, einen Zustand, der durch irreversible Verluste des nat\u00fcrlichen Wasserkapitals gekennzeichnet ist.<\/p>\n<p>&nbsp;<\/p>\n<p>Die Wasserkrise in vielen Teilen der Welt zwingt Menschen zur Migration und f\u00fchrt zum Verlust ihrer Heimat und Kultur. Auch die Auswirkungen auf \u00d6kosysteme und die biologische Vielfalt sind verheerend. Laut dem \u201eWorld Wide Fund for Nature\u201c (WWF) erleben wir einen katastrophalen R\u00fcckgang der aquatischen Fauna, wobei die S\u00fc\u00dfwasserpopulationen in den letzten 50 Jahren um unglaubliche 85 Prozent und die Meerespopulationen um 56 Prozent zur\u00fcckgegangen sind.<\/p>\n<p>&nbsp;<\/p>\n<p>Wenn wir jedoch zu Ezechiels Vision zur\u00fcckkehren, ist es wichtig, sich daran zu erinnern, dass es sich letztendlich um eine Vision der Hoffnung handelt. Trotz der besorgniserregenden Situationen, die wir erleben, sind wir als Mitarbeiter des Sch\u00f6pfers aufgerufen, unseren Teil dazu beizutragen, Wasser f\u00fcr alle Gemeinschaften zug\u00e4nglich zu machen. In vielen Teilen der Welt sehen wir, wie christliche Gruppen und Organisationen den Schutz, die verantwortungsvolle Bewirtschaftung und die gerechte Verteilung von Wasser f\u00fcr alle gef\u00f6rdert haben. Brunnen werden gegraben und Pfarreien, D\u00f6rfer und Gesundheitszentren werden mit Wasser versorgt, ausgehend von dem Bewusstsein, dass Wasser ein Geschenk Gottes ist und dass der Zugang zu Trinkwasser ein grundlegendes Menschenrecht ist. Ezechiels Vision wird Wirklichkeit: Wir sehen Fl\u00fcsse, die wieder flie\u00dfen, Wasserquellen, die vor Verschmutzung gesch\u00fctzt sind, und trockene L\u00e4ndereien, die wieder ergr\u00fcnen. Das ist es, was wir w\u00e4hrend der Zeit der Sch\u00f6pfung feiern! Und w\u00e4hrend wir uns \u00fcber das Gute freuen, das bereits getan wird, verpflichten wir uns sicherzustellen, dass Gottes Geschenk, das lebendige Wasser, weiterhin flie\u00dft!<\/p>\n<p>&nbsp;<\/p>\n<p><strong><b>Aufruf zum Handeln<\/b><\/strong><\/p>\n<p>Wie wir bereits festgestellt haben, wird die Zeit der Sch\u00f6pfung durch Gebet, Reflexion \u00fcber unseren Lebensstil und prophetisches Handeln gefeiert. Auch in diesem Jahr sind wir mit dem Thema des lebendigen Wassers aufgerufen, einige bedeutende Ma\u00dfnahmen zu ergreifen, die in unserer Zeit dringend ben\u00f6tigt werden. Dies sind Ma\u00dfnahmen, die in unseren Oratorien, Jugendzentren, Pfarreien, Schulen und anderen Gemeinschaften ergriffen werden k\u00f6nnten.<\/p>\n<p>&nbsp;<\/p>\n<p>Einige der \u201eprophetischen Aktionen\u201c, die uns der diesj\u00e4hrige <em><i>Leitfaden zur Zeit der Sch\u00f6pfung<\/i><\/em> vorschl\u00e4gt, sind: sich daf\u00fcr einzusetzen, dass alle Menschen Zugang zu nahrhaften und sicheren Lebensmitteln haben; sch\u00e4dliche Wasserverschmutzung zu unterlassen und anzuprangern, w\u00e4hrend gleichzeitig Regierungen, lokale Beh\u00f6rden, Industrie und Landwirtschaft aufgefordert werden, verantwortungsvoll zu handeln und Wasserquellen zu sch\u00fctzen; sich daf\u00fcr einzusetzen, dass Familien, Schulen, Gesundheitseinrichtungen und Kultst\u00e4tten Zugang zu sauberem Wasser und angemessenen sanit\u00e4ren Einrichtungen haben; Umweltbildung zu f\u00f6rdern, um eine ganzheitliche Sorge f\u00fcr die Sch\u00f6pfung zu unterst\u00fctzen; sich zu verpflichten, B\u00e4ume zu pflanzen, da diese Kohlenstoffverschmutzung absorbieren, Erosion verhindern, \u00dcberschwemmungen reduzieren, Nahrung und Medizin liefern und st\u00e4dtische Umgebungen k\u00fchlen; Wege zu finden, um unsere Ozeane zu pflegen, die zunehmenden Bedrohungen durch M\u00fcllentsorgung, \u00dcberfischung, Verschmutzung und Tiefseebergbau ausgesetzt sind; und die Wiederherstellung und den Schutz von \u00d6kosystemen und der biologischen Vielfalt in unseren Kirchen, in unseren H\u00e4usern und in unseren Gemeinschaften.<\/p>\n<p>&nbsp;<\/p>\n<p>Da wir heute im digitalen Zeitalter leben, schl\u00e4gt der Leitfaden au\u00dferdem vor, dass wir \u2013 und insbesondere junge Menschen \u2013 uns an einer digitalen Sensibilisierungskampagne beteiligen k\u00f6nnten, indem wir in den sozialen Medien unter dem Hashtag #SeasonofCreation posten. Durch diese digitale Kampagne k\u00f6nnten wir verschmutzte oder gef\u00e4hrdete Fl\u00fcsse, Seen oder Feuchtgebiete hervorheben; Geschichten von Gemeinschaften teilen, die von Wasserknappheit betroffen sind; \u00f6ffentlich dringendes Handeln in Bezug auf lokale Wasserfragen fordern; und die positiven Schritte feiern, die von Regierungen und Gemeinschaften unternommen wurden. Soziale Medien sind heute eine leistungsstarke Plattform zur Unterst\u00fctzung sozialer Anliegen und k\u00f6nnen die Stimmen von Glaubensgemeinschaften \u00fcber die Kirchenmauern hinaus verst\u00e4rken.<\/p>\n<p>&nbsp;<\/p>\n<p><strong><b>Die Zeit der Sch\u00f6pfung als Don-Bosco-Familie feiern<\/b><\/strong><\/p>\n<p>Wie uns Papst Leo XIV. anl\u00e4sslich der Einweihung des Borgo Laudato Si&#8216; in Castel Gandolfo im September 2025 erinnerte: \u201eDie Sorge f\u00fcr die Sch\u00f6pfung ist wahrlich eine Berufung f\u00fcr jeden Menschen. Wir sind Gesch\u00f6pfe unter Gesch\u00f6pfen, denen die Verantwortung anvertraut ist, sich um alles zu k\u00fcmmern, was der Sch\u00f6pfer gemacht hat.\u201c Es ist wichtig zu betonen, dass unsere Entschlossenheit, uns um die Sch\u00f6pfung zu k\u00fcmmern, nicht nur auf der Ebene der Worte bleiben darf, sondern in Taten umgesetzt werden muss; dies hat Papst Leo XIV. in seiner Botschaft an die COP30 in Bel\u00e9m im November 2025 hervorgehoben: \u201eWir m\u00fcssen Worte und Reflexionen in Entscheidungen und Handlungen umwandeln, die auf Verantwortung, Gerechtigkeit und Gleichheit basieren.\u201c<\/p>\n<p>&nbsp;<\/p>\n<p>Die Zeit der Sch\u00f6pfung ist eine hervorragende Gelegenheit f\u00fcr uns Salesianer, junge Menschen zu ihrer Verantwortung f\u00fcr die Bewahrung der Sch\u00f6pfung Gottes zu erziehen und sie aktiv in sinnvolle Umweltprogramme einzubinden. Obwohl es viele M\u00f6glichkeiten gibt, wie wir junge Menschen je nach den lokalen Bed\u00fcrfnissen in den Umweltschutz einbeziehen k\u00f6nnten, sind hier zwei Gelegenheiten, die wir als weltweite Don-Bosco-Familie ergreifen k\u00f6nnten.<\/p>\n<p>&nbsp;<\/p>\n<p>Eine der Aktivit\u00e4ten in Vorbereitung auf den Weltjugendtag 2027 ist ein Baumpflanzprojekt namens \u201eBreath of Life Campaign\u201c (Kampagne Atem des Lebens). Die offizielle Website des WJT erkl\u00e4rt, dass \u201edies mehr als nur eine Umweltinitiative ist. Es ist ein Akt des Glaubens, der darauf abzielt, die Ordnung der Sch\u00f6pfung zu bewahren, und ein konkreter Schritt in Richtung Klimaneutralit\u00e4t, verwurzelt in unserem Glauben an Gott.\u201c Der Sektor f\u00fcr die Salesianische Jugendpastoral hat die Mitglieder der Salesianischen Jugendbewegung auf der ganzen Welt eingeladen, an der Kampagne \u201eBreath of Life\u201c teilzunehmen, die vom 27. September 2026 bis zum 4. Oktober 2026, also in der letzten Woche der Zeit der Sch\u00f6pfung, stattfinden wird. Dies ist eine wirklich bedeutsame Initiative, durch die die Salesianische Jugendbewegung die Zeit der Sch\u00f6pfung feiern und sich gleichzeitig auf den Weltjugendtag vorbereiten kann.<\/p>\n<p>&nbsp;<\/p>\n<p>Zweitens hat der Sektor f\u00fcr Jugendpastoral anl\u00e4sslich des diesj\u00e4hrigen Tages der Erde (22. April) den \u201eLaudato Si&#8216;-Pfarrleitfaden\u201c herausgegeben, ein praktisches Instrument, um salesianischen Pfarreien zu helfen, \u201eLaudato Si&#8216;-Pfarreien\u201c zu werden. Dieser Leitfaden bietet konkrete Vorschl\u00e4ge zur Erreichung jedes der sieben Ziele, die von der Laudato Si&#8216;-Aktionsplattform vorgeschlagen werden. Bei der Vorstellung dieses Pfarrleitfadens erkl\u00e4rte Don Rafael Bejarano, Generalrat f\u00fcr die Jugendpastoral: \u201eDurch diese Richtlinien f\u00fcr unsere Pfarreien bieten wir einen salesianischen Weg an, um junge Menschen und alle Mitglieder der Pfarrgemeinde einzubeziehen, damit sie eine aktive und konkrete Rolle bei der Pflege unseres gemeinsamen Hauses spielen.\u201c<\/p>\n<p>&nbsp;<\/p>\n<p><strong><b>Fazit<\/b><\/strong><\/p>\n<p>Im Sechsjahresprojekt f\u00fcr die Salesianische Kongregation (2025-2031) bekr\u00e4ftigt der Generalobere, Don Fabio Attard: \u201eDas Engagement der Kirche f\u00fcr eine ganzheitliche \u00d6kologie wurde von der Kongregation \u00fcbernommen und muss mit einer charismatisch inspirierten Vision gest\u00e4rkt werden. M\u00f6ge das Engagement der jungen Menschen f\u00fcr das Gemeinwohl und f\u00fcr unser gemeinsames Haus zunehmend auf lokaler Ebene verwurzelt sein, wobei die jungen Menschen eine f\u00fchrende Rolle spielen, Entscheidungen teilen und sich aktiv und konkret beteiligen\u201c (AGC 446).<\/p>\n<p>&nbsp;<\/p>\n<p>Die Zeit der Sch\u00f6pfung ist f\u00fcr uns eine Gelegenheit, unsere Entschlossenheit in die Praxis umzusetzen, Teil des \u201eEngagements der Kirche f\u00fcr eine ganzheitliche \u00d6kologie\u201c zu sein. Durch die verschiedenen Aktivit\u00e4ten, die wir in dieser Zeit durchf\u00fchren, haben junge Menschen die M\u00f6glichkeit, eine f\u00fchrende Rolle bei der konkreten Pflege unseres gemeinsamen Hauses und der F\u00f6rderung des Gemeinwohls zu spielen. Die Momente des Gebets, eine aufrichtige Reflexion \u00fcber den eigenen Lebensstil und konkrete Aktionen k\u00f6nnen es uns sicherlich erm\u00f6glichen, unseren einzigartigen Platz in Gottes Sch\u00f6pfung wiederzuentdecken und uns dazu f\u00fchren, unser Engagement zur Erf\u00fcllung unserer Verantwortung als H\u00fcter der nat\u00fcrlichen Welt, die Gott uns geschenkt hat, zu erneuern.<\/p>\n<p>&nbsp;<\/p>\n<p>W\u00e4hrend wir diese Zeit mit unseren jungen Menschen feiern, lassen wir uns von den Worten leiten, die Papst Leo XIV. im Juli 2025 an die jungen Menschen richtete. \u201eIhr seid jung, voller Ideen und Enthusiasmus. Ihr wollt die Welt erobern, nicht um sie zu unterwerfen, sondern um dem Leben zu dienen, das von Gott kommt. Demut, der Geist des Dienens und eine tiefe Beziehung zu Christus erm\u00f6glichen es euch, christliche Werte in euch selbst zu verwurzeln. Nur die innere Umkehr macht es m\u00f6glich, Gewohnheiten und Mentalit\u00e4ten zu \u00e4ndern, was sich in einer neuen Art des Lebens in Gemeinschaft mit der Umwelt niederschl\u00e4gt.\u201c<\/p>\n<p>&nbsp;<\/p>\n<p>&nbsp;<\/p>\n<p><em><i>Don Savio Silveira, SDB<\/i><\/em><\/p>\n<p><em><i>Koordinator: Ganzheitliche \u00d6kologie<\/i><\/em><\/p>\n<p><em><i>Sektor Jugendpastoral<\/i><\/em><\/p>\n<p>1<\/p>\n","protected":false},"excerpt":{"rendered":"<p>Vom 1. September bis zum 4. Oktober, vom Weltgebetstag f\u00fcr die Bewahrung der Sch\u00f6pfung bis&#8230;<\/p>\n","protected":false},"author":1,"featured_media":54565,"comment_status":"closed","ping_status":"closed","sticky":false,"template":"","format":"standard","meta":{"iawp_total_views":5,"footnotes":""},"categories":[545],"tags":[1837,2029,2581],"class_list":["post-54570","post","type-post","status-publish","format-standard","has-post-thumbnail","hentry","category-jugendministerium","tag-initiativen","tag-leben","tag-veranstaltungen"],"_links":{"self":[{"href":"https:\/\/www.donbosco.press\/de\/wp-json\/wp\/v2\/posts\/54570","targetHints":{"allow":["GET"]}}],"collection":[{"href":"https:\/\/www.donbosco.press\/de\/wp-json\/wp\/v2\/posts"}],"about":[{"href":"https:\/\/www.donbosco.press\/de\/wp-json\/wp\/v2\/types\/post"}],"author":[{"embeddable":true,"href":"https:\/\/www.donbosco.press\/de\/wp-json\/wp\/v2\/users\/1"}],"replies":[{"embeddable":true,"href":"https:\/\/www.donbosco.press\/de\/wp-json\/wp\/v2\/comments?post=54570"}],"version-history":[{"count":1,"href":"https:\/\/www.donbosco.press\/de\/wp-json\/wp\/v2\/posts\/54570\/revisions"}],"predecessor-version":[{"id":54571,"href":"https:\/\/www.donbosco.press\/de\/wp-json\/wp\/v2\/posts\/54570\/revisions\/54571"}],"wp:featuredmedia":[{"embeddable":true,"href":"https:\/\/www.donbosco.press\/de\/wp-json\/wp\/v2\/media\/54565"}],"wp:attachment":[{"href":"https:\/\/www.donbosco.press\/de\/wp-json\/wp\/v2\/media?parent=54570"}],"wp:term":[{"taxonomy":"category","embeddable":true,"href":"https:\/\/www.donbosco.press\/de\/wp-json\/wp\/v2\/categories?post=54570"},{"taxonomy":"post_tag","embeddable":true,"href":"https:\/\/www.donbosco.press\/de\/wp-json\/wp\/v2\/tags?post=54570"}],"curies":[{"name":"wp","href":"https:\/\/api.w.org\/{rel}","templated":true}]}}