{"id":49696,"date":"2026-03-12T07:53:50","date_gmt":"2026-03-12T07:53:50","guid":{"rendered":"https:\/\/www.donbosco.press\/?p=49696"},"modified":"2026-03-31T12:37:45","modified_gmt":"2026-03-31T12:37:45","slug":"vallecrosia-150-jahre-salesianische-praesenz-zwischen-erinnerung-und-zukunft","status":"publish","type":"post","link":"https:\/\/www.donbosco.press\/de\/hauser-der-salesianer\/vallecrosia-150-jahre-salesianische-praesenz-zwischen-erinnerung-und-zukunft\/","title":{"rendered":"Vallecrosia: 150 Jahre salesianische Pr\u00e4senz zwischen Erinnerung und Zukunft"},"content":{"rendered":"<p><em><i>Im Jahr 2026 feiert die salesianische Gemeinschaft von Vallecrosia einen bedeutenden Meilenstein: 150 Jahre erzieherische und pastorale Pr\u00e4senz im Herzen des westlichen Liguriens. Ein Jubil\u00e4um, das nicht nur Anlass zur Erinnerung ist, sondern auch zur Reflexion \u00fcber den Wert einer Geschichte, die Generationen, soziale Ver\u00e4nderungen und kulturelle Umw\u00e4lzungen \u00fcberdauert hat, ohne ihre Identit\u00e4t zu verlieren. Von den Anf\u00e4ngen, die direkt mit der p\u00e4dagogischen Vision Don Boscos verbunden sind, bis zu den Herausforderungen der Gegenwart war das salesianische Werk f\u00fcr viele junge Menschen und Familien ein fester Bezugspunkt. Diesen Weg nachzuzeichnen bedeutet zu entdecken, wie eine im Gebiet verwurzelte und vom salesianischen Geist beseelte Bildungsgemeinschaft \u00fcber die Zeit hinweg die Jugend in den Mittelpunkt gestellt und vertrauensvoll in die Zukunft geblickt hat.<\/i><\/em><\/p>\n<p>&nbsp;<\/p>\n<p>Im Jahr 2026 feiert das salesianische Werk von Vallecrosia <strong><b>150 Jahre erzieherische und pastorale Pr\u00e4senz<\/b><\/strong> im westlichen Ligurien. Von 1876 bis heute hat diese Einrichtung sehr unterschiedliche Epochen durchlebt und sich den gesellschaftlichen Ver\u00e4nderungen und den neuen Bed\u00fcrfnissen der jungen Generationen angepasst.<br \/>\nIn anderthalb Jahrhunderten hat das Werk Gesichter und Aktivit\u00e4ten ver\u00e4ndert, Strukturen und Bildungsprojekte erneuert, aber nie den Kern seiner Mission aus den Augen verloren: <strong><b>die Jugend in den Mittelpunkt zu stellen<\/b><\/strong>, sie in ihrer menschlichen und spirituellen Entwicklung zu begleiten und ihre W\u00fcrde zu verteidigen. Generationen von Jugendlichen, Familien und Erziehern haben in diesem salesianischen Haus einen festen Bezugspunkt gefunden, der sich weiterentwickeln konnte, ohne seine Identit\u00e4t zu verlieren.<br \/>\nDiese Kontinuit\u00e4t ist einer der bedeutendsten Aspekte der salesianischen Pr\u00e4senz in Vallecrosia: eine Geschichte, die nie unterbrochen wurde und die auch heute noch mit demselben Geist fortgesetzt wird, der <strong><b>Johannes Bosco<\/b><\/strong>, den Gr\u00fcnder der Salesianer, beseelte.<\/p>\n<p><strong><b>Die Urspr\u00fcnge: Don Bosco und das Heiligtum Maria, Hilfe der Christen<br \/>\n<\/b><\/strong>Die salesianische Pr\u00e4senz im \u00e4u\u00dfersten Westen Liguriens entstand in den letzten Lebensjahren Don Boscos. Im Jahr 1876 nahm das Werk von Vallecrosia Gestalt an, das zu einem wichtigen erzieherischen und spirituellen Zentrum f\u00fcr das Gebiet zwischen Ventimiglia und Sanremo werden sollte.<br \/>\nVon Anfang an war die Mission der Salesianer mit der der bereits in der Region pr\u00e4senten Don-Bosco-Schwestern (T\u00f6chter Mari\u00e4, Hilfe der Christen) verkn\u00fcpft. Die Zusammenarbeit der beiden Kongregationen f\u00fchrte zu einer sich erg\u00e4nzenden Bildungspr\u00e4senz: die der Salesianer f\u00fcr die Jungen und die der Ordensfrauen f\u00fcr die M\u00e4dchen.<br \/>\nDiese doppelte Pr\u00e4senz, m\u00e4nnlich und weiblich, trug zur Schaffung eines breiten Bildungsnetzwerks bei, das ganze Generationen auf ihrem Wachstumsweg begleiten konnte.<br \/>\nIm Zentrum dieser Einrichtung steht das Heiligtum Maria, Hilfe der Christen. Von Anfang an wurde das Heiligtum zum spirituellen Herzen der Gemeinschaft: ein Ort, an dem sich der Glaube mit erzieherischem und sozialem Engagement verband. Noch heute stellt es einen Treffpunkt zwischen der religi\u00f6sen Dimension und dem allt\u00e4glichen Leben der Region dar.<\/p>\n<p><strong><b>Ein Werk, das mit der Region w\u00e4chst<br \/>\n<\/b><\/strong>Im Laufe der Jahrzehnte hat sich das salesianische Werk entwickelt und seine erzieherischen und pastoralen Aktivit\u00e4ten erweitert.<br \/>\nRund um die Pr\u00e4senz der Salesianer sind verschiedene Einrichtungen entstanden, die das Leben der lokalen Gemeinschaft gepr\u00e4gt haben: die Pfarrei, das Oratorium, die schulischen Aktivit\u00e4ten, die sportlichen und kulturellen Initiativen. In j\u00fcngerer Zeit hat sich auch die Erfahrung der Berufsausbildung durch das CNOS-FAP gefestigt, das jungen Menschen konkrete M\u00f6glichkeiten zur Vorbereitung auf die Arbeitswelt bietet.<br \/>\nDiese Initiativen haben es dem Werk erm\u00f6glicht, auf die gesellschaftlichen Ver\u00e4nderungen zu reagieren, ohne seine p\u00e4dagogische Identit\u00e4t zu verlieren.<br \/>\nInsbesondere der Hof des Oratoriums ist im Laufe der Zeit eines der lebendigsten Symbole des salesianischen Geistes geblieben: ein Ort der Begegnung, der Freundschaft und des Wachstums, wo Spiel und Sport zu Gelegenheiten werden, Verantwortung und Solidarit\u00e4t zu lernen.<br \/>\nViele ehemalige Sch\u00fcler erinnern sich an diese Jahre als eine pr\u00e4gende Erfahrung f\u00fcr ihr Leben. Nicht selten erz\u00e4hlen sie, dass sie gerade zwischen den Mauern des Oratoriums Werte wie Respekt vor anderen, Pflichtbewusstsein und Engagement f\u00fcr die Gemeinschaft gelernt haben.<\/p>\n<p><strong><b>Ein Buch, um hundertf\u00fcnfzig Jahre Geschichte zu erz\u00e4hlen<br \/>\n<\/b><\/strong>Anl\u00e4sslich des 150. Jubil\u00e4ums wurde ein Band mit dem Titel <em><i>\u201eDon Bosco in Vallecrosia: gestern, heute und morgen\u201c<\/i><\/em> ver\u00f6ffentlicht.<br \/>\nDas Buch, das von der Leitung des Salesianischen Instituts zusammen mit dem Organisationskomitee der Feierlichkeiten erstellt wurde, stellt eine wahre historische Rekonstruktion der salesianischen Pr\u00e4senz in der Region dar. Anhand von Dokumenten, Briefen, historischen Fotografien und pers\u00f6nlichen Zeugnissen zeichnet der Band das Leben der Pfarrei, der Schule, des Oratoriums, der sportlichen Aktivit\u00e4ten und der soziokulturellen Initiativen nach, die diese hundertf\u00fcnfzig Jahre gepr\u00e4gt haben.<br \/>\nDer Herausgeber Roberto Capaccio, ein ehemaliger salesianischer Sch\u00fcler, erkl\u00e4rte den Geist der Initiative: die Stimmen und Erfahrungen derer zu sammeln, die diese Geschichte miterlebt haben, um zu zeigen, wie tief das salesianische Werk das Leben im \u00e4u\u00dfersten Westen Liguriens beeinflusst hat.<br \/>\nLaut Capaccio ist es das Ziel des Buches, zu bezeugen, wie die Salesianer und die Don-Bosco-Schwestern den p\u00e4dagogischen Geist Don Boscos in der Region verbreitet und dazu beigetragen haben, Generationen von jungen Menschen zu formen, die f\u00e4hig sind, Verantwortung in der Gesellschaft zu \u00fcbernehmen und f\u00fcr das Gemeinwohl zu arbeiten.<br \/>\nDie Erstellung des Bandes erforderte ein Jahr Arbeit und involvierte eine Redaktionsgruppe aus Salesianern, ehemaligen Sch\u00fclern und Forschern der lokalen Geschichte. Das Ergebnis ist ein Mosaik aus Erinnerungen und Dokumenten, das das Gesicht einer in der Region verwurzelten Bildungsgemeinschaft wiedergibt.<\/p>\n<p>Das Nachwort des Buches stammt von <strong><b>Fabio Attard<\/b><\/strong>, dem elften Nachfolger Don Boscos an der Spitze der <strong><b>Salesianer Don Boscos<\/b><\/strong>.<br \/>\nDon Attard, der bei den Feierlichkeiten anwesend war, betonte in seiner Rede die tiefe Bedeutung der historischen Erinnerung. Sich an die Vergangenheit zu erinnern, so bemerkte er, bedeute nicht, sich in Nostalgie zu fl\u00fcchten. Im Gegenteil, die Erinnerung m\u00fcsse zu einem Ansporn f\u00fcr die Zukunft und einem Aufruf zur Verantwortung werden.<br \/>\nDie Geschichte des Werkes von Vallecrosia zeigt, wie die salesianische Gemeinschaft im Laufe der Zeit die Herausforderungen der verschiedenen historischen Epochen zu deuten wusste, ohne das Hauptziel aus den Augen zu verlieren: die Jugend in den Mittelpunkt ihres erzieherischen Handelns zu stellen.<br \/>\nDies, so Don Attard, sei der rote Faden, der sich durch hundertf\u00fcnfzig Jahre salesianischer Pr\u00e4senz in der Region zieht.<\/p>\n<p><strong><b>Ein Geschenk f\u00fcr die Kirche und die Gesellschaft<br \/>\n<\/b><\/strong>Auch der Bischof der Di\u00f6zese Ventimiglia-Sanremo, <strong><b>Msgr. Antonio Suetta<\/b><\/strong>, wollte den Wert dieses Jubil\u00e4ums hervorheben.<br \/>\nNach Ansicht des Pr\u00e4laten stellen diese hundertf\u00fcnfzig Jahre ein Erbe von unsch\u00e4tzbarem Wert f\u00fcr die Kirche und die Gesellschaft dar. Nur die Zeit, erkl\u00e4rte er, k\u00f6nne vollst\u00e4ndig offenbaren, wie viel Gutes der von Don Bosco in die Herzen der Menschen und in das Leben der Gemeinschaften gepflanzte Same hervorgebracht hat.<br \/>\nSeine Worte finden Best\u00e4tigung in den vielen pers\u00f6nlichen Geschichten, die mit dem salesianischen Werk verbunden sind. Jedes Mal, wenn ein ehemaliger Sch\u00fcler erz\u00e4hlt, was das Oratorium f\u00fcr ihn bedeutet hat, oder wenn ein junger Mensch in Schwierigkeiten im Berufsbildungszentrum eine neue Chance findet, wird die Tiefe dieses p\u00e4dagogischen Erbes deutlich.<\/p>\n<p><strong><b>Eine Geschichte, die weitergeht<br \/>\n<\/b><\/strong>Hundertf\u00fcnfzig Jahre Geschichte sind kein endg\u00fcltiger Meilenstein, sondern vielmehr eine neue Etappe auf dem Weg.<br \/>\nIn seiner Abschlussrede w\u00e4hrend der Feierlichkeiten lud Don Fabio Attard die salesianische Gemeinschaft und die Zivilgesellschaft ein, mit Zuversicht in die Zukunft zu blicken.<br \/>\nDie Aufgabe der Bildungswerke, erinnerte er, sei es, auf die Fragen und Sorgen der heutigen Jugend zu h\u00f6ren und sie beim Aufbau einer gerechteren und menschlicheren Zukunft zu begleiten. Jeder junge Mensch m\u00fcsse ein Umfeld finden k\u00f6nnen, in dem die Hoffnung keimen kann, in dem die Person immer respektiert wird und in dem die Schw\u00e4chsten nicht als Problem betrachtet werden, sondern als Protagonisten mit Talenten, die es zu entdecken und zu entwickeln gilt.<br \/>\nDas ist der Geist, der das salesianische Werk von Vallecrosia weiterhin beseelt.<\/p>\n<p>Nach 150 Jahren T\u00e4tigkeit bleibt das salesianische Haus von Vallecrosia eine lebendige Pr\u00e4senz in der Region. Seine Geschichte geh\u00f6rt nicht nur der Vergangenheit an, sondern wird jeden Tag durch die Arbeit der Erzieher, das Engagement der Freiwilligen und den Enthusiasmus der jungen Menschen weitergeschrieben.<br \/>\nDie Erinnerung an das, was war, wird so zu einer Ressource, um die Zukunft zu gestalten.<br \/>\nWie zu Zeiten Don Boscos sind auch heute der Hof des Oratoriums, die Klassenzimmer der Berufsbildung und die R\u00e4ume der Gemeinschaft weiterhin Orte, an denen junge Menschen wachsen, ihre F\u00e4higkeiten entdecken und ihren Lebensentwurf gestalten k\u00f6nnen.<br \/>\nUnd genau das ist das wahre Erbe von hundertf\u00fcnfzig Jahren salesianischer Pr\u00e4senz in Vallecrosia: <strong><b>eine Gemeinschaft, die \u2013 auf christlichen Werten gegr\u00fcndet \u2013 weiterhin mit Erfolg erzieht.<\/b><\/strong><\/p>\n","protected":false},"excerpt":{"rendered":"<p>Im Jahr 2026 feiert die salesianische Gemeinschaft von Vallecrosia einen bedeutenden Meilenstein: 150 Jahre erzieherische&#8230;<\/p>\n","protected":false},"author":1,"featured_media":49689,"comment_status":"closed","ping_status":"closed","sticky":false,"template":"","format":"standard","meta":{"iawp_total_views":8,"footnotes":""},"categories":[134],"tags":[2575,2029,1909,1729,2589,2581],"class_list":["post-49696","post","type-post","status-publish","format-standard","has-post-thumbnail","hentry","category-hauser-der-salesianer","tag-don-bosco","tag-leben","tag-religioese-nachrichten","tag-salesianerhaeuser","tag-salesianische-familie","tag-veranstaltungen"],"_links":{"self":[{"href":"https:\/\/www.donbosco.press\/de\/wp-json\/wp\/v2\/posts\/49696","targetHints":{"allow":["GET"]}}],"collection":[{"href":"https:\/\/www.donbosco.press\/de\/wp-json\/wp\/v2\/posts"}],"about":[{"href":"https:\/\/www.donbosco.press\/de\/wp-json\/wp\/v2\/types\/post"}],"author":[{"embeddable":true,"href":"https:\/\/www.donbosco.press\/de\/wp-json\/wp\/v2\/users\/1"}],"replies":[{"embeddable":true,"href":"https:\/\/www.donbosco.press\/de\/wp-json\/wp\/v2\/comments?post=49696"}],"version-history":[{"count":2,"href":"https:\/\/www.donbosco.press\/de\/wp-json\/wp\/v2\/posts\/49696\/revisions"}],"predecessor-version":[{"id":52594,"href":"https:\/\/www.donbosco.press\/de\/wp-json\/wp\/v2\/posts\/49696\/revisions\/52594"}],"wp:featuredmedia":[{"embeddable":true,"href":"https:\/\/www.donbosco.press\/de\/wp-json\/wp\/v2\/media\/49689"}],"wp:attachment":[{"href":"https:\/\/www.donbosco.press\/de\/wp-json\/wp\/v2\/media?parent=49696"}],"wp:term":[{"taxonomy":"category","embeddable":true,"href":"https:\/\/www.donbosco.press\/de\/wp-json\/wp\/v2\/categories?post=49696"},{"taxonomy":"post_tag","embeddable":true,"href":"https:\/\/www.donbosco.press\/de\/wp-json\/wp\/v2\/tags?post=49696"}],"curies":[{"name":"wp","href":"https:\/\/api.w.org\/{rel}","templated":true}]}}