{"id":48345,"date":"2026-01-27T20:38:29","date_gmt":"2026-01-27T20:38:29","guid":{"rendered":"https:\/\/www.donbosco.press\/?p=48345"},"modified":"2026-01-27T20:39:07","modified_gmt":"2026-01-27T20:39:07","slug":"interview-mit-don-juan-aaron-cerezo-huerta-oberer-der-provinz-mexiko-mexico","status":"publish","type":"post","link":"https:\/\/www.donbosco.press\/de\/der-gast\/interview-mit-don-juan-aaron-cerezo-huerta-oberer-der-provinz-mexiko-mexico\/","title":{"rendered":"Interview mit Don Juan Aaron CEREZO HUERTA, Oberer der Provinz Mexiko (M\u00e9xico)"},"content":{"rendered":"<p><em><i>Don Juan Aaron CEREZO HUERTA, 1968 in Mexiko-Stadt geboren, ist der neue Salesianerprovinzial einer der gr\u00f6\u00dften und komplexesten Metropolen der Welt. Er wurde 1996 zum Priester geweiht und hat sein Leben der Erziehung und Begleitung der schutzbed\u00fcrftigsten jungen Menschen gewidmet, von Stra\u00dfenkindern bis zu den Jugendlichen in den Oratorien. Mit einem Doktortitel in Spiritueller Theologie aus Rom und zwanzig Jahren Erfahrung in verschiedenen salesianischen Werken in Mexiko bringt er eine tiefe Kenntnis des Charismas Don Boscos und eine klare Vision mit: die salesianische Pr\u00e4senz dorthin zu bringen, wo sie noch fehlt, und den jungen Menschen konkrete M\u00f6glichkeiten f\u00fcr Wachstum und berufliche Entwicklung zu bieten.<br \/>\n<\/i><\/em><\/p>\n<p><strong><b>K\u00f6nnen Sie sich vorstellen?<br \/>\n<\/b><\/strong>Ich wurde am 29. Juni 1968 in Mexiko-Stadt geboren. Meine Grundschulbildung absolvierte ich an der Normalschule des Instituts Juan Ponce de Le\u00f3n in Puebla. Anschlie\u00dfend studierte ich Philosophie am Institut Centro Am\u00e9rica in Mexiko-Stadt und Theologie am Institut Christus der Auferstandene in Tlaquepaque, Jalisco.<br \/>\nMeine erste Ordensprofess legte ich am 15. August 1989 ab und wurde am 3. Februar 1996 zum Priester geweiht.<br \/>\nIch erwarb einen Abschluss in P\u00e4dagogischer Psychologie am Institut Neu-Galicien in Guadalajara, Jalisco, und belegte Spezialisierungskurse in Menschlicher Entwicklung an der Iberoamerikanischen Universit\u00e4t (Universidad Iberoamericana), Standort Quer\u00e9taro. Ich erwarb das Lizentiat in Spiritueller Theologie an der P\u00e4pstlichen Universit\u00e4t der Salesianer (Rom) mit der Abschlussarbeit \u201eDie geistliche Begleitung in einigen Schriften Don Boscos\u201c und anschlie\u00dfend den Doktortitel in Spiritueller Theologie an derselben Universit\u00e4t mit der Dissertation \u201eDie Beitr\u00e4ge von Don Paul Albera zur salesianischen Spiritualit\u00e4t\u201c.<br \/>\nIm Laufe meines Dienstes habe ich in verschiedenen salesianischen Gemeinschaften und Werken gearbeitet, darunter: das Handwerk von Nazareth (Stra\u00dfenkinder) in Mexiko-Stadt; das Salesianerkolleg in Quer\u00e9taro; das Salesianeroratorium Alborada in M\u00e9rida, Yucat\u00e1n; die Pfarrei St. Franziskus von Assisi in Coacalco, Bundesstaat Mexiko; die Kollegien Juan Ponce de Le\u00f3n und Trinidad S\u00e1nchez Santos, das Oratorium Miguel R\u00faa und die Kirche des Heiligen Michael in Puebla. Au\u00dferdem war ich als Delegierter f\u00fcr die Jugendpastoral und die Salesianische Familie t\u00e4tig.<\/p>\n<p><strong><b>Wann haben Sie zum ersten Mal den Ruf versp\u00fcrt und was hat Sie zu den Salesianern gef\u00fchrt?<br \/>\n<\/b><\/strong>Ich sp\u00fcrte den Ruf Gottes zum Priestertum, als ich meine Erstkommunion empfing. Als ich die Salesianer im Oratorium von Coacalco kennen lernte, f\u00fchlte ich mich wirklich mit dem Charisma identifiziert, als ich die Kleriker im Hof mit uns spielen sah.<\/p>\n<p><strong><b>Was sind die sch\u00f6nsten Erinnerungen an Ihre Kindheit?<br \/>\n<\/b><\/strong>Die sch\u00f6nsten Erinnerungen an meine Kindheit sind die Spielmomente mit meinen Freunden, die in der N\u00e4he meines Hauses wohnten; auch die Ausfl\u00fcge, die wir als ganze Familie an verschiedene Orte wie den Strand oder den Wald unternahmen.<\/p>\n<p><strong><b>Was war der schwierigste und was der lohnendste Moment in Ihrem Dienst?<br \/>\n<\/b><\/strong>Die schwierigsten Momente meines Lebens waren der Tod meines Vaters, als ich Aspirant war, und der meiner Mutter, als ich nach Abschluss meines Lizentiats aus Rom zur\u00fcckkehrte.<br \/>\nDer lohnendste war meine Priesterweihe.<\/p>\n<p><strong><b>Sie wurden zum Provinzial in einer der zehn gr\u00f6\u00dften St\u00e4dte der Welt ernannt.<\/b><\/strong> <strong><b>Was sind die gr\u00f6\u00dften Herausforderungen bei der Erziehung junger Menschen?<\/b><\/strong><br \/>\nEs ist eine sehr gro\u00dfe Verantwortung, denn gro\u00dfe St\u00e4dte bringen eine Komplexit\u00e4t von Aufgaben und Herausforderungen mit sich. Aber sie bieten auch die gute M\u00f6glichkeit, mit anderen Institutionen bei einem der Hauptziele, der Bildung, zusammenzuarbeiten. Bildung ist einer der wichtigsten Wege f\u00fcr echte soziale Ver\u00e4nderungen.<br \/>\nEine der bildungspolitischen Herausforderungen f\u00fcr junge Menschen ist es, eine w\u00fcrdige Arbeit zu haben, die ihnen die M\u00f6glichkeit bietet, sich beruflich weiterzuentwickeln und ein angemessenes Einkommen zu erzielen.<\/p>\n<p><strong><b>K\u00f6nnten Sie eine Erfahrung teilen, die Sie besonders gepr\u00e4gt hat, sei es mit jungen Menschen oder in Ihrer Mission?<br \/>\n<\/b><\/strong>Eine der bedeutendsten Erfahrungen, die ich mit jungen Menschen geteilt habe, ist die gemeinsame Arbeit in der Pastoral mit Stra\u00dfenkindern als Erzieher; im Oratorium als Animateure; bei den Missionen im Dienst an den Gemeinschaften; in der Pfarrei als Akteure der Evangelisierung; in den Kollegien in der Salesianischen Jugendbewegung. Die Zusammenarbeit mit jungen Menschen war meine gr\u00f6\u00dfte Befriedigung.<\/p>\n<p><strong><b>Welche Rolle spielen Gebet und Gemeinschaftsleben in Ihrem Alltag?<br \/>\n<\/b><\/strong>Das Gebetsleben ist die Nahrung f\u00fcr den Ordensmann. St\u00e4ndige und qualitativ hochwertige Gebetsmomente erm\u00f6glichen es dem Salesianer, sich auf die Mission vorzubereiten. Nur so kann er den jungen Menschen eine authentische Begegnung mit Gott erm\u00f6glichen.<\/p>\n<p><strong><b>Welchen Platz nimmt Maria, Hilfe der Christen, in Ihrem Leben ein?<br \/>\n<\/b><\/strong>Ich bin in einer Familie mit der Verehrung der Jungfrau von Guadalupe aufgewachsen. In Mexiko ist es nat\u00fcrlich und wesentlich, ein \u201eGuadeloupeaner\u201c zu sein. In der Jungfrau finden wir unsere Zuflucht, Unterst\u00fctzung, Hilfe, Kraft und Hoffnung. F\u00fcr uns Mexikaner ist die Jungfrau von Guadalupe unsere zweite Mutter.<\/p>\n<p><strong><b>Haben Sie Projekte, die Ihnen besonders am Herzen liegen?<br \/>\n<\/b><\/strong>Ich tr\u00e4ume davon, in die Bundesstaaten Guerrero, Veracruz, Campeche und Tabasco zu gelangen, wo wir Salesianer noch nicht pr\u00e4sent sind. Ich glaube, wir stehen in einer sehr gro\u00dfen Schuld bei all den Menschen, die auf die salesianische Pr\u00e4senz warten.<\/p>\n<p><strong><b>Welche Botschaft m\u00f6chten Sie den jungen Menschen von heute mitgeben?<br \/>\n<\/b><\/strong>Die Jugend h\u00f6rt nie auf, die Zukunft zu sein, das hei\u00dft die Hoffnung in einer Welt, die immer komplexer wird in Bezug auf Prinzipien, Herausforderungen, Bed\u00fcrfnisse, M\u00f6glichkeiten und Realit\u00e4ten. Junge Menschen sind die Hoffnung auf etwas Neues, Bedeutendes, Besseres. Ich bin davon \u00fcberzeugt, dass in den H\u00e4nden vieler junger Menschen die Hoffnung auf Wandel und Erneuerung liegt.<\/p>\n","protected":false},"excerpt":{"rendered":"<p>Don Juan Aaron CEREZO HUERTA, 1968 in Mexiko-Stadt geboren, ist der neue Salesianerprovinzial einer der&#8230;<\/p>\n","protected":false},"author":1,"featured_media":48338,"comment_status":"closed","ping_status":"closed","sticky":false,"template":"","format":"standard","meta":{"iawp_total_views":12,"footnotes":""},"categories":[140],"tags":[2575,2578,1849,1813,2613,1957],"class_list":["post-48345","post","type-post","status-publish","format-standard","has-post-thumbnail","hentry","category-der-gast","tag-don-bosco","tag-erziehung","tag-interviews","tag-jugend","tag-redekunst","tag-salesianer"],"_links":{"self":[{"href":"https:\/\/www.donbosco.press\/de\/wp-json\/wp\/v2\/posts\/48345","targetHints":{"allow":["GET"]}}],"collection":[{"href":"https:\/\/www.donbosco.press\/de\/wp-json\/wp\/v2\/posts"}],"about":[{"href":"https:\/\/www.donbosco.press\/de\/wp-json\/wp\/v2\/types\/post"}],"author":[{"embeddable":true,"href":"https:\/\/www.donbosco.press\/de\/wp-json\/wp\/v2\/users\/1"}],"replies":[{"embeddable":true,"href":"https:\/\/www.donbosco.press\/de\/wp-json\/wp\/v2\/comments?post=48345"}],"version-history":[{"count":1,"href":"https:\/\/www.donbosco.press\/de\/wp-json\/wp\/v2\/posts\/48345\/revisions"}],"predecessor-version":[{"id":48349,"href":"https:\/\/www.donbosco.press\/de\/wp-json\/wp\/v2\/posts\/48345\/revisions\/48349"}],"wp:featuredmedia":[{"embeddable":true,"href":"https:\/\/www.donbosco.press\/de\/wp-json\/wp\/v2\/media\/48338"}],"wp:attachment":[{"href":"https:\/\/www.donbosco.press\/de\/wp-json\/wp\/v2\/media?parent=48345"}],"wp:term":[{"taxonomy":"category","embeddable":true,"href":"https:\/\/www.donbosco.press\/de\/wp-json\/wp\/v2\/categories?post=48345"},{"taxonomy":"post_tag","embeddable":true,"href":"https:\/\/www.donbosco.press\/de\/wp-json\/wp\/v2\/tags?post=48345"}],"curies":[{"name":"wp","href":"https:\/\/api.w.org\/{rel}","templated":true}]}}