{"id":27639,"date":"2024-04-23T08:02:15","date_gmt":"2024-04-23T08:02:15","guid":{"rendered":"https:\/\/exciting-knuth.178-32-140-152.plesk.page\/?p=27639"},"modified":"2024-04-23T08:02:28","modified_gmt":"2024-04-23T08:02:28","slug":"brief-von-rektor-major-kardinal-angel-fernandez-artime","status":"publish","type":"post","link":"https:\/\/www.donbosco.press\/de\/mitteilungen-des-generaloberer\/brief-von-rektor-major-kardinal-angel-fernandez-artime\/","title":{"rendered":"Brief von Rektor Major Kardinal \u00c1ngel Fern\u00e1ndez Artime"},"content":{"rendered":"\n<p><em><em>Zu H\u00e4nden der salesianischen Mitbr\u00fcder und der Mitglieder der Gruppen der Salesianischen Familie<br><br>Liebe Mitbr\u00fcder,<br>Liebe Br\u00fcder und Schwestern der verschiedenen Gruppen der Salesianischen Familie auf der ganzen Welt, m\u00f6ge mein Gru\u00df voller Zuneigung und N\u00e4he Sie alle erreichen.<\/em><\/em><br><br>Am Vorabend meiner Bischofsweihe, zu der mich der Heilige Vater Papst Franziskus ernannt hat, schreibe ich Ihnen, um Ihnen offiziell und endg\u00fcltig meine pers\u00f6nliche Situation in Bezug auf unsere Kongregation und die Salesianische Familie mitzuteilen.<br>Vor einiger Zeit hat Papst Franziskus den Wunsch ge\u00e4u\u00dfert, dass meine Bischofsweihe w\u00e4hrend der Osterzeit zusammen mit der unseres Mitbruders Monsignore Giordano Piccinotti stattfinden kann und dass ich meinen Dienst bis zum entsprechenden Zeitpunkt fortsetzen kann.<br>Nun, im Vertrauen auf den Herrn, der der einzige Garant unseres Lebens ist, teile ich Ihnen Folgendes mit:<br><br>1. Der Heilige Vater hat mir das Dokument der \u201eDispens\u201c (ein Ausdruck, der so viel bedeutet wie \u201eAusnahme von dem, was gesetzlich vorgeschrieben ist\u201c) geschickt, mit dem er mich erm\u00e4chtigt, trotz der Bischofsweihe f\u00fcr einen weiteren Zeitraum als Generaloberer zu arbeiten. Dieses Dokument mit der Genehmigung des Heiligen Vaters hat uns bereits erreicht und wird im Archiv der Kongregation aufbewahrt.<br><br>2. Im Einvernehmen mit Papst Franziskus werde ich meinen Dienst als Generaloberer am Abend des 16. August 2024 beenden, nach der Feier des 209. Jahrestages der Geburt unseres Vaters Don Bosco. Am selben Tag werden wir die \u201eSynode der Jugend\u201c abschlie\u00dfen, an der 370 junge Menschen aus aller Welt anl\u00e4sslich der Zweihundertjahrfeier des Traums im Alter von neun Jahren teilnehmen werden, der f\u00fcr Don Bosco eine Traumvision und ein Lebensprogramm war, das uns \u00fcberliefert wurde.<br><br>An diesem Abend werde ich mit einem einfachen Akt meinen R\u00fccktritt gem\u00e4\u00df Art. 128 unserer Konstitutionen unterschreiben und dieses Dokument dem Vikar des Generaloberen, Don Stefano Martoglio, \u00fcbergeben, der gem\u00e4\u00df Art. 143 die Leitung unserer Kongregation bis zur Wahl des neuen Generaloberen anl\u00e4sslich des GK29, das am 16. Februar 2025 in Valdocco (Turin) stattfinden wird, ad interim \u00fcbernehmen wird.<br><br>3. Sicherlich werde ich von nun an und besonders nach dem 16. August 2024 den Dienst \u00fcbernehmen, den der Heilige Vater mir zum Wohle der Kirche zuweist und anvertraut.<br>Ich m\u00f6chte dem Herrn zusammen mit Ihnen allen, liebe Br\u00fcder und Schwestern, daf\u00fcr danken, wie wir in den letzten zehn Jahren gesegnet wurden, sowohl als Kongregation als auch als Salesianische Familie Don Boscos. Der Herr hat uns mit seinem Geist beigestanden und die uns so liebe Mutter, Hilfe der Christen, hat uns immer an der Hand gehalten. Wir sind sicher, dass dies auch in Zukunft der Fall sein wird, denn \u201eSie hat alles getan\u201c.<br><br>In diesem Moment geht mein letzter Gedanke an Don Bosco, der sich ohne Zweifel weiterhin um seine Kongregation und seine kostbare Familie k\u00fcmmern wird.<br>Mit wahrer Zuneigung und vereint im Herrn gr\u00fc\u00dfe ich Sie.<br><br><br><em>Kardinal \u00c1ngel FERN\u00c0NDEZ ARTIME, sdb<br>Generaloberer<br>Gesellschaft des Heiligen Franz von Sales<br>Rom, 19. April 2024<br>Prot. 24\/0160<\/em><\/p>\n","protected":false},"excerpt":{"rendered":"<p>Zu H\u00e4nden der salesianischen Mitbr\u00fcder und der Mitglieder der Gruppen der Salesianischen Familie Liebe Mitbr\u00fcder,Liebe&#8230;<\/p>\n","protected":false},"author":2,"featured_media":27632,"comment_status":"closed","ping_status":"open","sticky":false,"template":"","format":"standard","meta":{"iawp_total_views":16,"footnotes":""},"categories":[142],"tags":[2632,1693,1957,2589,2607,2581],"class_list":["post-27639","post","type-post","status-publish","format-standard","has-post-thumbnail","hentry","category-mitteilungen-des-generaloberer","tag-kirche","tag-papst","tag-salesianer","tag-salesianische-familie","tag-unsere-fuehrer","tag-veranstaltungen"],"_links":{"self":[{"href":"https:\/\/www.donbosco.press\/de\/wp-json\/wp\/v2\/posts\/27639","targetHints":{"allow":["GET"]}}],"collection":[{"href":"https:\/\/www.donbosco.press\/de\/wp-json\/wp\/v2\/posts"}],"about":[{"href":"https:\/\/www.donbosco.press\/de\/wp-json\/wp\/v2\/types\/post"}],"author":[{"embeddable":true,"href":"https:\/\/www.donbosco.press\/de\/wp-json\/wp\/v2\/users\/2"}],"replies":[{"embeddable":true,"href":"https:\/\/www.donbosco.press\/de\/wp-json\/wp\/v2\/comments?post=27639"}],"version-history":[{"count":0,"href":"https:\/\/www.donbosco.press\/de\/wp-json\/wp\/v2\/posts\/27639\/revisions"}],"wp:featuredmedia":[{"embeddable":true,"href":"https:\/\/www.donbosco.press\/de\/wp-json\/wp\/v2\/media\/27632"}],"wp:attachment":[{"href":"https:\/\/www.donbosco.press\/de\/wp-json\/wp\/v2\/media?parent=27639"}],"wp:term":[{"taxonomy":"category","embeddable":true,"href":"https:\/\/www.donbosco.press\/de\/wp-json\/wp\/v2\/categories?post=27639"},{"taxonomy":"post_tag","embeddable":true,"href":"https:\/\/www.donbosco.press\/de\/wp-json\/wp\/v2\/tags?post=27639"}],"curies":[{"name":"wp","href":"https:\/\/api.w.org\/{rel}","templated":true}]}}